{"id":28522,"date":"2024-06-14T18:19:25","date_gmt":"2024-06-15T00:19:25","guid":{"rendered":"https:\/\/labestiapolitica.com.mx\/?p=28522"},"modified":"2024-06-19T13:25:12","modified_gmt":"2024-06-19T19:25:12","slug":"apuntala-la-cedht-estrategias-para-conformar-un-canal-de-comunicacion-entre-las-personas-y-las-instituciones-publicas-job","status":"publish","type":"post","link":"https:\/\/labestiapolitica.com.mx\/?p=28522","title":{"rendered":"Apuntala la #CEDHT estrategias para conformar un canal de comunicaci\u00f3n entre las personas y las instituciones p\u00fablicas: JOB"},"content":{"rendered":"<div class=\"xdj266r x11i5rnm xat24cr x1mh8g0r x1vvkbs x126k92a\"><\/div>\n<div dir=\"auto\"><span style=\"text-align: justify;\">Al entregar su Tercer informe anual de actividades al Congreso del Estado, la ombudsperson Jakqueline Ordo\u00f1ez Brasdefer, asent\u00f3 que este organismo aut\u00f3nomo est\u00e1 apuntalando su Plan Estrat\u00e9gico de Trabajo \u201cpara seguir conformando un canal entre cada persona y las instituciones p\u00fablicas\u201d, adem\u00e1s de trabajar en el fortalecimiento de la instituci\u00f3n.<\/span><\/div>\n<div class=\"x11i5rnm xat24cr x1mh8g0r x1vvkbs xtlvy1s x126k92a\">\n<div dir=\"auto\" style=\"text-align: justify;\">La presidenta de la CEDHT entreg\u00f3, este viernes, a la Comisi\u00f3n Permanente del Congreso local su tercer informe anual de actividades, correspondiente al periodo junio 2023 a mayo 2024, en cumplimiento a los art\u00edculos 24 fracci\u00f3n VIII, 58 y 59 de la Ley de la Comisi\u00f3n Estatal de Derechos Humanos, y 170 y 171 de su Reglamento Interior.<\/div>\n<div dir=\"auto\" style=\"text-align: justify;\">En el acto protocolario, que tuvo lugar en el Sal\u00f3n Verde del Palacio Legislativo, el informe fue recibido por el presidente de la Comisi\u00f3n Permanente, Jos\u00e9 Gilberto Temoltzin Mart\u00ednez, quien estuvo acompa\u00f1ado por los congresistas que integran este \u00f3rgano de gobierno de la LXIV legislatura local.<\/div>\n<div dir=\"auto\" style=\"text-align: justify;\">Jakqueline Ordo\u00f1ez Brasdefer refrend\u00f3 su compromiso para seguir entregado mejores resultados con un trabajo interinstitucional con los tres Poderes y los 3 niveles de gobierno, as\u00ed como con la participaci\u00f3n activa de colectivos, colectivas y organizaciones de la sociedad civil.<\/div>\n<div dir=\"auto\" style=\"text-align: justify;\">En su intervenci\u00f3n, Jos\u00e9 Gilberto Temoltzin mencion\u00f3 que \u201cen este \u00faltimo a\u00f1o, la Comisi\u00f3n Estatal de Derechos Humanos ha sido un baluarte en la protecci\u00f3n de los derechos de todas las personas en nuestro Estado\u201d y destac\u00f3 los avances significativos en la promoci\u00f3n de la igualdad, la justicia y la no discriminaci\u00f3n, por parte del \u00f3rgano aut\u00f3nomo.<\/div>\n<div dir=\"auto\" style=\"text-align: justify;\">Agreg\u00f3 que la participaci\u00f3n ciudadana, la transparencia y la rendici\u00f3n de cuentas, que ha permitido involucrar a la sociedad civil y a las organizaciones en la defensa de los derechos humanos, en el escrutinio y evaluaci\u00f3n de la labor publica de las autoridades, \u201cen este sentido, nos convoca a unir esfuerzos en pro de una causa justa y necesaria como lo es la protecci\u00f3n de los Derechos Humanos\u201d.<\/div>\n<div dir=\"auto\" style=\"text-align: justify;\">Esta entrega fue atestiguada por las consejeras Geovanny P\u00e9rez L\u00f3pez y Haraim S\u00e1nchez M\u00e9ndez, as\u00ed como de los consejeros Emmanuel S\u00e1nchez Reyes y Agust\u00edn Flores Pe\u00f1a, y titulares de las diferentes \u00e1reas de la CEDHT.<\/div>\n<div dir=\"auto\" style=\"text-align: justify;\">La Ombudsperson enumer\u00f3 algunas de las acciones que realiz\u00f3 la Comisi\u00f3n, en los \u00e1mbitos local, nacional e internacional, as\u00ed como la mejora en las actividades que, de manera interna, coadyuvan a que sea un \u00f3rgano aut\u00f3nomo, transparente y responsable<\/div>\n<div dir=\"auto\" style=\"text-align: justify;\">A\u00f1adi\u00f3 que el llamado sigue siendo para que \u201ca nadie se le limite, menoscabe o condicione el ejercicio de un derecho humano y seguiremos en la insistencia de que: mujeres, personas con discapacidad, Ni\u00f1as, Ni\u00f1os y Adolescentes, pueblos y comunidades ind\u00edgenas u originarias, de la diversidad sexual, personas privadas de la libertad, todas y todos, tenemos el derecho de coexistir y de hacer efectivos nuestros derechos\u201d.<\/div>\n<div dir=\"auto\" style=\"text-align: justify;\">Confi\u00f3 en que las legisladoras y los legisladores, que representan al pueblo de Tlaxcala, har\u00e1n un an\u00e1lisis objetivo de las acciones que la CEDHT realiz\u00f3 durante los \u00faltimos 12 meses.<\/div>\n<div dir=\"auto\" style=\"text-align: justify;\">Finalmente mencion\u00f3 que, para cumplir con la rendici\u00f3n de cuentas a la sociedad, el pr\u00f3ximo 21 de junio har\u00e1 el informe social p\u00fablico.<\/div>\n<\/div>\n","protected":false},"excerpt":{"rendered":"<p>Al entregar su Tercer informe anual de actividades al Congreso del Estado, la ombudsperson Jakqueline Ordo\u00f1ez Brasdefer, asent\u00f3 que este organismo aut\u00f3nomo est\u00e1 apuntalando su Plan Estrat\u00e9gico de Trabajo \u201cpara seguir conformando un canal entre cada persona y las instituciones p\u00fablicas\u201d, adem\u00e1s de trabajar en el fortalecimiento de la instituci\u00f3n. La presidenta de la CEDHT [&hellip;]<\/p>\n","protected":false},"author":3,"featured_media":28524,"comment_status":"open","ping_status":"open","sticky":false,"template":"","format":"standard","meta":{"footnotes":""},"categories":[7],"tags":[],"class_list":["post-28522","post","type-post","status-publish","format-standard","has-post-thumbnail","hentry","category-ciudadanos"],"amp_enabled":true,"_links":{"self":[{"href":"https:\/\/labestiapolitica.com.mx\/index.php?rest_route=\/wp\/v2\/posts\/28522","targetHints":{"allow":["GET"]}}],"collection":[{"href":"https:\/\/labestiapolitica.com.mx\/index.php?rest_route=\/wp\/v2\/posts"}],"about":[{"href":"https:\/\/labestiapolitica.com.mx\/index.php?rest_route=\/wp\/v2\/types\/post"}],"author":[{"embeddable":true,"href":"https:\/\/labestiapolitica.com.mx\/index.php?rest_route=\/wp\/v2\/users\/3"}],"replies":[{"embeddable":true,"href":"https:\/\/labestiapolitica.com.mx\/index.php?rest_route=%2Fwp%2Fv2%2Fcomments&post=28522"}],"version-history":[{"count":1,"href":"https:\/\/labestiapolitica.com.mx\/index.php?rest_route=\/wp\/v2\/posts\/28522\/revisions"}],"predecessor-version":[{"id":28525,"href":"https:\/\/labestiapolitica.com.mx\/index.php?rest_route=\/wp\/v2\/posts\/28522\/revisions\/28525"}],"wp:featuredmedia":[{"embeddable":true,"href":"https:\/\/labestiapolitica.com.mx\/index.php?rest_route=\/wp\/v2\/media\/28524"}],"wp:attachment":[{"href":"https:\/\/labestiapolitica.com.mx\/index.php?rest_route=%2Fwp%2Fv2%2Fmedia&parent=28522"}],"wp:term":[{"taxonomy":"category","embeddable":true,"href":"https:\/\/labestiapolitica.com.mx\/index.php?rest_route=%2Fwp%2Fv2%2Fcategories&post=28522"},{"taxonomy":"post_tag","embeddable":true,"href":"https:\/\/labestiapolitica.com.mx\/index.php?rest_route=%2Fwp%2Fv2%2Ftags&post=28522"}],"curies":[{"name":"wp","href":"https:\/\/api.w.org\/{rel}","templated":true}]}}