{"id":28523,"date":"2024-06-14T18:27:04","date_gmt":"2024-06-15T00:27:04","guid":{"rendered":"https:\/\/labestiapolitica.com.mx\/?p=28523"},"modified":"2024-06-19T13:25:01","modified_gmt":"2024-06-19T19:25:01","slug":"pablo-badillo-el-adios-al-poder-en-apizaco-el-ultimo-escalon","status":"publish","type":"post","link":"https:\/\/labestiapolitica.com.mx\/?p=28523","title":{"rendered":"Pablo Badillo: El adi\u00f3s al poder en Apizaco. El \u00faltimo escal\u00f3n."},"content":{"rendered":"<p style=\"text-align: justify;\">Fabiola M\u00c1RQUEZ\/Fue uno de sus \u00faltimos eventos como alcalde de Apizaco, pues el pasado dos de junio no logr\u00f3 la reelecci\u00f3n en las urnas, y en pr\u00f3ximas semanas tendr\u00e1 que entregar el poder al morenista Javier Rivera.<\/p>\n<p style=\"text-align: justify;\">Pero no fue cualquier acto, sino el 43 aniversario luctuoso de Emilio S\u00e1nchez Piedras, el ex gobernador que impuls\u00f3 el progreso y la transformaci\u00f3n de Tlaxcala, el cual se convirti\u00f3 en el escenario de los panistas para despedirse del \u00faltimo de sus bastiones en la entidad que gobernaron por m\u00e1s de 17 a\u00f1os.<\/p>\n<p style=\"text-align: justify;\">Ahora no estuvieron los disc\u00edpulos de Emilio S\u00e1nchez Piedras como los ex gobernadores Mariano Gonz\u00e1lez Zarur y Beatriz Paredes Rangel, ni siquiera la gobernadora morenista Lorena Cu\u00e9llar hizo acto de presencia.<\/p>\n<p style=\"text-align: justify;\">Ahora, fueron los panistas que cobijaron a uno de los suyos en su despedida, y ahi estuvo la presidenta del PAN, Miriam Mart\u00ednez S\u00e1nchez, acompa\u00f1ada del secretario general, Charlie Quiroz.<\/p>\n<p style=\"text-align: justify;\">Al pie del busto de S\u00e1nchez Piedras, en un discurso cargado de emoci\u00f3n, mientras sus colaboradores soltaban alguna l\u00e1grima y algunas mujeres ya mayores le gritaban \u00abTe amamos Pablo\u00bb, el panista reconoci\u00f3 su derrota y deseo el mejor de los \u00e9xitos al morenista que lo suceder\u00e1 en el cargo Javier Rivera Bonilla, adem\u00e1s, dijo que deja un municipio con finanzas sanas, sin deudas, con avances sociales y en infraestructura.\u00bbAprovecho este momento para desearle al alcalde electo el mayor de los \u00e9xitos. Si le va bien a \u00e9l, nos va bien a todos los apizaquenses\u00bb, detall\u00f3.<\/p>\n<p style=\"text-align: justify;\">Nost\u00e1lgico, agradeci\u00f3 a sus cr\u00edticos y adversarios pol\u00edticos por fortalecer su temple a partir de los se\u00f1alamientos, envidias y rencores, no obstante, los amenaz\u00f3 con volver a la escena pol\u00edtica para cobrar revancha y para ello, rememor\u00f3 al poeta Antonio Machado, \u00abCaminante no hay camino, se hace el camino al andar\u00bb.<\/p>\n<p style=\"text-align: justify;\">En una ceremonia cargada de simbolismo y emociones, Badillo descendi\u00f3 del \u00ab\u00faltimo escal\u00f3n\u00bb del brazo de su madre, un gesto que reflej\u00f3 la mezcla de gratitud y nostalgia por los a\u00f1os de servicio. La presencia de su mam\u00e1, a\u00f1adi\u00f3 una capa de humanidad y calidez, subrayando que, m\u00e1s all\u00e1 de la pol\u00edtica, estos momentos son tambi\u00e9n profundamente personales y familiares.<\/p>\n<p style=\"text-align: justify;\">El evento estuvo lleno de momentos conmovedores, con Badillo recibiendo aplausos de los asistentes y palabras de agradecimiento de sus colaboradores y ciudadanos.<\/p>\n<p style=\"text-align: justify;\">\u00abA punto de culminar estos tres a\u00f1os de gesti\u00f3n, me siento profundamente honrado de presentar ante ustedes los frutos de nuestro esfuerzo conjunto que se encuentran a la vista de todos. Obras y acciones que no solo dan otro rostro a nuestra ciudad, sino que tambi\u00e9n representan un avance tangible en nuestro camino hacia el progreso. Atendimos sin distingos a los ciudadanos, sin sesgos pol\u00edticos, ni filias ni fobias. Actuamos con madurez y categor\u00eda pol\u00edtica, y aqu\u00ed muchos no me dejar\u00e1n mentir. Fuimos un gobierno de puertas abiertas y eso me permite hoy entregar un municipio que goza de estabilidad y gobernabilidad, cosa que no se hab\u00eda visto en a\u00f1os\u00bb, presumi\u00f3.<\/p>\n<p style=\"text-align: justify;\">Prosigui\u00f3, \u00abA mis hijas, mil disculpas por mis ausencias. A todas y todos, como dijera Gustavo Cerati, gracias, totales. Dice un adagio oriental: Ojal\u00e1 te toquen vivir tiempos interesantes. Y vaya que me han tocado muy bien. Quiero agradecer a Dios, a la vida y a los apizaquenses, el enorme honor de ser su presidente municipal. Me entregu\u00e9 para esta encomienda en lo m\u00e1s profundo de mi ser. Me entregu\u00e9 para\u00a0 todo mi coraz\u00f3n. Todas las decisiones que tom\u00e9 fueron buscando el bien com\u00fan de todas las personas. Cada determinaci\u00f3n fue buscando el respeto a la dignidad de la persona humana, que son los pilares y valores humanistas que profeso y que me ense\u00f1\u00f3 Acci\u00f3n Nacional\u00bb.<\/p>\n<p style=\"text-align: justify;\"><strong>\u00bfQu\u00e9 le dir\u00edas a las Apizaquenses?<\/strong><\/p>\n<p style=\"text-align: justify;\">-Gracias, gracias totales, gracias totales. Estoy muy agradecido con ellos, lo dije hace rato a mis adversarios, gracias tambi\u00e9n, porque gracias a ellos me dieron temple. Me dieron lecciones de aprendizaje, me dieron experiencia. No me voy con ning\u00fan rencor, sino al contrario, lleno de felicidad y agradecimiento.<\/p>\n<p style=\"text-align: justify;\">\n","protected":false},"excerpt":{"rendered":"<p>Fabiola M\u00c1RQUEZ\/Fue uno de sus \u00faltimos eventos como alcalde de Apizaco, pues el pasado dos de junio no logr\u00f3 la reelecci\u00f3n en las urnas, y en pr\u00f3ximas semanas tendr\u00e1 que entregar el poder al morenista Javier Rivera. Pero no fue cualquier acto, sino el 43 aniversario luctuoso de Emilio S\u00e1nchez Piedras, el ex gobernador que [&hellip;]<\/p>\n","protected":false},"author":3,"featured_media":28527,"comment_status":"open","ping_status":"open","sticky":false,"template":"","format":"standard","meta":{"footnotes":""},"categories":[7],"tags":[],"class_list":["post-28523","post","type-post","status-publish","format-standard","has-post-thumbnail","hentry","category-ciudadanos"],"amp_enabled":true,"_links":{"self":[{"href":"https:\/\/labestiapolitica.com.mx\/index.php?rest_route=\/wp\/v2\/posts\/28523","targetHints":{"allow":["GET"]}}],"collection":[{"href":"https:\/\/labestiapolitica.com.mx\/index.php?rest_route=\/wp\/v2\/posts"}],"about":[{"href":"https:\/\/labestiapolitica.com.mx\/index.php?rest_route=\/wp\/v2\/types\/post"}],"author":[{"embeddable":true,"href":"https:\/\/labestiapolitica.com.mx\/index.php?rest_route=\/wp\/v2\/users\/3"}],"replies":[{"embeddable":true,"href":"https:\/\/labestiapolitica.com.mx\/index.php?rest_route=%2Fwp%2Fv2%2Fcomments&post=28523"}],"version-history":[{"count":2,"href":"https:\/\/labestiapolitica.com.mx\/index.php?rest_route=\/wp\/v2\/posts\/28523\/revisions"}],"predecessor-version":[{"id":28730,"href":"https:\/\/labestiapolitica.com.mx\/index.php?rest_route=\/wp\/v2\/posts\/28523\/revisions\/28730"}],"wp:featuredmedia":[{"embeddable":true,"href":"https:\/\/labestiapolitica.com.mx\/index.php?rest_route=\/wp\/v2\/media\/28527"}],"wp:attachment":[{"href":"https:\/\/labestiapolitica.com.mx\/index.php?rest_route=%2Fwp%2Fv2%2Fmedia&parent=28523"}],"wp:term":[{"taxonomy":"category","embeddable":true,"href":"https:\/\/labestiapolitica.com.mx\/index.php?rest_route=%2Fwp%2Fv2%2Fcategories&post=28523"},{"taxonomy":"post_tag","embeddable":true,"href":"https:\/\/labestiapolitica.com.mx\/index.php?rest_route=%2Fwp%2Fv2%2Ftags&post=28523"}],"curies":[{"name":"wp","href":"https:\/\/api.w.org\/{rel}","templated":true}]}}