{"id":28538,"date":"2024-06-14T22:53:29","date_gmt":"2024-06-15T04:53:29","guid":{"rendered":"https:\/\/labestiapolitica.com.mx\/?p=28538"},"modified":"2024-06-14T22:53:29","modified_gmt":"2024-06-15T04:53:29","slug":"otorga-gobierno-estatal-facilidades-para-regularizar-motocicletas","status":"publish","type":"post","link":"https:\/\/labestiapolitica.com.mx\/?p=28538","title":{"rendered":"Otorga Gobierno Estatal facilidades para regularizar motocicletas."},"content":{"rendered":"<ul>\n<li style=\"text-align: justify;\">Se otorgar\u00e1n facilidades administrativas para que las personas propietarias puedan realizar su alta en el Padr\u00f3n Estatal Vehicular<\/li>\n<\/ul>\n<p style=\"text-align: justify;\">El gobierno del estado, a trav\u00e9s de la Secretar\u00eda de Movilidad y Transporte (SMyT), otorga facilidades a las personas propietarias de motocicletas para que las inscriban en el Padr\u00f3n Estatal Vehicular y puedan transitar legalmente a trav\u00e9s del otorgamiento de placa y tarjeta de circulaci\u00f3n.<\/p>\n<p style=\"text-align: justify;\">Las disposiciones establecen que se except\u00faa el pago de refrendo por a\u00f1os atrasados, as\u00ed como de las multas por a\u00f1o omitido en el pago de refrendo; alta y canje extempor\u00e1neo y recargos, a las personas propietarias de motocicletas que regularicen sus unidades en el Padr\u00f3n Estatal Vehicular.<\/p>\n<p style=\"text-align: justify;\">Lo anterior, en virtud de la detecci\u00f3n de motocicletas sin placa circulando en el Estado de Tlaxcala, por lo que es necesario otorgar facilidades administrativas para que las personas propietarias puedan realizar su alta en el Padr\u00f3n, as\u00ed como su debida identificaci\u00f3n, a trav\u00e9s del otorgamiento de placa y tarjeta de circulaci\u00f3n.<\/p>\n<p style=\"text-align: justify;\">Dicha disposici\u00f3n, contenida en el Acuerdo que establece la Primera Resoluci\u00f3n de Modificaciones a la Resoluci\u00f3n Miscel\u00e1nea Fiscal Estatal para el ejercicio fiscal 2024, entr\u00f3 en vigor el pasado 03 de junio, y estar\u00e1 vigente hasta el 31 de diciembre de 2024.<\/p>\n<p style=\"text-align: justify;\">Los interesados en aprovechar este beneficio fiscal podr\u00e1n acudir a oficinas centrales o cualquiera de las ocho delegaciones de la SMyT ubicadas en los municipios de Tlaxcala, Santa Ana Chiautempan, Apizaco, Huamantla, Zacatelco, San Pablo del Monte, Tlaxco y Calpulalpan, en un horario de atenci\u00f3n de 8:30 a 13:30 horas.<\/p>\n<p style=\"text-align: justify;\">Para inscribir sus unidades al Padr\u00f3n Estatal Vehicular, deber\u00e1n presentar factura, CURP, identificaci\u00f3n oficial vigente como credencial de elector, pasaporte, cartilla militar o c\u00e9dula profesional con fotograf\u00eda, as\u00ed como comprobante de domicilio, ya sea recibo de tel\u00e9fono, luz o internet. En caso de ser unidad extranjera, deber\u00e1n acudir a la Direcci\u00f3n de Ingresos de la Secretar\u00eda de Finanzas para la expedici\u00f3n de la c\u00e9dula de autorizaci\u00f3n de emplacamiento, previa revisi\u00f3n f\u00edsica de la unidad.<\/p>\n<p style=\"text-align: justify;\">Para el caso de requerir cambio de propietario o canje de placas, deber\u00e1n presentar adem\u00e1s \u00faltimo recibo de pago de refrendo, placa, tarjeta de circulaci\u00f3n, contrato de compra-venta e identificaci\u00f3n del vendedor.<\/p>\n<p style=\"text-align: justify;\">Cabe mencionar que el Reglamento de la Ley de Comunicaciones y Transportes se\u00f1ala, entre las obligaciones de las tetramotos, motonetas y motocicletas, el que s\u00f3lo podr\u00e1n viajar adem\u00e1s del conductor, el n\u00famero de personas con asiento disponible, circular por la extrema derecha de la v\u00eda, transitar en el sentido de la circulaci\u00f3n, utilizar un solo carril, circular con aditamentos reflejantes y con las luces encendidas cuando no haya suficiente visibilidad, usar casco protector, asegur\u00e1ndose de que sus pasajeros tambi\u00e9n los utilicen; entre otras.<\/p>\n<p style=\"text-align: justify;\">De acuerdo con las facultades de la SMyT, se efectuar\u00e1n los operativos necesarios para que, cuando as\u00ed proceda, se remita al corral\u00f3n a las motocicletas que no cumplan con lo establecido en el Reglamento de la Ley de comunicaciones y Transporte en el Estado de Tlaxcala en materia de Transporte P\u00fablico y Privado.<\/p>\n","protected":false},"excerpt":{"rendered":"<p>Se otorgar\u00e1n facilidades administrativas para que las personas propietarias puedan realizar su alta en el Padr\u00f3n Estatal Vehicular El gobierno del estado, a trav\u00e9s de la Secretar\u00eda de Movilidad y Transporte (SMyT), otorga facilidades a las personas propietarias de motocicletas para que las inscriban en el Padr\u00f3n Estatal Vehicular y puedan transitar legalmente a trav\u00e9s [&hellip;]<\/p>\n","protected":false},"author":3,"featured_media":28539,"comment_status":"open","ping_status":"open","sticky":false,"template":"","format":"standard","meta":{"footnotes":""},"categories":[7],"tags":[],"class_list":["post-28538","post","type-post","status-publish","format-standard","has-post-thumbnail","hentry","category-ciudadanos"],"amp_enabled":true,"_links":{"self":[{"href":"https:\/\/labestiapolitica.com.mx\/index.php?rest_route=\/wp\/v2\/posts\/28538","targetHints":{"allow":["GET"]}}],"collection":[{"href":"https:\/\/labestiapolitica.com.mx\/index.php?rest_route=\/wp\/v2\/posts"}],"about":[{"href":"https:\/\/labestiapolitica.com.mx\/index.php?rest_route=\/wp\/v2\/types\/post"}],"author":[{"embeddable":true,"href":"https:\/\/labestiapolitica.com.mx\/index.php?rest_route=\/wp\/v2\/users\/3"}],"replies":[{"embeddable":true,"href":"https:\/\/labestiapolitica.com.mx\/index.php?rest_route=%2Fwp%2Fv2%2Fcomments&post=28538"}],"version-history":[{"count":1,"href":"https:\/\/labestiapolitica.com.mx\/index.php?rest_route=\/wp\/v2\/posts\/28538\/revisions"}],"predecessor-version":[{"id":28540,"href":"https:\/\/labestiapolitica.com.mx\/index.php?rest_route=\/wp\/v2\/posts\/28538\/revisions\/28540"}],"wp:featuredmedia":[{"embeddable":true,"href":"https:\/\/labestiapolitica.com.mx\/index.php?rest_route=\/wp\/v2\/media\/28539"}],"wp:attachment":[{"href":"https:\/\/labestiapolitica.com.mx\/index.php?rest_route=%2Fwp%2Fv2%2Fmedia&parent=28538"}],"wp:term":[{"taxonomy":"category","embeddable":true,"href":"https:\/\/labestiapolitica.com.mx\/index.php?rest_route=%2Fwp%2Fv2%2Fcategories&post=28538"},{"taxonomy":"post_tag","embeddable":true,"href":"https:\/\/labestiapolitica.com.mx\/index.php?rest_route=%2Fwp%2Fv2%2Ftags&post=28538"}],"curies":[{"name":"wp","href":"https:\/\/api.w.org\/{rel}","templated":true}]}}