{"id":28640,"date":"2024-06-18T09:59:10","date_gmt":"2024-06-18T15:59:10","guid":{"rendered":"https:\/\/labestiapolitica.com.mx\/?p=28640"},"modified":"2024-06-18T09:59:10","modified_gmt":"2024-06-18T15:59:10","slug":"el-ayuntamiento-de-apetatitlan-reactiva-faenas-comunitarias-para-mejorar-el-municipio","status":"publish","type":"post","link":"https:\/\/labestiapolitica.com.mx\/?p=28640","title":{"rendered":"El Ayuntamiento de Apetatitl\u00e1n reactiva faenas comunitarias para mejorar el municipio."},"content":{"rendered":"<p style=\"text-align: justify;\">El Ayuntamiento de Apetatitl\u00e1n de Antonio Carvajal, que encabeza el edil \u00c1ngelo Guti\u00e9rrez Hern\u00e1ndez, reafirma su compromiso con el desarrollo y bienestar de nuestro municipio, por lo que, con apoyo de trabajadores de las diversas \u00e1reas de la administraci\u00f3n municipal, reactiv\u00f3 las acciones de faenas comunitarias.<\/p>\n<p style=\"text-align: justify;\">Este lunes, desde temprana hora en la cabecera municipal, el edil encabez\u00f3 las labores que consistieron en barrido y limpieza de principales calles de la cabecera municipal; limpieza, poda de pasto y eliminaci\u00f3n de maleza de las jardineras, as\u00ed como limpieza de las v\u00edas de comunicaci\u00f3n.<\/p>\n<p style=\"text-align: justify;\">\u201cNuestro compromiso sigue siendo el mismo, generar siempre acciones que beneficien a nuestra gente y esta labor es para que dejemos en mejores condiciones a nuestro municipio a las nuevas autoridades. Vamos a recorrer todas las comunidades, nuestro objetivo principal es que al terminar la administraci\u00f3n dejemos todo el municipio limpio y en \u00f3ptimas condiciones. Adem\u00e1s, estas faenas comunitarias nos permiten estar en contacto con nuestra gente para escuchar sus necesidades y seguir trabajando hasta el \u00faltimo d\u00eda por amor a Apetatitl\u00e1n\u201d, dijo el edil.<\/p>\n<p style=\"text-align: justify;\">Abund\u00f3 que en los pr\u00f3ximos d\u00edas se ir\u00e1n realizando estas mismas labores en otras demarcaciones, porque el prop\u00f3sito es recorrer todas las colonias y comunidades del municipio, para \u201centregarlo en mejores condiciones y sobre todo, funcionando. Ese fue nuestro objetivo y lo vamos a cumplir, porque vamos a trabajar hasta el \u00faltimo d\u00eda de nuestra administraci\u00f3n dando m\u00e1s y mejores resultados. Continuaremos trabajando para construir un Apetatitl\u00e1n m\u00e1s limpio, ordenado y pr\u00f3spero para todos.<\/p>\n","protected":false},"excerpt":{"rendered":"<p>El Ayuntamiento de Apetatitl\u00e1n de Antonio Carvajal, que encabeza el edil \u00c1ngelo Guti\u00e9rrez Hern\u00e1ndez, reafirma su compromiso con el desarrollo y bienestar de nuestro municipio, por lo que, con apoyo de trabajadores de las diversas \u00e1reas de la administraci\u00f3n municipal, reactiv\u00f3 las acciones de faenas comunitarias. Este lunes, desde temprana hora en la cabecera municipal, [&hellip;]<\/p>\n","protected":false},"author":3,"featured_media":28641,"comment_status":"open","ping_status":"open","sticky":false,"template":"","format":"standard","meta":{"footnotes":""},"categories":[7],"tags":[],"class_list":["post-28640","post","type-post","status-publish","format-standard","has-post-thumbnail","hentry","category-ciudadanos"],"amp_enabled":true,"_links":{"self":[{"href":"https:\/\/labestiapolitica.com.mx\/index.php?rest_route=\/wp\/v2\/posts\/28640","targetHints":{"allow":["GET"]}}],"collection":[{"href":"https:\/\/labestiapolitica.com.mx\/index.php?rest_route=\/wp\/v2\/posts"}],"about":[{"href":"https:\/\/labestiapolitica.com.mx\/index.php?rest_route=\/wp\/v2\/types\/post"}],"author":[{"embeddable":true,"href":"https:\/\/labestiapolitica.com.mx\/index.php?rest_route=\/wp\/v2\/users\/3"}],"replies":[{"embeddable":true,"href":"https:\/\/labestiapolitica.com.mx\/index.php?rest_route=%2Fwp%2Fv2%2Fcomments&post=28640"}],"version-history":[{"count":1,"href":"https:\/\/labestiapolitica.com.mx\/index.php?rest_route=\/wp\/v2\/posts\/28640\/revisions"}],"predecessor-version":[{"id":28642,"href":"https:\/\/labestiapolitica.com.mx\/index.php?rest_route=\/wp\/v2\/posts\/28640\/revisions\/28642"}],"wp:featuredmedia":[{"embeddable":true,"href":"https:\/\/labestiapolitica.com.mx\/index.php?rest_route=\/wp\/v2\/media\/28641"}],"wp:attachment":[{"href":"https:\/\/labestiapolitica.com.mx\/index.php?rest_route=%2Fwp%2Fv2%2Fmedia&parent=28640"}],"wp:term":[{"taxonomy":"category","embeddable":true,"href":"https:\/\/labestiapolitica.com.mx\/index.php?rest_route=%2Fwp%2Fv2%2Fcategories&post=28640"},{"taxonomy":"post_tag","embeddable":true,"href":"https:\/\/labestiapolitica.com.mx\/index.php?rest_route=%2Fwp%2Fv2%2Ftags&post=28640"}],"curies":[{"name":"wp","href":"https:\/\/api.w.org\/{rel}","templated":true}]}}