{"id":28646,"date":"2024-06-18T10:38:49","date_gmt":"2024-06-18T16:38:49","guid":{"rendered":"https:\/\/labestiapolitica.com.mx\/?p=28646"},"modified":"2024-06-18T10:38:49","modified_gmt":"2024-06-18T16:38:49","slug":"cumplira-actual-legislatura-con-el-proceso-de-designacion-de-magistraturas-del-tja","status":"publish","type":"post","link":"https:\/\/labestiapolitica.com.mx\/?p=28646","title":{"rendered":"Cumplir\u00e1 actual Legislatura con el proceso de designaci\u00f3n de magistraturas del TJA."},"content":{"rendered":"<ul>\n<li style=\"text-align: justify;\">A\u00fan no existe fecha para la emisi\u00f3n de la convocatoria y para definir los nombres del jurado<\/li>\n<\/ul>\n<p style=\"text-align: justify;\">El Poder Legislativo cumplir\u00e1 en tiempo y forma con todo el proceso de designaci\u00f3n de las dos personas que ocupar\u00e1n magistraturas en el Tribunal de Justicia Administrativa del Estado, asegur\u00f3 el presidente de la Junta de Coordinaci\u00f3n y Concertaci\u00f3n Pol\u00edtica del Congreso local, Jorge Caballero Rom\u00e1n.<br \/>\n\u201cYa estamos trabajando en el proceso y yo conf\u00edo que lo sacaremos en tiempo, no tenemos una fecha definitiva para emitir la convocatoria o para tomar una determinaci\u00f3n, sin embargo, el tema se sacar\u00e1 antes de que nosotros nos vayamos\u201d, afirm\u00f3 el legislador del Partido Movimiento de Regeneraci\u00f3n Nacional (Morena).<br \/>\nCabe recordar que el pleno del Congreso local determin\u00f3 no ratificar a Mar\u00eda Isabel P\u00e9rez Gonz\u00e1lez y Marcos Tecuapacho Dom\u00ednguez en sus magistraturas dentro del TJA, por lo cual, los diputados deben realizar un proceso p\u00fablico de oposici\u00f3n para que dos mujeres profesionales del derecho sean elegidas en los cargos.<br \/>\nY es que el Tribunal debe estar integrado por tres personas magistradas, que ser\u00e1n electas por el voto de las dos terceras partes del total de los integrantes de la Legislatura local. Quien pretenda ocupar el cargo deber\u00e1 contar con experiencia en materia de derecho administrativo y fiscal de al menos cinco a\u00f1os previos a la designaci\u00f3n, y su designaci\u00f3n ser\u00e1 para un periodo de seis a\u00f1os.<br \/>\nPrevio a su designaci\u00f3n, los magistrados deber\u00e1n aprobar los ex\u00e1menes p\u00fablicos de oposici\u00f3n. El pleno del Congreso local deber\u00e1 nombrar a un jurado calificador, preferentemente integrado por acad\u00e9micos e investigadores ajenos al Estado.<br \/>\nPara la realizaci\u00f3n de los ex\u00e1menes, la convocatoria deber\u00e1 ser expedida con un mes de anticipaci\u00f3n, y deber\u00e1 estar dirigida a todos los abogados de la entidad debidamente publicitada en tres peri\u00f3dicos de mayor circulaci\u00f3n, conteniendo el nombre de los sinodales.<br \/>\nCaballero Rom\u00e1n reconoci\u00f3 que hasta el momento no existe ninguna definici\u00f3n respecto a la integraci\u00f3n del jurado. \u201cEs un tema que vamos analizar al interior de la Junta de Coordinaci\u00f3n y Concertaci\u00f3n Pol\u00edtica, pero cumpliremos en tiempo y forma antes de irnos\u201d, asegur\u00f3.<\/p>\n<p>&nbsp;<\/p>\n<p><img loading=\"lazy\" decoding=\"async\" class=\"alignnone wp-image-28405 size-full\" src=\"https:\/\/labestiapolitica.com.mx\/wp-content\/uploads\/2024\/06\/U-NOVA-y-se-diferente.png\" alt=\"\" width=\"1000\" height=\"600\" srcset=\"https:\/\/labestiapolitica.com.mx\/wp-content\/uploads\/2024\/06\/U-NOVA-y-se-diferente.png 1000w, https:\/\/labestiapolitica.com.mx\/wp-content\/uploads\/2024\/06\/U-NOVA-y-se-diferente-300x180.png 300w, https:\/\/labestiapolitica.com.mx\/wp-content\/uploads\/2024\/06\/U-NOVA-y-se-diferente-768x461.png 768w\" sizes=\"auto, (max-width: 1000px) 100vw, 1000px\" \/><\/p>\n","protected":false},"excerpt":{"rendered":"<p>A\u00fan no existe fecha para la emisi\u00f3n de la convocatoria y para definir los nombres del jurado El Poder Legislativo cumplir\u00e1 en tiempo y forma con todo el proceso de designaci\u00f3n de las dos personas que ocupar\u00e1n magistraturas en el Tribunal de Justicia Administrativa del Estado, asegur\u00f3 el presidente de la Junta de Coordinaci\u00f3n y [&hellip;]<\/p>\n","protected":false},"author":3,"featured_media":28651,"comment_status":"open","ping_status":"open","sticky":false,"template":"","format":"standard","meta":{"footnotes":""},"categories":[7],"tags":[],"class_list":["post-28646","post","type-post","status-publish","format-standard","has-post-thumbnail","hentry","category-ciudadanos"],"amp_enabled":true,"_links":{"self":[{"href":"https:\/\/labestiapolitica.com.mx\/index.php?rest_route=\/wp\/v2\/posts\/28646","targetHints":{"allow":["GET"]}}],"collection":[{"href":"https:\/\/labestiapolitica.com.mx\/index.php?rest_route=\/wp\/v2\/posts"}],"about":[{"href":"https:\/\/labestiapolitica.com.mx\/index.php?rest_route=\/wp\/v2\/types\/post"}],"author":[{"embeddable":true,"href":"https:\/\/labestiapolitica.com.mx\/index.php?rest_route=\/wp\/v2\/users\/3"}],"replies":[{"embeddable":true,"href":"https:\/\/labestiapolitica.com.mx\/index.php?rest_route=%2Fwp%2Fv2%2Fcomments&post=28646"}],"version-history":[{"count":1,"href":"https:\/\/labestiapolitica.com.mx\/index.php?rest_route=\/wp\/v2\/posts\/28646\/revisions"}],"predecessor-version":[{"id":28652,"href":"https:\/\/labestiapolitica.com.mx\/index.php?rest_route=\/wp\/v2\/posts\/28646\/revisions\/28652"}],"wp:featuredmedia":[{"embeddable":true,"href":"https:\/\/labestiapolitica.com.mx\/index.php?rest_route=\/wp\/v2\/media\/28651"}],"wp:attachment":[{"href":"https:\/\/labestiapolitica.com.mx\/index.php?rest_route=%2Fwp%2Fv2%2Fmedia&parent=28646"}],"wp:term":[{"taxonomy":"category","embeddable":true,"href":"https:\/\/labestiapolitica.com.mx\/index.php?rest_route=%2Fwp%2Fv2%2Fcategories&post=28646"},{"taxonomy":"post_tag","embeddable":true,"href":"https:\/\/labestiapolitica.com.mx\/index.php?rest_route=%2Fwp%2Fv2%2Ftags&post=28646"}],"curies":[{"name":"wp","href":"https:\/\/api.w.org\/{rel}","templated":true}]}}