{"id":28701,"date":"2024-06-18T15:37:47","date_gmt":"2024-06-18T21:37:47","guid":{"rendered":"https:\/\/labestiapolitica.com.mx\/?p=28701"},"modified":"2024-06-18T15:37:47","modified_gmt":"2024-06-18T21:37:47","slug":"el-ayuntamiento-de-chiautempan-realizara-la-platica-violencia-de-genero-2","status":"publish","type":"post","link":"https:\/\/labestiapolitica.com.mx\/?p=28701","title":{"rendered":"El Ayuntamiento de Chiautempan realizar\u00e1 la pl\u00e1tica violencia de g\u00e9nero."},"content":{"rendered":"<p style=\"text-align: justify;\">El Ayuntamiento de Chiautempan a trav\u00e9s del Instituto Municipal de la Mujer (IMM) en coordinaci\u00f3n con la Unidad M\u00f3vil del Programa de Apoyo a Instancias de Mujeres de las Entidades Federativas (Paimef) y la academia de belleza Elegance, invitan a la pl\u00e1tica \u201cViolencia de G\u00e9nero\u201d.<\/p>\n<p style=\"text-align: justify;\">De acuerdo con el IMM, el objetivo de la pl\u00e1tica es buscar una sociedad igualitaria a trav\u00e9s de acciones y la prevenci\u00f3n, a fin de disminuir la violencia contra las mujeres en el municipio.<\/p>\n<p style=\"text-align: justify;\">Est\u00e1 pl\u00e1tica se realizar\u00e1 el pr\u00f3ximo 26 de junio a las 10:00 horas, donde se abordar\u00e1n los temas: \u00bfQu\u00e9 es la violencia?, as\u00ed como tipos, modalidades y ciclos de la violencia.<\/p>\n<p style=\"text-align: justify;\">Las interesadas deber\u00e1n acudir a las instalaciones del Instituto de la Mujer, ubicadas en calle Manuel Salda\u00f1a Sur, n\u00famero 60, R\u00edos de los Negros, colonia Tepetlapa.<\/p>\n<p style=\"text-align: justify;\">Cabe mencionar que, tambi\u00e9n habr\u00e1 sesiones de belleza gratuitas, las cuales consisten en corte de cabello, manicure y faciales.<\/p>\n","protected":false},"excerpt":{"rendered":"<p>El Ayuntamiento de Chiautempan a trav\u00e9s del Instituto Municipal de la Mujer (IMM) en coordinaci\u00f3n con la Unidad M\u00f3vil del Programa de Apoyo a Instancias de Mujeres de las Entidades Federativas (Paimef) y la academia de belleza Elegance, invitan a la pl\u00e1tica \u201cViolencia de G\u00e9nero\u201d. De acuerdo con el IMM, el objetivo de la pl\u00e1tica [&hellip;]<\/p>\n","protected":false},"author":3,"featured_media":28702,"comment_status":"open","ping_status":"open","sticky":false,"template":"","format":"standard","meta":{"footnotes":""},"categories":[7],"tags":[],"class_list":["post-28701","post","type-post","status-publish","format-standard","has-post-thumbnail","hentry","category-ciudadanos"],"amp_enabled":true,"_links":{"self":[{"href":"https:\/\/labestiapolitica.com.mx\/index.php?rest_route=\/wp\/v2\/posts\/28701","targetHints":{"allow":["GET"]}}],"collection":[{"href":"https:\/\/labestiapolitica.com.mx\/index.php?rest_route=\/wp\/v2\/posts"}],"about":[{"href":"https:\/\/labestiapolitica.com.mx\/index.php?rest_route=\/wp\/v2\/types\/post"}],"author":[{"embeddable":true,"href":"https:\/\/labestiapolitica.com.mx\/index.php?rest_route=\/wp\/v2\/users\/3"}],"replies":[{"embeddable":true,"href":"https:\/\/labestiapolitica.com.mx\/index.php?rest_route=%2Fwp%2Fv2%2Fcomments&post=28701"}],"version-history":[{"count":1,"href":"https:\/\/labestiapolitica.com.mx\/index.php?rest_route=\/wp\/v2\/posts\/28701\/revisions"}],"predecessor-version":[{"id":28703,"href":"https:\/\/labestiapolitica.com.mx\/index.php?rest_route=\/wp\/v2\/posts\/28701\/revisions\/28703"}],"wp:featuredmedia":[{"embeddable":true,"href":"https:\/\/labestiapolitica.com.mx\/index.php?rest_route=\/wp\/v2\/media\/28702"}],"wp:attachment":[{"href":"https:\/\/labestiapolitica.com.mx\/index.php?rest_route=%2Fwp%2Fv2%2Fmedia&parent=28701"}],"wp:term":[{"taxonomy":"category","embeddable":true,"href":"https:\/\/labestiapolitica.com.mx\/index.php?rest_route=%2Fwp%2Fv2%2Fcategories&post=28701"},{"taxonomy":"post_tag","embeddable":true,"href":"https:\/\/labestiapolitica.com.mx\/index.php?rest_route=%2Fwp%2Fv2%2Ftags&post=28701"}],"curies":[{"name":"wp","href":"https:\/\/api.w.org\/{rel}","templated":true}]}}