{"id":28704,"date":"2024-06-18T15:46:21","date_gmt":"2024-06-18T21:46:21","guid":{"rendered":"https:\/\/labestiapolitica.com.mx\/?p=28704"},"modified":"2024-06-18T15:46:21","modified_gmt":"2024-06-18T21:46:21","slug":"concientiza-policia-de-chiautempan-sobre-comunicacion-a-temprana-edad-en-preescolar-del-municipio","status":"publish","type":"post","link":"https:\/\/labestiapolitica.com.mx\/?p=28704","title":{"rendered":"Concientiza Polic\u00eda de Chiautempan sobre comunicaci\u00f3n a temprana edad en preescolar del municipio."},"content":{"rendered":"<p style=\"text-align: justify;\">La Coordinaci\u00f3n de Proximidad Social y Prevenci\u00f3n del Delito de la Polic\u00eda de Chiautempan, retom\u00f3 sus actividades con miras a fortalecer la cultura de paz y sana convivencia a trav\u00e9s de pl\u00e1ticas y otras acciones implementadas en planteles educativos.<\/p>\n<p style=\"text-align: justify;\">Tras culminar la veda electoral, la Coordinaci\u00f3n de Proximidad Social y Prevenci\u00f3n del Delito acudi\u00f3 al Jard\u00edn de Ni\u00f1os \u00abJosefa Castelar\u00bb en la comunidad de Cuahuixmatlac, donde se imparti\u00f3 la pl\u00e1tica \u00abLa Importancia de la Comunicaci\u00f3n a temprana edad entre padres e hijos\u00bb.<\/p>\n<p style=\"text-align: justify;\">Esta charla beneficio a 72 paterfamilias de la instituci\u00f3n educativa con el objetivo de concientizar sobre la importancia de mantener estrecha comunicaci\u00f3n y confianza entre padres e hijos.<\/p>\n<p style=\"text-align: justify;\">Al respecto, el titular de la Coordinaci\u00f3n de Proximidad Social y Prevenci\u00f3n del Delito, Edgar Hern\u00e1ndez P\u00e9rez, se\u00f1al\u00f3 que la dependencia municipal que encabeza, seguir\u00e1 con acciones que den por fruto fortalecimiento sobre la cultura de paz, prevenci\u00f3n de la violencia, educaci\u00f3n vial, entre otras.<\/p>\n","protected":false},"excerpt":{"rendered":"<p>La Coordinaci\u00f3n de Proximidad Social y Prevenci\u00f3n del Delito de la Polic\u00eda de Chiautempan, retom\u00f3 sus actividades con miras a fortalecer la cultura de paz y sana convivencia a trav\u00e9s de pl\u00e1ticas y otras acciones implementadas en planteles educativos. Tras culminar la veda electoral, la Coordinaci\u00f3n de Proximidad Social y Prevenci\u00f3n del Delito acudi\u00f3 al [&hellip;]<\/p>\n","protected":false},"author":3,"featured_media":28705,"comment_status":"open","ping_status":"open","sticky":false,"template":"","format":"standard","meta":{"footnotes":""},"categories":[7],"tags":[],"class_list":["post-28704","post","type-post","status-publish","format-standard","has-post-thumbnail","hentry","category-ciudadanos"],"amp_enabled":true,"_links":{"self":[{"href":"https:\/\/labestiapolitica.com.mx\/index.php?rest_route=\/wp\/v2\/posts\/28704","targetHints":{"allow":["GET"]}}],"collection":[{"href":"https:\/\/labestiapolitica.com.mx\/index.php?rest_route=\/wp\/v2\/posts"}],"about":[{"href":"https:\/\/labestiapolitica.com.mx\/index.php?rest_route=\/wp\/v2\/types\/post"}],"author":[{"embeddable":true,"href":"https:\/\/labestiapolitica.com.mx\/index.php?rest_route=\/wp\/v2\/users\/3"}],"replies":[{"embeddable":true,"href":"https:\/\/labestiapolitica.com.mx\/index.php?rest_route=%2Fwp%2Fv2%2Fcomments&post=28704"}],"version-history":[{"count":1,"href":"https:\/\/labestiapolitica.com.mx\/index.php?rest_route=\/wp\/v2\/posts\/28704\/revisions"}],"predecessor-version":[{"id":28706,"href":"https:\/\/labestiapolitica.com.mx\/index.php?rest_route=\/wp\/v2\/posts\/28704\/revisions\/28706"}],"wp:featuredmedia":[{"embeddable":true,"href":"https:\/\/labestiapolitica.com.mx\/index.php?rest_route=\/wp\/v2\/media\/28705"}],"wp:attachment":[{"href":"https:\/\/labestiapolitica.com.mx\/index.php?rest_route=%2Fwp%2Fv2%2Fmedia&parent=28704"}],"wp:term":[{"taxonomy":"category","embeddable":true,"href":"https:\/\/labestiapolitica.com.mx\/index.php?rest_route=%2Fwp%2Fv2%2Fcategories&post=28704"},{"taxonomy":"post_tag","embeddable":true,"href":"https:\/\/labestiapolitica.com.mx\/index.php?rest_route=%2Fwp%2Fv2%2Ftags&post=28704"}],"curies":[{"name":"wp","href":"https:\/\/api.w.org\/{rel}","templated":true}]}}