{"id":28707,"date":"2024-06-18T15:50:14","date_gmt":"2024-06-18T21:50:14","guid":{"rendered":"https:\/\/labestiapolitica.com.mx\/?p=28707"},"modified":"2024-06-18T15:50:14","modified_gmt":"2024-06-18T21:50:14","slug":"dan-a-conocer-deportistas-que-participaran-en-el-norceca-de-voleibol-de-playa","status":"publish","type":"post","link":"https:\/\/labestiapolitica.com.mx\/?p=28707","title":{"rendered":"Dan a conocer deportistas que participar\u00e1n en el Norceca de Voleibol de playa."},"content":{"rendered":"<ul>\n<li style=\"text-align: justify;\">Se trata de 24 duplas, 12 varoniles y 12 femeniles, provenientes del norte y centro del continente americano, que se enfrentar\u00e1n por los dos \u00faltimos pases a los Juegos Ol\u00edmpicos de Par\u00eds 2024<\/li>\n<\/ul>\n<p style=\"text-align: justify;\">Tlaxcala est\u00e1 preparado para recibir a las 24 duplas, 12 varoniles y 12 femeniles, provenientes del norte y centro del continente americano, quienes se enfrentar\u00e1n en la arena del Torneo Preol\u00edmpico Clasificatorio Norceca, para ir a los Juegos Ol\u00edmpicos de Par\u00eds 2024.<\/p>\n<p style=\"text-align: justify;\">Cabe mencionar que las duplas de M\u00e9xico ya entrenan en la cancha de calentamiento frente a Palacio de Gobierno, donde realizan de nueva cuenta su proceso de adaptaci\u00f3n, ya que la altitud geogr\u00e1fica de la entidad juega un rol importante en su desempe\u00f1o atl\u00e9tico.<\/p>\n<p style=\"text-align: justify;\">En la representaci\u00f3n mexicana se integra por Juan Virgen y Ricardo Galindo, en la rama varonil y Atenas Guti\u00e9rrez y Susana Torres, por la rama femenil, quienes ser\u00e1n los encargados de cumplir esta misi\u00f3n ol\u00edmpica.<\/p>\n<p style=\"text-align: justify;\">En la rama femenil, vendr\u00e1n a Tlaxcala las parejas conformadas por Heather Bansley y Sophie Bukovec, de Canad\u00e1; Julibeth Payano Veras y Crismil Paniagua Hinojosa, de Rep\u00fablica Dominicana; as\u00ed como Paola Marie Alvarado Franco y Mar\u00eda Andrea Orellana Arag\u00f3n, de Guatemala; Amber Bennett y Taylor Buckner, de Islas V\u00edrgenes y Allanis Navas S\u00e1nchez y Mar\u00eda Claudia Gonz\u00e1lez Valent\u00edn, de Puerto Rico.<\/p>\n<p style=\"text-align: justify;\">Por la representaci\u00f3n de Nicaragua, Socorro Margarita L\u00f3pez Jalinas y Lolette Eleonor Rodr\u00edguez Saunders; de Suriname, Shaniva Balkaran Janneke Tammenga; de Islas Caim\u00e1n, Anjia Delapenha y Brianna Delapenha; al igual que Daniela Sofia Vigil Catillejos y Karla Jamileth Tovar Tovar, de El Salvador; Ximena N\u00fa\u00f1ez Mu\u00f1oz y Kianny Mar\u00eda Araya Quesada, de Costa Rica; y Thornia Mitchell y Renisha Stafford, de Granada.<\/p>\n<p style=\"text-align: justify;\">En rama varonil, Samuel Schachter y Daniel Dearing, de Canada; Hayerling Francisco De Jesus Goris y Oscar Jose Martinez Lopez, de Rep\u00fablica Dominicana; Andy Alexis Leonardo Blanco y Luis Augusto Garc\u00eda Betancourt, de Guatemala; Bryce Mayer y Tyler Penberthy, de Islas V\u00edrgenes; y Arnaldo Yireth Torres Troche y William Rivera Figueroa, de Puerto Rico.<\/p>\n<p style=\"text-align: justify;\">Adem\u00e1s, de Saint Kitts and Nevis, Nage Hendrickson y St Clair Hodge; de Trinidad y Tobago Joel Issac Theodore y Stephen Enile; de Nicaragua, Rub\u00e9n Alejandro Mora Romero y Dany Antonio L\u00f3pez Alvarado; de Suriname, Keven Sporkslede y Joshua Dwarkasing; de El Salvador, Yoel Alejandro Guardado Rivas y Christopher Armando Guardado Rivas; y de Costa Rica, Daniel Dyner Villa y Jhostin Varela Guerrero.<\/p>\n<p style=\"text-align: justify;\">Estas duplas se estar\u00e1n enfrentando el pr\u00f3ximo 21, 22 y 23 de junio, en la Plaza de Toros, \u00abJorge El Ranchero Aguilar\u00bb y en el estadio temporal del Museo de Arte de Tlaxcala (MAT), para aspirar por los \u00faltimos pases en la m\u00e1s grande justa del deporte en el orbe.<\/p>\n<p>&nbsp;<\/p>\n<p><img loading=\"lazy\" decoding=\"async\" class=\"alignnone wp-image-28405 size-full\" src=\"https:\/\/labestiapolitica.com.mx\/wp-content\/uploads\/2024\/06\/U-NOVA-y-se-diferente.png\" alt=\"\" width=\"1000\" height=\"600\" srcset=\"https:\/\/labestiapolitica.com.mx\/wp-content\/uploads\/2024\/06\/U-NOVA-y-se-diferente.png 1000w, https:\/\/labestiapolitica.com.mx\/wp-content\/uploads\/2024\/06\/U-NOVA-y-se-diferente-300x180.png 300w, https:\/\/labestiapolitica.com.mx\/wp-content\/uploads\/2024\/06\/U-NOVA-y-se-diferente-768x461.png 768w\" sizes=\"auto, (max-width: 1000px) 100vw, 1000px\" \/><\/p>\n","protected":false},"excerpt":{"rendered":"<p>Se trata de 24 duplas, 12 varoniles y 12 femeniles, provenientes del norte y centro del continente americano, que se enfrentar\u00e1n por los dos \u00faltimos pases a los Juegos Ol\u00edmpicos de Par\u00eds 2024 Tlaxcala est\u00e1 preparado para recibir a las 24 duplas, 12 varoniles y 12 femeniles, provenientes del norte y centro del continente americano, [&hellip;]<\/p>\n","protected":false},"author":3,"featured_media":28708,"comment_status":"open","ping_status":"open","sticky":false,"template":"","format":"standard","meta":{"footnotes":""},"categories":[7],"tags":[],"class_list":["post-28707","post","type-post","status-publish","format-standard","has-post-thumbnail","hentry","category-ciudadanos"],"amp_enabled":true,"_links":{"self":[{"href":"https:\/\/labestiapolitica.com.mx\/index.php?rest_route=\/wp\/v2\/posts\/28707","targetHints":{"allow":["GET"]}}],"collection":[{"href":"https:\/\/labestiapolitica.com.mx\/index.php?rest_route=\/wp\/v2\/posts"}],"about":[{"href":"https:\/\/labestiapolitica.com.mx\/index.php?rest_route=\/wp\/v2\/types\/post"}],"author":[{"embeddable":true,"href":"https:\/\/labestiapolitica.com.mx\/index.php?rest_route=\/wp\/v2\/users\/3"}],"replies":[{"embeddable":true,"href":"https:\/\/labestiapolitica.com.mx\/index.php?rest_route=%2Fwp%2Fv2%2Fcomments&post=28707"}],"version-history":[{"count":1,"href":"https:\/\/labestiapolitica.com.mx\/index.php?rest_route=\/wp\/v2\/posts\/28707\/revisions"}],"predecessor-version":[{"id":28709,"href":"https:\/\/labestiapolitica.com.mx\/index.php?rest_route=\/wp\/v2\/posts\/28707\/revisions\/28709"}],"wp:featuredmedia":[{"embeddable":true,"href":"https:\/\/labestiapolitica.com.mx\/index.php?rest_route=\/wp\/v2\/media\/28708"}],"wp:attachment":[{"href":"https:\/\/labestiapolitica.com.mx\/index.php?rest_route=%2Fwp%2Fv2%2Fmedia&parent=28707"}],"wp:term":[{"taxonomy":"category","embeddable":true,"href":"https:\/\/labestiapolitica.com.mx\/index.php?rest_route=%2Fwp%2Fv2%2Fcategories&post=28707"},{"taxonomy":"post_tag","embeddable":true,"href":"https:\/\/labestiapolitica.com.mx\/index.php?rest_route=%2Fwp%2Fv2%2Ftags&post=28707"}],"curies":[{"name":"wp","href":"https:\/\/api.w.org\/{rel}","templated":true}]}}