{"id":28835,"date":"2024-06-21T18:17:23","date_gmt":"2024-06-22T00:17:23","guid":{"rendered":"https:\/\/labestiapolitica.com.mx\/?p=28835"},"modified":"2024-07-01T11:20:56","modified_gmt":"2024-07-01T17:20:56","slug":"insiste-segob-en-no-reconocer-la-existencia-de-delincuencia-organizada-en-tlaxcala","status":"publish","type":"post","link":"https:\/\/labestiapolitica.com.mx\/?p=28835","title":{"rendered":"Insiste Segob en no reconocer la existencia de delincuencia organizada en Tlaxcala."},"content":{"rendered":"<p>Abaten a un miembro de una banda delictiva en Tenancingo.<\/p>\n<p><img loading=\"lazy\" decoding=\"async\" class=\"alignnone wp-image-28841 size-full\" src=\"https:\/\/labestiapolitica.com.mx\/wp-content\/uploads\/2024\/06\/Fotos-rapidas-8-4.png\" alt=\"\" width=\"1000\" height=\"600\" srcset=\"https:\/\/labestiapolitica.com.mx\/wp-content\/uploads\/2024\/06\/Fotos-rapidas-8-4.png 1000w, https:\/\/labestiapolitica.com.mx\/wp-content\/uploads\/2024\/06\/Fotos-rapidas-8-4-300x180.png 300w, https:\/\/labestiapolitica.com.mx\/wp-content\/uploads\/2024\/06\/Fotos-rapidas-8-4-768x461.png 768w\" sizes=\"auto, (max-width: 1000px) 100vw, 1000px\" \/><\/p>\n<p>\u201cMientras no exista una resoluci\u00f3n jurisdiccional que as\u00ed lo acredite, no se reconocer\u00e1 que existe\u201d, afirm\u00f3 el secretario de Gobierno, Luis Antonio Ram\u00edrez<\/p>\n<p>Arturo POP\u00d3CATL\/ Alexis P\u00c9REZ\/Si bien reconoci\u00f3 que el gobierno del estado no puede asegurar que no exista un mecanismo de delincuencia organizada dentro del territorio estatal en raz\u00f3n de que dos o m\u00e1s personas pueden reunirse para delinquir, el secretario de Gobierno, Luis Antonio Ram\u00edrez Hern\u00e1ndez, reiter\u00f3 que mientras no exista una resoluci\u00f3n jurisdiccional que as\u00ed lo acredite, no se reconocer\u00e1 que \u00e9sta existe en Tlaxcala.<\/p>\n<p>Lo anterior, despu\u00e9s de que la v\u00edspera un hombre identificado como Eladio N., de 40 a\u00f1os de edad, alias \u00abel chori\u00bb, supuestamente integrante de una banda delictiva conocida como \u00abLos Vaqueros\u00bb, muri\u00f3 en un hospital tras ser baleado en el municipio de Tenancingo, presuntamente como un ajuste de cuentas entre delincuentes que operan en esa localidad.<\/p>\n<p>-\u00bfSe mantiene la teor\u00eda de que no hay delincuencia organizada en el estado?, se le pregunt\u00f3.<br \/>\n-\u201cLos grupos delictivos que generan actividades delincuenciales se encuentran identificados y en b\u00fasqueda de investigaci\u00f3n. No podemos se\u00f1alar que no exista un mecanismo de delincuencia organizada en raz\u00f3n de una o m\u00e1s personas se re\u00fanan para delinquir, si es que esta figura aplica bajo la determinaci\u00f3n de un grupo delictivo, delincuencia organizada o actividad, sin embargo, cuando un hecho sea ya sancionado por una autoridad jurisdiccional, podr\u00eda ya dar una respuesta espec\u00edfica de la existencia o no. Hasta el momento no existe una resoluci\u00f3n judicial que haya sido determinante en que d\u00e9 una causal de la existencia\u201d, respondi\u00f3.<\/p>\n<p>El funcionario estatal subray\u00f3 que el asesinato de la persona en Tenancingo ya es investigado por la Procuradur\u00eda General de Justicia del Estado (PGJE), por lo cual justific\u00f3 no aportar mayor informaci\u00f3n espec\u00edfica sobre el hecho. Empero, destac\u00f3 que Tlaxcala ya hila 22 meses consecutivos con el menor \u00edndice delictivo del pa\u00eds, seg\u00fan cifras del Sistema Nacional de Seguridad.<\/p>\n<p>Ram\u00edrez Hern\u00e1ndez afirm\u00f3 que el gobierno estatal sigue trabajando bajo un enfoque integral con el gobierno federal y los municipios, y que eso mismo se espera que suceda con los pr\u00f3ximos ayuntamientos, pues el Estado no puede dar los servicios de seguridad por s\u00ed mismo, sino en colaboraci\u00f3n con los municipios y la federaci\u00f3n.<\/p>\n<p>En ese sentido, inform\u00f3 que por el momento sigue en vigencia el acuerdo con las actuales autoridades municipales para crear el mando coordinado en el estado, pero lo que el gobierno estatal eval\u00faa es la continuidad del mismo debido a la ya cercana culminaci\u00f3n de los periodos en los ayuntamientos.<\/p>\n<p>\u201cDif\u00edcilmente podr\u00edamos concretar un mando coordinado con las autoridades salientes en raz\u00f3n de que el mismo periodo pudiera estar rebasado. Lo que s\u00ed, es que seguimos en evaluaci\u00f3n en el Consejo Estatal de Seguridad, pues con las autoridades actuales establecimos el mecanismo de que se analizar\u00edan los perfiles de los directores de seguridad p\u00fablica para que cumplieran con todos los requisitos, por lo cual seguimos en los mismo: conminamos a todas las autoridades a que cumplan\u201d, dijo.<\/p>\n<p>Adem\u00e1s, advirti\u00f3 que el caso de los alcaldes que no cumplan con el marco normativo, el \u00d3rgano de Fiscalizaci\u00f3n Superior (OFS) ser\u00e1 notificado para que act\u00fae en consecuencia, pues record\u00f3 que el ejercicio de un director no acreditado puede generar que est\u00e9 ejerciendo recursos de manera indebida, que porte un arma de manera ilegal o genere instrucciones a sus cuerpos policiacos que pongan en riesgo a la ciudadan\u00eda.<\/p>\n<p>BALEAN A SUPUESTO INTEGRANTE DE \u00abLOS VAQUEROS\u00bb EN TENANCINGO Y MUERE EN EL HOSPITAL<\/p>\n<p style=\"text-align: justify;\">Un hombre identificado como Eladio N., de 40 a\u00f1os de edad, alias \u00abel chori\u00bb, supuestamente integrante de una banda delictiva conocida como \u00abLos Vaqueros\u00bb, muri\u00f3 en un hospital, tras ser baleado en el municipio de Tenancingo.<\/p>\n<p style=\"text-align: justify;\">Se tratar\u00eda de un posible ajuste de cuentas entre delincuentes que operan en esa localidad, por lo que las autoridades ya investigan el caso.<\/p>\n<p style=\"text-align: justify;\">Datos proporcionados por testigos informaron que este jueves, alrededor de las 17:20 horas, en la calle 2 Sur, esquina 15 poniente, al menos tres sujetos a bordo de una motocicleta detonaron su arma de fuego en contra de un hombre, hiri\u00e9ndolo en el lado izquierdo de su abdomen.<\/p>\n<p style=\"text-align: justify;\">Los agresores lograron huir con rumbo desconocido y personas que estaba cerca del hecho, hicieron contacto telef\u00f3nico con el n\u00famero 911.<\/p>\n<p style=\"text-align: justify;\">Un dispositivo de seguridad por parte de la polic\u00eda municipal y estatal se llev\u00f3 a cabo en la escena, en la cual encontraron casquillos percutidos; en tanto, el herido fue trasladado de emergencia a bordo de la ambulancia del municipio hacia el Hospital IMSS Bienestar de San Pablo del Monte, donde muri\u00f3 poco despu\u00e9s.<\/p>\n<p style=\"text-align: justify;\">M\u00e1s tarde, elementos de la Procuradur\u00eda General de Justicia del Estado arribaron al lugar de la agresi\u00f3n, el cual era resguardado por fuerzas policiales de los distintos niveles de gobierno, para embalar indicios; tambi\u00e9n se hicieron presentes en el nosocomio donde el Servicio M\u00e9dico Forense levant\u00f3 el cad\u00e1ver.<\/p>\n<p style=\"text-align: justify;\">INVESTIGA PGJE HECHOS SUSCITADOS EN TENANCINGO.<\/p>\n<p style=\"text-align: justify;\">El Ministerio P\u00fablico de la Procuradur\u00eda General de Justicia del Estado (PGJE) investiga los hechos suscitados la tarde del 20 de junio en Tenancingo.<\/p>\n<p style=\"text-align: justify;\">Derivado de un reporte al N\u00famero de Emergencias 911 en el que informaban que en el municipio referido se encontraba un hombre lesionado por arma de fuego, elementos policiacos municipales arribaron como primeros respondientes.<\/p>\n<p style=\"text-align: justify;\">Ante este hecho, el hombre fue trasladado al Hospital General IMSS-Bienestar de San Pablo del Monte, donde recibir\u00e1 la atenci\u00f3n m\u00e9dica correspondiente. Polic\u00eda de Investigaci\u00f3n y Servicios Periciales acudieron al lugar para realizar las primeras indagatorias.<\/p>\n<p style=\"text-align: justify;\">La Procuradur\u00eda General de Justicia del Estado continuar\u00e1 con las investigaciones correspondientes, con el objetivo de esclarecer este hecho.<\/p>\n<p>&nbsp;<\/p>\n","protected":false},"excerpt":{"rendered":"<p>Abaten a un miembro de una banda delictiva en Tenancingo. \u201cMientras no exista una resoluci\u00f3n jurisdiccional que as\u00ed lo acredite, no se reconocer\u00e1 que existe\u201d, afirm\u00f3 el secretario de Gobierno, Luis Antonio Ram\u00edrez Arturo POP\u00d3CATL\/ Alexis P\u00c9REZ\/Si bien reconoci\u00f3 que el gobierno del estado no puede asegurar que no exista un mecanismo de delincuencia organizada [&hellip;]<\/p>\n","protected":false},"author":3,"featured_media":28840,"comment_status":"open","ping_status":"open","sticky":false,"template":"","format":"standard","meta":{"footnotes":""},"categories":[7],"tags":[],"class_list":["post-28835","post","type-post","status-publish","format-standard","has-post-thumbnail","hentry","category-ciudadanos"],"amp_enabled":true,"_links":{"self":[{"href":"https:\/\/labestiapolitica.com.mx\/index.php?rest_route=\/wp\/v2\/posts\/28835","targetHints":{"allow":["GET"]}}],"collection":[{"href":"https:\/\/labestiapolitica.com.mx\/index.php?rest_route=\/wp\/v2\/posts"}],"about":[{"href":"https:\/\/labestiapolitica.com.mx\/index.php?rest_route=\/wp\/v2\/types\/post"}],"author":[{"embeddable":true,"href":"https:\/\/labestiapolitica.com.mx\/index.php?rest_route=\/wp\/v2\/users\/3"}],"replies":[{"embeddable":true,"href":"https:\/\/labestiapolitica.com.mx\/index.php?rest_route=%2Fwp%2Fv2%2Fcomments&post=28835"}],"version-history":[{"count":1,"href":"https:\/\/labestiapolitica.com.mx\/index.php?rest_route=\/wp\/v2\/posts\/28835\/revisions"}],"predecessor-version":[{"id":28842,"href":"https:\/\/labestiapolitica.com.mx\/index.php?rest_route=\/wp\/v2\/posts\/28835\/revisions\/28842"}],"wp:featuredmedia":[{"embeddable":true,"href":"https:\/\/labestiapolitica.com.mx\/index.php?rest_route=\/wp\/v2\/media\/28840"}],"wp:attachment":[{"href":"https:\/\/labestiapolitica.com.mx\/index.php?rest_route=%2Fwp%2Fv2%2Fmedia&parent=28835"}],"wp:term":[{"taxonomy":"category","embeddable":true,"href":"https:\/\/labestiapolitica.com.mx\/index.php?rest_route=%2Fwp%2Fv2%2Fcategories&post=28835"},{"taxonomy":"post_tag","embeddable":true,"href":"https:\/\/labestiapolitica.com.mx\/index.php?rest_route=%2Fwp%2Fv2%2Ftags&post=28835"}],"curies":[{"name":"wp","href":"https:\/\/api.w.org\/{rel}","templated":true}]}}