{"id":28882,"date":"2024-06-24T11:10:55","date_gmt":"2024-06-24T17:10:55","guid":{"rendered":"https:\/\/labestiapolitica.com.mx\/?p=28882"},"modified":"2024-07-01T11:19:39","modified_gmt":"2024-07-01T17:19:39","slug":"medios-durante-las-campanas-predomino-el-genero-masculino-y-el-lenguaje-no-incluyente","status":"publish","type":"post","link":"https:\/\/labestiapolitica.com.mx\/?p=28882","title":{"rendered":"Medios durante las campa\u00f1as: predomin\u00f3 el g\u00e9nero masculino y el lenguaje no incluyente."},"content":{"rendered":"<ul>\n<li style=\"text-align: justify;\">La omisi\u00f3n de un lenguaje incluyente \u201cpuede contribuir a la invisibilizaci\u00f3n de grupos marginados\u201d, subraya el informe de monitoreo realizado por el ITE.<\/li>\n<\/ul>\n<p style=\"text-align: justify;\">La predominancia del g\u00e9nero masculino sobre el femenino y la no utilizaci\u00f3n de un lenguaje incluyente durante el periodo de campa\u00f1as pol\u00edticicas del proceso electoral 2023-2024, fueron dos de las conclusiones que arroj\u00f3 el monitoreo realizado a los medios de comunicaci\u00f3n impresos y electr\u00f3nicos por el Instituto Tlaxcalteca de Elecciones (ITE).<br \/>\nDe acuerdo con el organismo, la omisi\u00f3n de un lenguaje incluyente en un 87 por ciento de las piezas informativas, tanto por parte de las personas pertenecientes a los medios de comunicaci\u00f3n como a los propios actores y actoras pol\u00edticas, \u201cpuede contribuir a la invisibilizaci\u00f3n de grupos marginados\u201d.<br \/>\nEl informe tambi\u00e9n se\u00f1ala que las personas que difunden noticias, as\u00ed como actoras y actores pol\u00edticos, no utilizaron expresiones sexistas durante el periodo de campa\u00f1as, con lo cual concluy\u00f3 que no hubo informaci\u00f3n que cosificara, mostrara roles dom\u00e9sticos y\/o ejercicio de actividades econ\u00f3micas que desafiaran estereotipos y prejuicios arraigados que limitaran la participaci\u00f3n de las mujeres en la pol\u00edtica.<br \/>\nEn lo que se refiere a acciones afirmativas, el monitoreo del ITE apunta que durante el periodo de campa\u00f1as apenas el dos por ciento de las piezas period\u00edsticas hace referencias a candidaturas de grupos prioritarios. De ese porcentaje, el mayor n\u00famero de piezas se refiere a candidaturas de personas j\u00f3venes.<br \/>\nEl seguimiento de medios refiere que no existi\u00f3 registro alguno de amenazas o agresiones contra precandidatas o probables manifestaciones de violencia pol\u00edtica contra las mujeres en raz\u00f3n de g\u00e9nero.<br \/>\nCabe recordar que para el roceso electoral local ordinario 2023-2024, el ITE llev\u00f3 a cabo un monitoreo con perspectiva de g\u00e9nero a medios de comunicaci\u00f3n masiva impresos, digitales y de programas que difundieron noticias por radio y televisi\u00f3n.<br \/>\nEl objetivo de ese ejercicio fue generar datos cualitativos y cuantitativos sobre el tratamiento informativo que otorgan medios de comunicaci\u00f3n a candidaturas acerca de sus ideas, propuestas o manifestaciones; cualquier forma de discriminaci\u00f3n, estereotipos de g\u00e9nero y aquellos relacionados con los grupos de atenci\u00f3n prioritaria, as\u00ed como el uso del lenguaje incluyente, no sexista y no discriminatorio, y la detecci\u00f3n de posibles casos de violencia pol\u00edtica contra las mujeres en raz\u00f3n de g\u00e9nero.<\/p>\n<p>&nbsp;<\/p>\n<p><img loading=\"lazy\" decoding=\"async\" class=\"alignnone wp-image-28405 size-full\" src=\"https:\/\/labestiapolitica.com.mx\/wp-content\/uploads\/2024\/06\/U-NOVA-y-se-diferente.png\" alt=\"\" width=\"1000\" height=\"600\" srcset=\"https:\/\/labestiapolitica.com.mx\/wp-content\/uploads\/2024\/06\/U-NOVA-y-se-diferente.png 1000w, https:\/\/labestiapolitica.com.mx\/wp-content\/uploads\/2024\/06\/U-NOVA-y-se-diferente-300x180.png 300w, https:\/\/labestiapolitica.com.mx\/wp-content\/uploads\/2024\/06\/U-NOVA-y-se-diferente-768x461.png 768w\" sizes=\"auto, (max-width: 1000px) 100vw, 1000px\" \/><\/p>\n","protected":false},"excerpt":{"rendered":"<p>La omisi\u00f3n de un lenguaje incluyente \u201cpuede contribuir a la invisibilizaci\u00f3n de grupos marginados\u201d, subraya el informe de monitoreo realizado por el ITE. La predominancia del g\u00e9nero masculino sobre el femenino y la no utilizaci\u00f3n de un lenguaje incluyente durante el periodo de campa\u00f1as pol\u00edticicas del proceso electoral 2023-2024, fueron dos de las conclusiones que [&hellip;]<\/p>\n","protected":false},"author":3,"featured_media":28883,"comment_status":"open","ping_status":"open","sticky":false,"template":"","format":"standard","meta":{"footnotes":""},"categories":[7],"tags":[],"class_list":["post-28882","post","type-post","status-publish","format-standard","has-post-thumbnail","hentry","category-ciudadanos"],"amp_enabled":true,"_links":{"self":[{"href":"https:\/\/labestiapolitica.com.mx\/index.php?rest_route=\/wp\/v2\/posts\/28882","targetHints":{"allow":["GET"]}}],"collection":[{"href":"https:\/\/labestiapolitica.com.mx\/index.php?rest_route=\/wp\/v2\/posts"}],"about":[{"href":"https:\/\/labestiapolitica.com.mx\/index.php?rest_route=\/wp\/v2\/types\/post"}],"author":[{"embeddable":true,"href":"https:\/\/labestiapolitica.com.mx\/index.php?rest_route=\/wp\/v2\/users\/3"}],"replies":[{"embeddable":true,"href":"https:\/\/labestiapolitica.com.mx\/index.php?rest_route=%2Fwp%2Fv2%2Fcomments&post=28882"}],"version-history":[{"count":2,"href":"https:\/\/labestiapolitica.com.mx\/index.php?rest_route=\/wp\/v2\/posts\/28882\/revisions"}],"predecessor-version":[{"id":28885,"href":"https:\/\/labestiapolitica.com.mx\/index.php?rest_route=\/wp\/v2\/posts\/28882\/revisions\/28885"}],"wp:featuredmedia":[{"embeddable":true,"href":"https:\/\/labestiapolitica.com.mx\/index.php?rest_route=\/wp\/v2\/media\/28883"}],"wp:attachment":[{"href":"https:\/\/labestiapolitica.com.mx\/index.php?rest_route=%2Fwp%2Fv2%2Fmedia&parent=28882"}],"wp:term":[{"taxonomy":"category","embeddable":true,"href":"https:\/\/labestiapolitica.com.mx\/index.php?rest_route=%2Fwp%2Fv2%2Fcategories&post=28882"},{"taxonomy":"post_tag","embeddable":true,"href":"https:\/\/labestiapolitica.com.mx\/index.php?rest_route=%2Fwp%2Fv2%2Ftags&post=28882"}],"curies":[{"name":"wp","href":"https:\/\/api.w.org\/{rel}","templated":true}]}}