{"id":28886,"date":"2024-06-24T11:16:17","date_gmt":"2024-06-24T17:16:17","guid":{"rendered":"https:\/\/labestiapolitica.com.mx\/?p=28886"},"modified":"2024-07-01T11:19:20","modified_gmt":"2024-07-01T17:19:20","slug":"viable-la-estrategia-del-ejecutivo-de-entregar-concesiones-de-taxi-por-mototaxis-caballero-roman","status":"publish","type":"post","link":"https:\/\/labestiapolitica.com.mx\/?p=28886","title":{"rendered":"Viable la estrategia del Ejecutivo de entregar concesiones de taxi por mototaxis: Caballero Rom\u00e1n."},"content":{"rendered":"<ul>\n<li style=\"text-align: justify;\">\u00a0El diputado reitera que el Poder Legislativo no contempla la regularizaci\u00f3n de mototaxis<\/li>\n<\/ul>\n<p style=\"text-align: justify;\">El presidente de la Junta de Coordinaci\u00f3n Pol\u00edtica del Congreso local, y tambi\u00e9n presidente de la Comisi\u00f3n de Movilidad, Comunicaciones y Transporte del Poder Legislativo, Jorge Caballero Rom\u00e1n, afirm\u00f3 que es viable la propuesta del Ejecutivo estatal para el otorgamiento de una concesi\u00f3n de taxi en municipios a cambio de mototaxis.<br \/>\nConsider\u00f3 que el programa que se puso en marcha a trav\u00e9s de la Secretar\u00eda de Movilidad y Transporte (SMyT) garantizar\u00e1 a las personas usuarias protecci\u00f3n y seguridad en sus trayectos.<br \/>\n\u201cTengo conocimiento que es la entrega de tres mototaxis para una concesi\u00f3n y aqu\u00ed la preferencia es que el taxi sea el\u00e9ctrico o h\u00edbrido, y si lo propone el Ejecutivo creo que s\u00ed hay viabilidad\u201d, dijo.<br \/>\nEl legislador morenista consider\u00f3 que el esquema implementado por el Ejecutivo permitira reducir la cantidad de mototaxis que existen en algunos municipios como Papalotla, Tenancingo, Texoloc, Nativitas, Huamantla, Xaloztoc, Cuapiaxtla, Nopalucan, Ixtacuixtla, Zitlaltepec, Sanct\u00f3rum de L\u00e1zaro C\u00e1rdenas y Atltzayanca.<br \/>\n\u201cEs una buena propuesta para generar nuevos empleos y para reducir el n\u00famero de mototaxis porque no hay que esperar que haya accidentes\u201d, se\u00f1al\u00f3.<br \/>\nDe esta manera, Caballero Rom\u00e1n reiter\u00f3 que el Poder Legislativo no tiene contemplada la regularizaci\u00f3n de los mototaxis que circulan en diferentes puntos de la entidad, sobre todo porque se trata de un medio alternativo que pone en riesgo a los usuarios de este medio de transporte.<br \/>\nPor ese motivo, recomend\u00f3 a los propietarios de mototaxis a sumarse a la estrategia del gobierno estatal de mejorar el servicio de transporte p\u00fablico de pasajeros a trav\u00e9s de unidades seguras e id\u00f3neas, pues tienen la oportunidad de obtener una concesi\u00f3n de transporte p\u00fablico entregando tres unidades irregulares.<br \/>\nAdem\u00e1s, apunt\u00f3, se obtendr\u00e1n algunos beneficios como el otorgamiento de concesi\u00f3n para la prestaci\u00f3n del servicio p\u00fablico de transporte, alta al registro veh\u00edcular estatal, asignaci\u00f3n de placas, tarjeta de circulaci\u00f3n, tarjet\u00f3n de sitio o ruta y engomado.<\/p>\n<p>&nbsp;<\/p>\n<p><img loading=\"lazy\" decoding=\"async\" class=\"alignnone wp-image-28405 size-full\" src=\"https:\/\/labestiapolitica.com.mx\/wp-content\/uploads\/2024\/06\/U-NOVA-y-se-diferente.png\" alt=\"\" width=\"1000\" height=\"600\" srcset=\"https:\/\/labestiapolitica.com.mx\/wp-content\/uploads\/2024\/06\/U-NOVA-y-se-diferente.png 1000w, https:\/\/labestiapolitica.com.mx\/wp-content\/uploads\/2024\/06\/U-NOVA-y-se-diferente-300x180.png 300w, https:\/\/labestiapolitica.com.mx\/wp-content\/uploads\/2024\/06\/U-NOVA-y-se-diferente-768x461.png 768w\" sizes=\"auto, (max-width: 1000px) 100vw, 1000px\" \/><\/p>\n","protected":false},"excerpt":{"rendered":"<p>\u00a0El diputado reitera que el Poder Legislativo no contempla la regularizaci\u00f3n de mototaxis El presidente de la Junta de Coordinaci\u00f3n Pol\u00edtica del Congreso local, y tambi\u00e9n presidente de la Comisi\u00f3n de Movilidad, Comunicaciones y Transporte del Poder Legislativo, Jorge Caballero Rom\u00e1n, afirm\u00f3 que es viable la propuesta del Ejecutivo estatal para el otorgamiento de una [&hellip;]<\/p>\n","protected":false},"author":3,"featured_media":28887,"comment_status":"open","ping_status":"open","sticky":false,"template":"","format":"standard","meta":{"footnotes":""},"categories":[7],"tags":[],"class_list":["post-28886","post","type-post","status-publish","format-standard","has-post-thumbnail","hentry","category-ciudadanos"],"amp_enabled":true,"_links":{"self":[{"href":"https:\/\/labestiapolitica.com.mx\/index.php?rest_route=\/wp\/v2\/posts\/28886","targetHints":{"allow":["GET"]}}],"collection":[{"href":"https:\/\/labestiapolitica.com.mx\/index.php?rest_route=\/wp\/v2\/posts"}],"about":[{"href":"https:\/\/labestiapolitica.com.mx\/index.php?rest_route=\/wp\/v2\/types\/post"}],"author":[{"embeddable":true,"href":"https:\/\/labestiapolitica.com.mx\/index.php?rest_route=\/wp\/v2\/users\/3"}],"replies":[{"embeddable":true,"href":"https:\/\/labestiapolitica.com.mx\/index.php?rest_route=%2Fwp%2Fv2%2Fcomments&post=28886"}],"version-history":[{"count":1,"href":"https:\/\/labestiapolitica.com.mx\/index.php?rest_route=\/wp\/v2\/posts\/28886\/revisions"}],"predecessor-version":[{"id":28888,"href":"https:\/\/labestiapolitica.com.mx\/index.php?rest_route=\/wp\/v2\/posts\/28886\/revisions\/28888"}],"wp:featuredmedia":[{"embeddable":true,"href":"https:\/\/labestiapolitica.com.mx\/index.php?rest_route=\/wp\/v2\/media\/28887"}],"wp:attachment":[{"href":"https:\/\/labestiapolitica.com.mx\/index.php?rest_route=%2Fwp%2Fv2%2Fmedia&parent=28886"}],"wp:term":[{"taxonomy":"category","embeddable":true,"href":"https:\/\/labestiapolitica.com.mx\/index.php?rest_route=%2Fwp%2Fv2%2Fcategories&post=28886"},{"taxonomy":"post_tag","embeddable":true,"href":"https:\/\/labestiapolitica.com.mx\/index.php?rest_route=%2Fwp%2Fv2%2Ftags&post=28886"}],"curies":[{"name":"wp","href":"https:\/\/api.w.org\/{rel}","templated":true}]}}