{"id":28895,"date":"2024-06-24T16:32:33","date_gmt":"2024-06-24T22:32:33","guid":{"rendered":"https:\/\/labestiapolitica.com.mx\/?p=28895"},"modified":"2024-07-01T11:18:56","modified_gmt":"2024-07-01T17:18:56","slug":"el-proyecto-a-del-anayismo-para-el-2027","status":"publish","type":"post","link":"https:\/\/labestiapolitica.com.mx\/?p=28895","title":{"rendered":"El proyecto \u00abA\u00bb del Anayismo para el 2027."},"content":{"rendered":"<ul>\n<li style=\"text-align: justify;\">Alfonso S\u00e1nchez Garc\u00eda, con una carrera mete\u00f3rica que lo podr\u00eda colocar en la carrera a la gubernatura en 2027.<\/li>\n<li style=\"text-align: justify;\">El pr\u00f3ximo alcalde capitalino tendr\u00e1 que labrar su propio camino a la gubernatura con una buena labor al frente del ayuntamiento.<\/li>\n<\/ul>\n<p style=\"text-align: justify;\">Arturo POP\u00d3CATL\/ Con su triunfo el pasado 2 de junio en el municipio de Tlaxcala, el Partido Movimiento de Regeneraci\u00f3n Nacional (Morena) se llev\u00f3 la joya de la corona, como est\u00e1 considerada la capital tlaxcalteca.<br \/>\nEs as\u00ed porque quien encabezar\u00e1 el ayuntamiento capitalino se coloca en la lista de aspirantes a la candidatura del gobierno estatal para suceder a Lorena Cu\u00e9llar Cisneros. Es el caso del ex secretario de Infraestructura, Alfonso S\u00e1nchez Garc\u00eda,<br \/>\nA S\u00e1nchez Garc\u00eda, como al resto de las candidaturas postuladas por Morena, le jug\u00f3 a favor el voto parejo por el cual llam\u00f3 la candidata presidencial Claudia Sheinbaum Pardo. Y el electorado le respondi\u00f3 con votos, dando una victoria clara de 10 puntos percentuales y m\u00e1s de 5 mil 300 votos sobre su m\u00e1s inmediata perseguidora, la panista Minerva Hern\u00e1ndez Ramos.<br \/>\nA ese electorado no le import\u00f3 demasiado los resultados del gobierno encabezado por el tambi\u00e9n morenista Jorge Corichi Fragoso, quien se caracteriz\u00f3 por unos magros resultados, aunado a que abandon\u00f3 el cargo para seguir al ex canciller Marcelo Ebrard.<\/p>\n<p style=\"text-align: justify;\">Apoyado por su padre, el ex gobernador Alfonso S\u00e1nchez Anaya, S\u00e1nchez Garc\u00eda ya construye una carrera mete\u00f3rica en busca de la gubernatura en 2027. Eso mismo hace inevitable no recordar a Maricarmen Ram\u00edrez Garc\u00eda, cuando contra y viento y marea en 2004 fue candidata al gobierno del estado por el Partido de la Revoluci\u00f3n Democr\u00e1tica (PRD).<br \/>\nLa imposici\u00f3n de esa candidatura le cost\u00f3 al Sol Azteca haber perdido la elecci\u00f3n ese a\u00f1o, 2004, frente a la candidatura panista de H\u00e9ctor Ortiz Ortiz, y existen voces en Morena que lo mismo podr\u00eda suceder en 2027 si existe la imposici\u00f3n de una candidatura tejida desde las altas esferas del gobierno estatal.<br \/>\nAlfonso S\u00e1nchez Garc\u00eda no est\u00e1 solo en la b\u00fasqueda de la candidatura al gobierno estatal. Enfrente tiene a quien es, quiz\u00e1s, la m\u00e1s aventajada en esa intenci\u00f3n, la senadora Ana Lilia Rivera Rivera, quien cuenta con la simpat\u00eda de la pr\u00f3xima presidenta de la Rep\u00fablica, Claudia Sheinbaum.<br \/>\nOtra tiradora a la gubernatura es Mar\u00eda Dulce Silva Hern\u00e1ndez, aunque con franca desventaja porque ya para entonces, en 2027, no estar\u00e1 en la diputaci\u00f3n federal que hoy ocupa y no tendr\u00e1 cargo p\u00fablico de relevancia, a menos que la pr\u00f3xima presidenta la considere para formar parte de su gabinete en el \u00e1mbito federal.<br \/>\nS\u00e1nchez Garc\u00eda tendr\u00e1 que labrar su propio camino a la gubernatura con una buena labor al frente del ayuntamiento.<br \/>\nPor lo pronto, a poco m\u00e1s de dos meses de tomar posesi\u00f3n como presidente municipal de Tlaxcala, S\u00e1nchez Garc\u00eda se coloca en una palestra inigualable para posicionarse como uno de los aspirantes serios al gobierno del estado.<br \/>\nTiene en sus manos su propio destino, veremos si es capaz, como buen arquitecto, de construirlo.<\/p>\n<p>&nbsp;<\/p>\n<p><img loading=\"lazy\" decoding=\"async\" class=\"alignnone wp-image-28405 size-full\" src=\"https:\/\/labestiapolitica.com.mx\/wp-content\/uploads\/2024\/06\/U-NOVA-y-se-diferente.png\" alt=\"\" width=\"1000\" height=\"600\" srcset=\"https:\/\/labestiapolitica.com.mx\/wp-content\/uploads\/2024\/06\/U-NOVA-y-se-diferente.png 1000w, https:\/\/labestiapolitica.com.mx\/wp-content\/uploads\/2024\/06\/U-NOVA-y-se-diferente-300x180.png 300w, https:\/\/labestiapolitica.com.mx\/wp-content\/uploads\/2024\/06\/U-NOVA-y-se-diferente-768x461.png 768w\" sizes=\"auto, (max-width: 1000px) 100vw, 1000px\" \/><\/p>\n","protected":false},"excerpt":{"rendered":"<p>Alfonso S\u00e1nchez Garc\u00eda, con una carrera mete\u00f3rica que lo podr\u00eda colocar en la carrera a la gubernatura en 2027. El pr\u00f3ximo alcalde capitalino tendr\u00e1 que labrar su propio camino a la gubernatura con una buena labor al frente del ayuntamiento. Arturo POP\u00d3CATL\/ Con su triunfo el pasado 2 de junio en el municipio de Tlaxcala, [&hellip;]<\/p>\n","protected":false},"author":3,"featured_media":28896,"comment_status":"open","ping_status":"open","sticky":false,"template":"","format":"standard","meta":{"footnotes":""},"categories":[7],"tags":[],"class_list":["post-28895","post","type-post","status-publish","format-standard","has-post-thumbnail","hentry","category-ciudadanos"],"amp_enabled":true,"_links":{"self":[{"href":"https:\/\/labestiapolitica.com.mx\/index.php?rest_route=\/wp\/v2\/posts\/28895","targetHints":{"allow":["GET"]}}],"collection":[{"href":"https:\/\/labestiapolitica.com.mx\/index.php?rest_route=\/wp\/v2\/posts"}],"about":[{"href":"https:\/\/labestiapolitica.com.mx\/index.php?rest_route=\/wp\/v2\/types\/post"}],"author":[{"embeddable":true,"href":"https:\/\/labestiapolitica.com.mx\/index.php?rest_route=\/wp\/v2\/users\/3"}],"replies":[{"embeddable":true,"href":"https:\/\/labestiapolitica.com.mx\/index.php?rest_route=%2Fwp%2Fv2%2Fcomments&post=28895"}],"version-history":[{"count":1,"href":"https:\/\/labestiapolitica.com.mx\/index.php?rest_route=\/wp\/v2\/posts\/28895\/revisions"}],"predecessor-version":[{"id":28897,"href":"https:\/\/labestiapolitica.com.mx\/index.php?rest_route=\/wp\/v2\/posts\/28895\/revisions\/28897"}],"wp:featuredmedia":[{"embeddable":true,"href":"https:\/\/labestiapolitica.com.mx\/index.php?rest_route=\/wp\/v2\/media\/28896"}],"wp:attachment":[{"href":"https:\/\/labestiapolitica.com.mx\/index.php?rest_route=%2Fwp%2Fv2%2Fmedia&parent=28895"}],"wp:term":[{"taxonomy":"category","embeddable":true,"href":"https:\/\/labestiapolitica.com.mx\/index.php?rest_route=%2Fwp%2Fv2%2Fcategories&post=28895"},{"taxonomy":"post_tag","embeddable":true,"href":"https:\/\/labestiapolitica.com.mx\/index.php?rest_route=%2Fwp%2Fv2%2Ftags&post=28895"}],"curies":[{"name":"wp","href":"https:\/\/api.w.org\/{rel}","templated":true}]}}