{"id":28898,"date":"2024-06-24T16:45:54","date_gmt":"2024-06-24T22:45:54","guid":{"rendered":"https:\/\/labestiapolitica.com.mx\/?p=28898"},"modified":"2024-06-24T16:45:54","modified_gmt":"2024-06-24T22:45:54","slug":"a-la-proxima-legislatura-el-conflicto-limitrofe-entre-chiautempan-y-tlaltelulco","status":"publish","type":"post","link":"https:\/\/labestiapolitica.com.mx\/?p=28898","title":{"rendered":"A la pr\u00f3xima Legislatura, el conflicto lim\u00edtrofe entre Chiautempan y Tlaltelulco."},"content":{"rendered":"<ul>\n<li style=\"text-align: justify;\">\u00a0Asegura la diputada M\u00f3nica S\u00e1nchez Angulo que no hubo disposici\u00f3n de las autoridades de La Magdalena para resolver el problema de l\u00edmites territoriales.<\/li>\n<\/ul>\n<p style=\"text-align: justify;\">El conflicto de l\u00edmites territoriales que mantienen los municipios de Santa Ana Chiautempan y La Magdalena Tlaltelulco ser\u00e1 uno de los pendientes que dejar\u00e1 la actual Legislatura a los pr\u00f3ximos congresistas, reconoci\u00f3 la diputada local M\u00f3nica S\u00e1nchez Angulo, quien asegur\u00f3 que si la problem\u00e1tica prevalece es debido a la falta de inter\u00e9s de las autoridades de Tlaltelulco.<br \/>\n\u201cDesde un principio en que se acercaron las autoridades municipales de La Magdalena se les atendi\u00f3 y se les ofreci\u00f3 iniciar un proceso de mediaci\u00f3n para solucionar el conflicto, as\u00ed lo hemos hecho con otros municipios y ha sido exitoso. Sostuvimos una reuni\u00f3n con ellos y con autoridades de Chiautempan con el objetivo de iniciar el procedimiento, sin embargo, no hubo el inter\u00e9s de los representes de Tlaltelulco para iniciar con el proceso\u201d.<br \/>\nEn ese sentido, y debido a que est\u00e1 por concluir el periodo de la actual Legislatura local, la diputada admiti\u00f3 que ser\u00e1 un asunto que se dejar\u00e1 a la pr\u00f3xima Legislatura, pues a pesar de que est\u00e1 por concretarse una nueva reestructuraci\u00f3n en las Comisiones Ordinarias, tras la reincorporaci\u00f3n de un grupo de legisladores que solicitaron licencia, dijo que no se podr\u00eda retomar el expediente 182\/2017.<br \/>\n\u201cApenas nos estamos reintegrando a los trabajos Legislativos y eso conllevar\u00e1 a una nueva reestructuraci\u00f3n en las Comisiones. Aunque s\u00ed exista el inter\u00e9s en m\u00ed por encabezar nuevamente la de Asuntos Municipales, debido a que son temas a los que le hemos dado seguimiento por m\u00e1s de dos a\u00f1os, tenemos que esperar a que se realicen de manera oficial los nuevos cambios\u201d, explic\u00f3.<br \/>\nS\u00e1nchez Angulo asegur\u00f3 que la actual Legislatura atendi\u00f3 y orientado a las autoridades de Tlaltelulco sobre el tema, el problema es que ahora piden que se reanuden las actuaciones de un expediente que data del a\u00f1o 2017, sin embargo, dijo que por norma \u201cya est\u00e1n fuera de tiempo para hacer esa solicitud debido a que el Reglamento Interior del Congreso del Estado se\u00f1ala que para retomar temas de otras Legislaturas, el momento es durante el primer periodo de sesiones de cada Legislatura\u201d.<br \/>\nCabe recordar que por conflictos lim\u00edtrofes con Chiautempan, pobladores de Tlaltelulco no permitieron la instalaci\u00f3n de dos casillas en la comunidad de Santa Cruz Tetela en la jornada electoral del pasado 2 de junio, situaci\u00f3n por la cual el Instituto Nacional Electoral (INE) determin\u00f3 instalar una casilla especial en la comunidad de Tepetlapa R\u00edo de los Negros para la elecci\u00f3n de las pr\u00f3ximas autoridades.<\/p>\n<p>&nbsp;<\/p>\n<p><img loading=\"lazy\" decoding=\"async\" class=\"alignnone wp-image-28405 size-full\" src=\"https:\/\/labestiapolitica.com.mx\/wp-content\/uploads\/2024\/06\/U-NOVA-y-se-diferente.png\" alt=\"\" width=\"1000\" height=\"600\" srcset=\"https:\/\/labestiapolitica.com.mx\/wp-content\/uploads\/2024\/06\/U-NOVA-y-se-diferente.png 1000w, https:\/\/labestiapolitica.com.mx\/wp-content\/uploads\/2024\/06\/U-NOVA-y-se-diferente-300x180.png 300w, https:\/\/labestiapolitica.com.mx\/wp-content\/uploads\/2024\/06\/U-NOVA-y-se-diferente-768x461.png 768w\" sizes=\"auto, (max-width: 1000px) 100vw, 1000px\" \/><\/p>\n","protected":false},"excerpt":{"rendered":"<p>\u00a0Asegura la diputada M\u00f3nica S\u00e1nchez Angulo que no hubo disposici\u00f3n de las autoridades de La Magdalena para resolver el problema de l\u00edmites territoriales. El conflicto de l\u00edmites territoriales que mantienen los municipios de Santa Ana Chiautempan y La Magdalena Tlaltelulco ser\u00e1 uno de los pendientes que dejar\u00e1 la actual Legislatura a los pr\u00f3ximos congresistas, reconoci\u00f3 [&hellip;]<\/p>\n","protected":false},"author":3,"featured_media":28899,"comment_status":"open","ping_status":"open","sticky":false,"template":"","format":"standard","meta":{"footnotes":""},"categories":[7],"tags":[],"class_list":["post-28898","post","type-post","status-publish","format-standard","has-post-thumbnail","hentry","category-ciudadanos"],"amp_enabled":true,"_links":{"self":[{"href":"https:\/\/labestiapolitica.com.mx\/index.php?rest_route=\/wp\/v2\/posts\/28898","targetHints":{"allow":["GET"]}}],"collection":[{"href":"https:\/\/labestiapolitica.com.mx\/index.php?rest_route=\/wp\/v2\/posts"}],"about":[{"href":"https:\/\/labestiapolitica.com.mx\/index.php?rest_route=\/wp\/v2\/types\/post"}],"author":[{"embeddable":true,"href":"https:\/\/labestiapolitica.com.mx\/index.php?rest_route=\/wp\/v2\/users\/3"}],"replies":[{"embeddable":true,"href":"https:\/\/labestiapolitica.com.mx\/index.php?rest_route=%2Fwp%2Fv2%2Fcomments&post=28898"}],"version-history":[{"count":1,"href":"https:\/\/labestiapolitica.com.mx\/index.php?rest_route=\/wp\/v2\/posts\/28898\/revisions"}],"predecessor-version":[{"id":28900,"href":"https:\/\/labestiapolitica.com.mx\/index.php?rest_route=\/wp\/v2\/posts\/28898\/revisions\/28900"}],"wp:featuredmedia":[{"embeddable":true,"href":"https:\/\/labestiapolitica.com.mx\/index.php?rest_route=\/wp\/v2\/media\/28899"}],"wp:attachment":[{"href":"https:\/\/labestiapolitica.com.mx\/index.php?rest_route=%2Fwp%2Fv2%2Fmedia&parent=28898"}],"wp:term":[{"taxonomy":"category","embeddable":true,"href":"https:\/\/labestiapolitica.com.mx\/index.php?rest_route=%2Fwp%2Fv2%2Fcategories&post=28898"},{"taxonomy":"post_tag","embeddable":true,"href":"https:\/\/labestiapolitica.com.mx\/index.php?rest_route=%2Fwp%2Fv2%2Ftags&post=28898"}],"curies":[{"name":"wp","href":"https:\/\/api.w.org\/{rel}","templated":true}]}}