{"id":28901,"date":"2024-06-24T16:51:09","date_gmt":"2024-06-24T22:51:09","guid":{"rendered":"https:\/\/labestiapolitica.com.mx\/?p=28901"},"modified":"2024-06-24T16:51:09","modified_gmt":"2024-06-24T22:51:09","slug":"rechaza-juvencio-nieto-que-haya-sido-removido-como-titular-de-proteccion-civil-en-tlaxcala","status":"publish","type":"post","link":"https:\/\/labestiapolitica.com.mx\/?p=28901","title":{"rendered":"Rechaza Juvencio Nieto que haya sido removido como titular de Protecci\u00f3n Civil en Tlaxcala."},"content":{"rendered":"<ul>\n<li style=\"text-align: justify;\">\u00a0\u201cSigo aqu\u00ed hasta que la gobernadora indique lo contrario; existen amparos pero ninguno se ha perdido\u201d, asegura<\/li>\n<\/ul>\n<p style=\"text-align: justify;\">\nArturo POP\u00d3CATL\/ Al afirmar que tiene la conciencia tranquila y las manos limpias, Juvencio Nieto Galicia desminti\u00f3 su remoci\u00f3n como titular de la Coordinaci\u00f3n Estatal de Protecci\u00f3n Civil del Estado, al asegurar que sigue en funciones y trabajando en la capacitaci\u00f3n y prevenci\u00f3n de riesgos en todo el territorio estatal.<br \/>\n\u201cNo hay ninguna renuncia, sigo trabajando hasta que la gobernadora indique otra cosa. Estamos trabajando en los esquemas de prevenci\u00f3n, en este momento por el tema de la lluvia, pero tambi\u00e9n estamos en labores continuas de supervisi\u00f3n con los amigos artesanos que se dedican a la pirotecnia, lo mismo que con los coordinadores y directores municipales de protecci\u00f3n civil. Tambi\u00e9n haciendo la verificaci\u00f3n de empresas y de negocios, es fin, seguimos trabajando d\u00eda y noche hasta que nuestra gobernadora lo indique\u201d, afirm\u00f3.<br \/>\nSi bien reconoci\u00f3 la existencia de amparos, a los cuales todo ciudadano o empresario tiene derecho a interponer ante una autoridad jurisdiccional si cree que se est\u00e1 haciendo alguna anomal\u00eda, Nieto Galicia asegur\u00f3 que hasta ahora \u201ctodas las resoluciones judiciales nos han dado la raz\u00f3n en nuestro trabajo y sin exceder las funciones que nos otorga la ley\u201d.<br \/>\nEste fin de semana corri\u00f3 informaci\u00f3n en el sentido de que un juez federal orden\u00f3 a la gobernadora Lorena Cu\u00e9llar Cisneros remover de sus funciones a Juvencio Nieto Galicia como coordinador Estatal de Protecci\u00f3n Civil, despu\u00e9s de un litigio en el que se vio involucrado al ser demandado por una persona por el cierre de su negocio.<br \/>\nSin embargo, el funcionario adujo que detr\u00e1s de esa informaci\u00f3n \u201ca veces existe una prensa mal intencionada o mal informada, con intereses para atacar nuestro trabajo\u201d, pero seguimos realiz\u00e1ndolo, siempre en beneficio de evitar situaci\u00f3n de riesgo de la ciudadan\u00eda.<br \/>\n\u201cEs cierto que ha habido diversos amparos que todo ciudadano o empresario est\u00e1 en su derecho de interponer, pero ning\u00fan amparo se ha perdido, eso no es cierto. Todo acto que ha realizado la Coordinaci\u00f3n ha sido apegado a la norma\u201d.<br \/>\n-\u00bfTampoco ha habido alguna multa en su contra como funcionario?, se le pregunt\u00f3.<br \/>\n-\u201cDe alguna multa econ\u00f3mica no hay nada, solo la interposici\u00f3n de amparos, pero ninguno se ha perdido y seguimos con el trabajo arduo\u201d, respondi\u00f3.<br \/>\nEn ese sentido, reiter\u00f3 que como servidor p\u00fablico ha actuado conforme a la ley para que la normatividad se cumpla. \u201cAveces la forma m\u00e1s f\u00e1cil que tienen algunas personas que no quieren cumplir con la ley es la descalificaci\u00f3n con una mala intenci\u00f3n y una actitud negativa de conductas antiguas, pero siempre hemos actuado conforme a derecho\u201d, acot\u00f3.<\/p>\n<p>&nbsp;<\/p>\n<p><img loading=\"lazy\" decoding=\"async\" class=\"alignnone wp-image-28405 size-full\" src=\"https:\/\/labestiapolitica.com.mx\/wp-content\/uploads\/2024\/06\/U-NOVA-y-se-diferente.png\" alt=\"\" width=\"1000\" height=\"600\" srcset=\"https:\/\/labestiapolitica.com.mx\/wp-content\/uploads\/2024\/06\/U-NOVA-y-se-diferente.png 1000w, https:\/\/labestiapolitica.com.mx\/wp-content\/uploads\/2024\/06\/U-NOVA-y-se-diferente-300x180.png 300w, https:\/\/labestiapolitica.com.mx\/wp-content\/uploads\/2024\/06\/U-NOVA-y-se-diferente-768x461.png 768w\" sizes=\"auto, (max-width: 1000px) 100vw, 1000px\" \/><\/p>\n","protected":false},"excerpt":{"rendered":"<p>\u00a0\u201cSigo aqu\u00ed hasta que la gobernadora indique lo contrario; existen amparos pero ninguno se ha perdido\u201d, asegura Arturo POP\u00d3CATL\/ Al afirmar que tiene la conciencia tranquila y las manos limpias, Juvencio Nieto Galicia desminti\u00f3 su remoci\u00f3n como titular de la Coordinaci\u00f3n Estatal de Protecci\u00f3n Civil del Estado, al asegurar que sigue en funciones y trabajando [&hellip;]<\/p>\n","protected":false},"author":3,"featured_media":28902,"comment_status":"open","ping_status":"open","sticky":false,"template":"","format":"standard","meta":{"footnotes":""},"categories":[7],"tags":[],"class_list":["post-28901","post","type-post","status-publish","format-standard","has-post-thumbnail","hentry","category-ciudadanos"],"amp_enabled":true,"_links":{"self":[{"href":"https:\/\/labestiapolitica.com.mx\/index.php?rest_route=\/wp\/v2\/posts\/28901","targetHints":{"allow":["GET"]}}],"collection":[{"href":"https:\/\/labestiapolitica.com.mx\/index.php?rest_route=\/wp\/v2\/posts"}],"about":[{"href":"https:\/\/labestiapolitica.com.mx\/index.php?rest_route=\/wp\/v2\/types\/post"}],"author":[{"embeddable":true,"href":"https:\/\/labestiapolitica.com.mx\/index.php?rest_route=\/wp\/v2\/users\/3"}],"replies":[{"embeddable":true,"href":"https:\/\/labestiapolitica.com.mx\/index.php?rest_route=%2Fwp%2Fv2%2Fcomments&post=28901"}],"version-history":[{"count":1,"href":"https:\/\/labestiapolitica.com.mx\/index.php?rest_route=\/wp\/v2\/posts\/28901\/revisions"}],"predecessor-version":[{"id":28903,"href":"https:\/\/labestiapolitica.com.mx\/index.php?rest_route=\/wp\/v2\/posts\/28901\/revisions\/28903"}],"wp:featuredmedia":[{"embeddable":true,"href":"https:\/\/labestiapolitica.com.mx\/index.php?rest_route=\/wp\/v2\/media\/28902"}],"wp:attachment":[{"href":"https:\/\/labestiapolitica.com.mx\/index.php?rest_route=%2Fwp%2Fv2%2Fmedia&parent=28901"}],"wp:term":[{"taxonomy":"category","embeddable":true,"href":"https:\/\/labestiapolitica.com.mx\/index.php?rest_route=%2Fwp%2Fv2%2Fcategories&post=28901"},{"taxonomy":"post_tag","embeddable":true,"href":"https:\/\/labestiapolitica.com.mx\/index.php?rest_route=%2Fwp%2Fv2%2Ftags&post=28901"}],"curies":[{"name":"wp","href":"https:\/\/api.w.org\/{rel}","templated":true}]}}