{"id":28908,"date":"2024-06-24T17:53:18","date_gmt":"2024-06-24T23:53:18","guid":{"rendered":"https:\/\/labestiapolitica.com.mx\/?p=28908"},"modified":"2024-06-24T17:53:18","modified_gmt":"2024-06-24T23:53:18","slug":"anuncian-senadores-foro-en-tlaxcala-para-conocer-a-fondo-reforma-al-poder-judicial","status":"publish","type":"post","link":"https:\/\/labestiapolitica.com.mx\/?p=28908","title":{"rendered":"Anuncian senadores foro en Tlaxcala para conocer a fondo reforma al Poder Judicial."},"content":{"rendered":"<ul>\n<li style=\"text-align: justify;\">Conf\u00edan que en 2025 ya se elijan ministros con nuevo sistema de elecci\u00f3n; a\u00fan se desconoce cu\u00e1ndo bajar\u00e1 la reforma a las entidades federativas<\/li>\n<\/ul>\n<p style=\"text-align: justify;\">Tras reiterar sus cr\u00edticas a la corrupci\u00f3n y nepotismo dentro del Poder Judicial, este lunes la senadora Ana Lilia Rivera Rivera y el senador Jos\u00e9 Antonio \u00c1lvarez Lima anunciaron la realizaci\u00f3n de un foro el viernes en el auditorio de la Universidad Aut\u00f3noma de Tlaxcala (UAT), con el objetivo de analizar la propuesta que existe a nivel nacional para concretar una reforma constitucional que lleve a una profunda reforma al Poder Judicial de la Federaci\u00f3n y que deber\u00e1 bajar tambi\u00e9n a las 32 entidades federativas del pa\u00eds.<br \/>\nLa idea es que en el foro que se realizar\u00e1 en la sede de la m\u00e1xima casa de estudios participen acad\u00e9micos, investigadores, integrantes de los tres Poderes y la misma sociedad en general, para conocer con detenimiento la propuesta realizada por el presidente Andr\u00e9s Manuel L\u00f3pez Obrador, la cual ha sido respaldada por la virtual presidenta electa Claudia Sheinbaum Pardo.<br \/>\nRivera Rivera y \u00c1lvarez Lima confiaron en que las reformas se concreten este mismo a\u00f1o a fin de que en 2025 ya se lleve a cabo la elecci\u00f3n de ministros, cuyo n\u00famero deber\u00e1 disminuir de 11 a 9 y su permanencia bajar de 15 a 12 a\u00f1os.<br \/>\nLa reforma, anticiparon, deber\u00e1 darse tambi\u00e9n en las 32 entidades federativas del pa\u00eds, con el objetivo de \u201camarrar las manos\u201d a los titulares del Ejecutivo en la definici\u00f3n de ternas que llevan a la integraci\u00f3n de los Poderes Judiciales locales, para que la definici\u00f3n de propuestas surjan de los tres Poderes y \u201cla ciudadan\u00eda pueda elegirlas en libertad y sin miedo, tal y como sali\u00f3 a votar en la jornada electoral del pasado 2 de junio\u201d.<br \/>\nAmbos integrantes del Senado de la Rep\u00fablica subrayaron que el tema sustancial de la reforma al Poder Judicial es acabar con la corrupci\u00f3n y el nepotismo que existen de \u00e9l, as\u00ed como \u201camarrar\u201d las manos a las personas titulares del Poder Ejecutivo en su conformaci\u00f3n, pues ahora se pretende que las propuestas surjan de los tres Poderes y la ciudadan\u00eda elija y legitime con su voto a quienes integrar\u00e1n el Poder Judicial.<br \/>\nAmbos reconocieron que a\u00fan no existe una calendarizaci\u00f3n de tiempo para que esa reforma tambi\u00e9n baje a las entidades federativas, pues todo ello deber\u00e1 estar definido en art\u00edculos transitorios dentro de la misma Constituci\u00f3n Pol\u00edtica federal.<br \/>\nDe entrada, descartaron que vaya a haber vac\u00edo de poder y de funciones en diversas instituciones jurisdiccionales, como los tribunales electorales locales y de justicia administrativa, pues en \u00e9stos existe profesionales que m\u00e1s adelante pueden fungir como encargados de despacho.<br \/>\nTambi\u00e9n descartaron la posibilidad de despidos masivos tanto en el Poder Judicial de la Federaci\u00f3n como en los Poderes Judiciales locales, adem\u00e1s de que se respetar\u00e1n los derechos laborales de todos los trabajadores.<br \/>\nLa senadora Ana Lilia Rivera critic\u00f3 el hecho de que a la reforma que se pretende en M\u00e9xico se le haya querido comparar con aquella que se concret\u00f3 en Bolivia, pues \u201cla nuestra no tiene comparaci\u00f3n con ninguna otra en el mundo\u201d. Por ello es que invit\u00f3 a la participaci\u00f3n el pr\u00f3ximo viernes en el foro, para conocer con m\u00e1s detenimiento el contenido de la reforma al Poder Judicial y lo que\u00a0se\u00a0pretende.<\/p>\n<p>&nbsp;<\/p>\n<p><img loading=\"lazy\" decoding=\"async\" class=\"alignnone wp-image-28405 size-full\" src=\"https:\/\/labestiapolitica.com.mx\/wp-content\/uploads\/2024\/06\/U-NOVA-y-se-diferente.png\" alt=\"\" width=\"1000\" height=\"600\" srcset=\"https:\/\/labestiapolitica.com.mx\/wp-content\/uploads\/2024\/06\/U-NOVA-y-se-diferente.png 1000w, https:\/\/labestiapolitica.com.mx\/wp-content\/uploads\/2024\/06\/U-NOVA-y-se-diferente-300x180.png 300w, https:\/\/labestiapolitica.com.mx\/wp-content\/uploads\/2024\/06\/U-NOVA-y-se-diferente-768x461.png 768w\" sizes=\"auto, (max-width: 1000px) 100vw, 1000px\" \/><\/p>\n","protected":false},"excerpt":{"rendered":"<p>Conf\u00edan que en 2025 ya se elijan ministros con nuevo sistema de elecci\u00f3n; a\u00fan se desconoce cu\u00e1ndo bajar\u00e1 la reforma a las entidades federativas Tras reiterar sus cr\u00edticas a la corrupci\u00f3n y nepotismo dentro del Poder Judicial, este lunes la senadora Ana Lilia Rivera Rivera y el senador Jos\u00e9 Antonio \u00c1lvarez Lima anunciaron la realizaci\u00f3n [&hellip;]<\/p>\n","protected":false},"author":3,"featured_media":28910,"comment_status":"open","ping_status":"open","sticky":false,"template":"","format":"standard","meta":{"footnotes":""},"categories":[7],"tags":[],"class_list":["post-28908","post","type-post","status-publish","format-standard","has-post-thumbnail","hentry","category-ciudadanos"],"amp_enabled":true,"_links":{"self":[{"href":"https:\/\/labestiapolitica.com.mx\/index.php?rest_route=\/wp\/v2\/posts\/28908","targetHints":{"allow":["GET"]}}],"collection":[{"href":"https:\/\/labestiapolitica.com.mx\/index.php?rest_route=\/wp\/v2\/posts"}],"about":[{"href":"https:\/\/labestiapolitica.com.mx\/index.php?rest_route=\/wp\/v2\/types\/post"}],"author":[{"embeddable":true,"href":"https:\/\/labestiapolitica.com.mx\/index.php?rest_route=\/wp\/v2\/users\/3"}],"replies":[{"embeddable":true,"href":"https:\/\/labestiapolitica.com.mx\/index.php?rest_route=%2Fwp%2Fv2%2Fcomments&post=28908"}],"version-history":[{"count":1,"href":"https:\/\/labestiapolitica.com.mx\/index.php?rest_route=\/wp\/v2\/posts\/28908\/revisions"}],"predecessor-version":[{"id":28911,"href":"https:\/\/labestiapolitica.com.mx\/index.php?rest_route=\/wp\/v2\/posts\/28908\/revisions\/28911"}],"wp:featuredmedia":[{"embeddable":true,"href":"https:\/\/labestiapolitica.com.mx\/index.php?rest_route=\/wp\/v2\/media\/28910"}],"wp:attachment":[{"href":"https:\/\/labestiapolitica.com.mx\/index.php?rest_route=%2Fwp%2Fv2%2Fmedia&parent=28908"}],"wp:term":[{"taxonomy":"category","embeddable":true,"href":"https:\/\/labestiapolitica.com.mx\/index.php?rest_route=%2Fwp%2Fv2%2Fcategories&post=28908"},{"taxonomy":"post_tag","embeddable":true,"href":"https:\/\/labestiapolitica.com.mx\/index.php?rest_route=%2Fwp%2Fv2%2Ftags&post=28908"}],"curies":[{"name":"wp","href":"https:\/\/api.w.org\/{rel}","templated":true}]}}