{"id":28912,"date":"2024-06-24T18:07:55","date_gmt":"2024-06-25T00:07:55","guid":{"rendered":"https:\/\/labestiapolitica.com.mx\/?p=28912"},"modified":"2024-06-24T18:07:55","modified_gmt":"2024-06-25T00:07:55","slug":"todo-esta-listo-para-que-este-viernes-28-de-junio-inicie-la-feria-de-apetatitlan-2024-la-cual-ha-sido-preparada-con-esmero-dedicacion-y-responsabilidad-por-parte-del-ayuntamiento-que-encabeza-ang","status":"publish","type":"post","link":"https:\/\/labestiapolitica.com.mx\/?p=28912","title":{"rendered":"Todo est\u00e1 listo para que, este viernes 28 de junio, inicie la feria de Apetatitl\u00e1n 2024, la cual ha sido preparada con esmero, dedicaci\u00f3n y responsabilidad, por parte del ayuntamiento que encabeza \u00c1ngelo Guti\u00e9rrez Hern\u00e1ndez."},"content":{"rendered":"<p style=\"text-align: justify;\">Por tercer a\u00f1o consecutivo, la feria ha sido ideada para que sea una fiesta con sentido social, de inclusi\u00f3n y para toda la familia.<\/p>\n<p style=\"text-align: justify;\">Durante tres d\u00edas, ni\u00f1os, j\u00f3venes, adultos mayores, mujeres y hombres, podr\u00e1n disfrutar de diversas actividades que van desde bailes, juegos mec\u00e1nicos, culturales y art\u00edsticos, entre otros, porque \u201ctendremos una fiesta con inclusi\u00f3n, con un programa para todos los gustos, preferencias y edades\u201d.<\/p>\n<p style=\"text-align: justify;\">La feria arranca el pr\u00f3ximo 28 de junio con un mega baile que a todos gustar\u00e1, con la presentaci\u00f3n estelar del Grupo Brindis x Siempre, alternando con Grupo Quintana y Garra Felina.<\/p>\n<p style=\"text-align: justify;\">La fiesta contin\u00faa el s\u00e1bado 29 de junio, con diversas actividades en el teatro del pueblo, con una funci\u00f3n estelar de lucha libre, que se realizar\u00e1 a las 16 horas, adem\u00e1s del show del imitador de Vicente Fern\u00e1ndez, el espect\u00e1culo del artista de televisi\u00f3n El Gamborimbo y la actuaci\u00f3n especial de la Tuna de la Universidad Aut\u00f3noma de Tlaxcala.<\/p>\n<p style=\"text-align: justify;\">El d\u00eda domingo, las familias, en especial los peque\u00f1os, podr\u00e1n disfrutar del show de Bely y Beto, que se realizar\u00e1 a las 16 horas, para seguir con la presentaci\u00f3n de un imitador de Juan Gabriel, y para morirse de la risa, la presentaci\u00f3n de los comediantes Chuy Gonz\u00e1lez y el imitador de El Coste\u00f1ito y para cerrar con broche de oro, la presentaci\u00f3n de una banda de Rock.<\/p>\n<p style=\"text-align: justify;\">Recordar que la feria se realizar\u00e1 en las instalaciones de la Unidad Deportiva Antonio Carvajal, en donde habr\u00e1 venta de comida, artesan\u00edas, dulces t\u00edpicos y los juegos mec\u00e1nicos.<\/p>\n<p style=\"text-align: justify;\">El alcalde \u00c1ngelo Guti\u00e9rrez reiter\u00f3 el compromiso de su administraci\u00f3n por efectuar acciones que busquen la grandeza de la poblaci\u00f3n, por lo que invit\u00f3 a la ciudadan\u00eda a participar en cada una de las actividades que se realizar\u00e1n durante la feria de Apetatitl\u00e1n, \u201cporque nuestra feria la hacemos todos\u201d.<\/p>\n<p>&nbsp;<\/p>\n<p><img loading=\"lazy\" decoding=\"async\" class=\"alignnone wp-image-28405 size-full\" src=\"https:\/\/labestiapolitica.com.mx\/wp-content\/uploads\/2024\/06\/U-NOVA-y-se-diferente.png\" alt=\"\" width=\"1000\" height=\"600\" srcset=\"https:\/\/labestiapolitica.com.mx\/wp-content\/uploads\/2024\/06\/U-NOVA-y-se-diferente.png 1000w, https:\/\/labestiapolitica.com.mx\/wp-content\/uploads\/2024\/06\/U-NOVA-y-se-diferente-300x180.png 300w, https:\/\/labestiapolitica.com.mx\/wp-content\/uploads\/2024\/06\/U-NOVA-y-se-diferente-768x461.png 768w\" sizes=\"auto, (max-width: 1000px) 100vw, 1000px\" \/><\/p>\n","protected":false},"excerpt":{"rendered":"<p>Por tercer a\u00f1o consecutivo, la feria ha sido ideada para que sea una fiesta con sentido social, de inclusi\u00f3n y para toda la familia. Durante tres d\u00edas, ni\u00f1os, j\u00f3venes, adultos mayores, mujeres y hombres, podr\u00e1n disfrutar de diversas actividades que van desde bailes, juegos mec\u00e1nicos, culturales y art\u00edsticos, entre otros, porque \u201ctendremos una fiesta con [&hellip;]<\/p>\n","protected":false},"author":3,"featured_media":28913,"comment_status":"open","ping_status":"open","sticky":false,"template":"","format":"standard","meta":{"footnotes":""},"categories":[7],"tags":[],"class_list":["post-28912","post","type-post","status-publish","format-standard","has-post-thumbnail","hentry","category-ciudadanos"],"amp_enabled":true,"_links":{"self":[{"href":"https:\/\/labestiapolitica.com.mx\/index.php?rest_route=\/wp\/v2\/posts\/28912","targetHints":{"allow":["GET"]}}],"collection":[{"href":"https:\/\/labestiapolitica.com.mx\/index.php?rest_route=\/wp\/v2\/posts"}],"about":[{"href":"https:\/\/labestiapolitica.com.mx\/index.php?rest_route=\/wp\/v2\/types\/post"}],"author":[{"embeddable":true,"href":"https:\/\/labestiapolitica.com.mx\/index.php?rest_route=\/wp\/v2\/users\/3"}],"replies":[{"embeddable":true,"href":"https:\/\/labestiapolitica.com.mx\/index.php?rest_route=%2Fwp%2Fv2%2Fcomments&post=28912"}],"version-history":[{"count":1,"href":"https:\/\/labestiapolitica.com.mx\/index.php?rest_route=\/wp\/v2\/posts\/28912\/revisions"}],"predecessor-version":[{"id":28914,"href":"https:\/\/labestiapolitica.com.mx\/index.php?rest_route=\/wp\/v2\/posts\/28912\/revisions\/28914"}],"wp:featuredmedia":[{"embeddable":true,"href":"https:\/\/labestiapolitica.com.mx\/index.php?rest_route=\/wp\/v2\/media\/28913"}],"wp:attachment":[{"href":"https:\/\/labestiapolitica.com.mx\/index.php?rest_route=%2Fwp%2Fv2%2Fmedia&parent=28912"}],"wp:term":[{"taxonomy":"category","embeddable":true,"href":"https:\/\/labestiapolitica.com.mx\/index.php?rest_route=%2Fwp%2Fv2%2Fcategories&post=28912"},{"taxonomy":"post_tag","embeddable":true,"href":"https:\/\/labestiapolitica.com.mx\/index.php?rest_route=%2Fwp%2Fv2%2Ftags&post=28912"}],"curies":[{"name":"wp","href":"https:\/\/api.w.org\/{rel}","templated":true}]}}