{"id":28918,"date":"2024-06-24T18:29:51","date_gmt":"2024-06-25T00:29:51","guid":{"rendered":"https:\/\/labestiapolitica.com.mx\/?p=28918"},"modified":"2024-06-24T18:29:51","modified_gmt":"2024-06-25T00:29:51","slug":"agenda-gobierno-del-estado-de-tlaxcala","status":"publish","type":"post","link":"https:\/\/labestiapolitica.com.mx\/?p=28918","title":{"rendered":"Agenda Gobierno del Estado de Tlaxcala."},"content":{"rendered":"<p style=\"text-align: justify;\">CULMINA PROGRAMA RUTAS M\u00c1GICAS DE COLOR EN EL PUEBLO M\u00c1GICO DE TLAXCO<\/p>\n<p style=\"text-align: justify;\">*Se dio a conocer la gu\u00eda tur\u00edstica que contiene atractivos culturales, hist\u00f3ricos, gastron\u00f3micos y naturales<\/p>\n<p style=\"text-align: justify;\">Con la finalidad de resaltar la belleza del Pueblo M\u00e1gico de Tlaxco, culmin\u00f3 el programa Rutas M\u00e1gicas de Color, que se llev\u00f3 a cabo a trav\u00e9s de la fundaci\u00f3n Coraz\u00f3n Urbano, la empresa Comex, el gobierno municipal y la Secretar\u00eda de Turismo del Estado (Secture), mediante una inversi\u00f3n de un mill\u00f3n 100 mil pesos.<\/p>\n<p style=\"text-align: justify;\">Al terminar la tercera etapa del 2024, la titular de la Secture, Josefina Rodr\u00edguez Zamora, precis\u00f3 que se trabaj\u00f3 en 37 mil 726.21 metros superficie para embellecer el primer cuadro del Pueblo M\u00e1gico, as\u00ed como la Barca de la Fe, en la localidad Buena Vista, y en la Parroquia de San Agust\u00edn.<\/p>\n<p style=\"text-align: justify;\">\u00abEs un gran trabajo el que se hizo y de quienes participaron, lo que dar\u00e1 como resultado un lugar visiblemente m\u00e1s bello, ordenado y limpio, lo cual da confianza y atracci\u00f3n a los visitantes\u00bb, coment\u00f3.<\/p>\n<p style=\"text-align: justify;\">La funcionaria agreg\u00f3 que, en la Parroquia de San Agust\u00edn, se dio atenci\u00f3n en la fachada para darle mantenimiento a este lugar, donde se resguarda un retablo de estilo barroco del siglo XVI.<\/p>\n<p style=\"text-align: justify;\">Resalt\u00f3 tambi\u00e9n la unificaci\u00f3n de los letreros de los comercios, lo que resalta a la vista, porque es un elemento b\u00e1sico para preservar la denominaci\u00f3n de Pueblo M\u00e1gico.<\/p>\n<p style=\"text-align: justify;\">Rodr\u00edguez Zamora indic\u00f3 que Tlaxco ya cuenta con una gu\u00eda tur\u00edstica con sus principales atractivos \u00abpara que visitantes locales, regionales e internacionales se enamoren del Pueblo M\u00e1gico, donde hay riqueza cultural, hist\u00f3rica, gastron\u00f3mica y de naturaleza\u00bb.<\/p>\n<p style=\"text-align: justify;\">La gu\u00eda de Tlaxco se puede adquirir en la direcci\u00f3n de turismo municipal, as\u00ed como en los diferentes m\u00f3dulos de informaci\u00f3n tur\u00edstica ubicados en Correos y Ocotl\u00e1n, as\u00ed como el Lobby de la Secture, en la ciudad de Tlaxcala, adem\u00e1s de Val\u2019Quirico, en el municipio de Nat\u00edvitas.<\/p>\n<p style=\"text-align: justify;\">Con estas labores, la Secture incentiva la llegada de turistas, lo que favorece el desarrollo econ\u00f3mico y la creaci\u00f3n de empleos, para ofrecer mejor calidad de vida en la entidad.<\/p>\n<p style=\"text-align: justify;\"><img loading=\"lazy\" decoding=\"async\" class=\"alignnone wp-image-28921 size-full\" src=\"https:\/\/labestiapolitica.com.mx\/wp-content\/uploads\/2024\/06\/Fotos-rapidas-34-2.png\" alt=\"\" width=\"1000\" height=\"600\" srcset=\"https:\/\/labestiapolitica.com.mx\/wp-content\/uploads\/2024\/06\/Fotos-rapidas-34-2.png 1000w, https:\/\/labestiapolitica.com.mx\/wp-content\/uploads\/2024\/06\/Fotos-rapidas-34-2-300x180.png 300w, https:\/\/labestiapolitica.com.mx\/wp-content\/uploads\/2024\/06\/Fotos-rapidas-34-2-768x461.png 768w\" sizes=\"auto, (max-width: 1000px) 100vw, 1000px\" \/><\/p>\n<p style=\"text-align: justify;\">*********<\/p>\n<p style=\"text-align: justify;\">EMBAJADORES TUR\u00cdSTICOS BRINDAN ATENCI\u00d3N A TURISTAS DURANTE TORNEO DE VOLEIBOL DE PLAYA<\/p>\n<p style=\"text-align: justify;\">*Proporcionan informaci\u00f3n puntual acerca de los principales atractivos tur\u00edsticos de la entidad<\/p>\n<p style=\"text-align: justify;\">La Secretar\u00eda de Turismo del Estado (Secture), a trav\u00e9s del Programa \u00abEmbajadores Tur\u00edsticos\u00bb, brinda atenci\u00f3n a los turistas que visitan la capital tlaxcalteca con motivo del Torneo Clasificatorio Ol\u00edmpico NORCECA de Vol\u00e9ibol de Playa Tlaxcala 2024.<\/p>\n<p style=\"text-align: justify;\">Los Embajadores Tur\u00edsticos son estudiantes de las licenciaturas en Turismo Internacional, Gastronom\u00eda e Idiomas de diferentes universidades del Estado, y se formaron a trav\u00e9s de un Programa de 83 horas a cargo de la Secture.<\/p>\n<p style=\"text-align: justify;\">Desde el pasado 21 de junio, y hasta este 23 de junio, los Embajadores Tur\u00edsticos estar\u00e1n presentes en el primer cuadro de la capital del estado.<\/p>\n<p style=\"text-align: justify;\">Ah\u00ed, proporcionar\u00e1n informaci\u00f3n puntual acerca de los principales atractivos tur\u00edsticos de la entidad, tanto culturales como naturales, as\u00ed como la riqueza gastron\u00f3mica y artesanal.<\/p>\n<p style=\"text-align: justify;\">Tambi\u00e9n ofrecer\u00e1n otros datos de inter\u00e9s que soliciten los turistas, a fin de hacer m\u00e1s c\u00f3moda e interesante su estad\u00eda en el estado.<\/p>\n<p style=\"text-align: justify;\">Los Embajadores Tur\u00edsticos pueden identificarse porque portan un chaleco morado, y cuentan con la mejor disposici\u00f3n de orientar a los visitantes, principalmente, en el marco de la fiesta deportiva que se desarrolla en la ciudad para definir los \u00faltimos dos pases a los Juegos Ol\u00edmpicos de Paris 2024 en la disciplina de voleibol de playa.<\/p>\n<p style=\"text-align: justify;\"><img loading=\"lazy\" decoding=\"async\" class=\"alignnone wp-image-28920 size-full\" src=\"https:\/\/labestiapolitica.com.mx\/wp-content\/uploads\/2024\/06\/Fotos-rapidas-35.png\" alt=\"\" width=\"1000\" height=\"600\" srcset=\"https:\/\/labestiapolitica.com.mx\/wp-content\/uploads\/2024\/06\/Fotos-rapidas-35.png 1000w, https:\/\/labestiapolitica.com.mx\/wp-content\/uploads\/2024\/06\/Fotos-rapidas-35-300x180.png 300w, https:\/\/labestiapolitica.com.mx\/wp-content\/uploads\/2024\/06\/Fotos-rapidas-35-768x461.png 768w\" sizes=\"auto, (max-width: 1000px) 100vw, 1000px\" \/><\/p>\n<p style=\"text-align: justify;\">******<\/p>\n<p style=\"text-align: justify;\">ALCANZA 300 POR CIENTO LA COBERTURA DE SERVICIOS DE SALUD EN TLAXCALA CON IMSS-BIENESTAR<\/p>\n<p style=\"text-align: justify;\">*En el estado se han invertido m\u00e1s de 936 millones de pesos en el nuevo sistema de salud<\/p>\n<p style=\"text-align: justify;\">La gobernadora de la salud, Lorena Cu\u00e9llar Cisneros, sostuvo una reuni\u00f3n de evaluaci\u00f3n del IMSS-Bienestar junto con el secretario de salud del gobierno de M\u00e9xico, Jorge Alcocer Varela y el director general de ese sistema de salud, Zo\u00e9 Robledo Aburto, quien destac\u00f3 que, para el caso de Tlaxcala, se han invertido m\u00e1s de 936 millones de pesos a fin de fortalecer este esquema de salud p\u00fablica.<\/p>\n<p style=\"text-align: justify;\">Cu\u00e9llar Cisneros indic\u00f3 que los recursos se aplicaron en infraestructura, equipamiento y mantenimiento de unidades, abasto de medicamentos y basificaci\u00f3n del personal, entre otras cosas; lo que ha permitido tener avances hist\u00f3ricos en el tema de salud, pues en este proceso se han eliminado actos que provocaban millonarias p\u00e9rdidas.<\/p>\n<p style=\"text-align: justify;\">\u201cCada acci\u00f3n que hemos dado contra la corrupci\u00f3n, acompa\u00f1ados por las autoridades federales es fundamental para la recuperaci\u00f3n y buena salud de este sector, a medida que la erradicamos, hemos visto resultados palpables e hist\u00f3ricos que demuestran que con honestidad se puede construir una nueva historia\u201d se\u00f1al\u00f3 la mandataria tlaxcalteca.<\/p>\n<p style=\"text-align: justify;\">Reunidos en el sal\u00f3n rojo del Palacio de Gobierno, Cu\u00e9llar Cisneros agradeci\u00f3 al presidente de la Rep\u00fablica, Andr\u00e9s Manuel L\u00f3pez Obrador, por iniciar el proyecto de un nuevo sistema de salud, pues gracias a ello, ahora en Tlaxcala el 55 por ciento del total de la poblaci\u00f3n tlaxcalteca se atiende en este esquema.<\/p>\n<p style=\"text-align: justify;\">La titular del Ejecutivo agreg\u00f3 que \u201cTlaxcala no solo goza de hospitales y unidades de salud m\u00e1s dignas y mejores equipadas, sino que tambi\u00e9n, en menos de tres a\u00f1os, ampliamos y modernizamos la infraestructura con la construcci\u00f3n del Centro Regulador de Urgencias M\u00e9dicas, las unidades de hemodi\u00e1lisis y m\u00e1s\u201d.<\/p>\n<p style=\"text-align: justify;\">Mientras que Robledo Aburto resalt\u00f3 que 433 trabajadores ya est\u00e1n basificados, entre los que se encuentran: auxiliares de enfermer\u00eda, enfermer\u00eda general y especialista, param\u00e9dicos, m\u00e9dicos generales y especialistas, con una inversi\u00f3n de 187.35 millones de pesos anuales.<\/p>\n<p style=\"text-align: justify;\">A\u00f1adi\u00f3 que el elemento clave para que el sistema de salud funcione es la coordinaci\u00f3n, la cual se tiene con la entidad y por ello el 100 por ciento de hospitales y Centros de Salud ya est\u00e1n debidamente identificados como IMSS-Bienestar, aunado a que en Tlaxcala se tiene un aumento en la productividad quir\u00fargica.<\/p>\n<p style=\"text-align: justify;\">En su intervenci\u00f3n, el director general del IMSS-Bienestar Zo\u00e9 Robledo Aburto, destac\u00f3 que, a tres a\u00f1os de la administraci\u00f3n de Lorena Cu\u00e9llar en Tlaxcala, se ha logrado incrementar hasta en un 300 por ciento la cobertura de los servicios de salud en el estado, en beneficio de las personas sin ning\u00fan tipo de seguridad social, lo que ha permitido transformar las vidas de m\u00e1s familias en Tlaxcala.<\/p>\n<p style=\"text-align: justify;\">Asimismo, el titular del IMSS, destac\u00f3 que de 179 unidades de salud que conforman el Programa \u201cLa Cl\u00ednica es Nuestra\u201d, 178 ya cuentan con sus tarjetas para que los Comit\u00e9s de Salud y Bienestar decidan las acciones a realizar de acuerdo a cada una de sus necesidades y ayuden a mejorar el servicio y calidad del mismo.<\/p>\n<p style=\"text-align: justify;\">En cuanto a la credencializaci\u00f3n, precis\u00f3 que se llevan impresas 108 mil 467 unidades, cifra que aumentar\u00e1 hasta que todas las personas sin seguridad social en el estado de Tlaxcala est\u00e9n protegidas y puedan recibir un servicio de calidad, calidez y humanismo.<\/p>\n<p style=\"text-align: justify;\">A su vez, Jorge Alcocer Varela coincidi\u00f3 en que la uni\u00f3n de fuerzas, el trabajo en equipo y coordinado es lo mejor para poder brindar a la poblaci\u00f3n bienestar.<\/p>\n<p style=\"text-align: justify;\">Por \u00faltimo, la subsecretaria de la Secretar\u00eda de la Funci\u00f3n P\u00fablica (SFP), Thal\u00eda Concepci\u00f3n Lagunas Arag\u00f3n y el director General de Laboratorios de biol\u00f3gicos y reactivos Birmex, Jens Pedro Lohmann Iturburu, reconocieron los avances de la entidad en la implementaci\u00f3n del Programa IMSS Bienestar.<\/p>\n<p style=\"text-align: justify;\">\u201cPara que Birmex haya llegado al 96 por ciento de entregas en el estado es porque ha funcionado muy bien, hay que seguir con esa coordinaci\u00f3n. Ya Birmex atendi\u00f3 todas las unidades m\u00e9dicas, realiz\u00f3 todas sus rutas. Entonces gobernadora para que sepa que, de todos los estados que llevamos a la fecha este es el m\u00e1s avanzado y es el que tiene el porcentaje m\u00e1s avanzado para crecer\u201d acot\u00f3 Lohmann Iturburu.<\/p>\n<p style=\"text-align: justify;\">Con estas acciones, el gobierno del estado reitera su compromiso de dotar de bienestar, esperanza y un mejor porvenir a todos los tlaxcaltecas.<\/p>\n<p><img loading=\"lazy\" decoding=\"async\" class=\"alignnone wp-image-28922 size-full\" src=\"https:\/\/labestiapolitica.com.mx\/wp-content\/uploads\/2024\/06\/Fotos-rapidas-33.png\" alt=\"\" width=\"1000\" height=\"600\" srcset=\"https:\/\/labestiapolitica.com.mx\/wp-content\/uploads\/2024\/06\/Fotos-rapidas-33.png 1000w, https:\/\/labestiapolitica.com.mx\/wp-content\/uploads\/2024\/06\/Fotos-rapidas-33-300x180.png 300w, https:\/\/labestiapolitica.com.mx\/wp-content\/uploads\/2024\/06\/Fotos-rapidas-33-768x461.png 768w\" sizes=\"auto, (max-width: 1000px) 100vw, 1000px\" \/><\/p>\n<p>&nbsp;<\/p>\n<p><img loading=\"lazy\" decoding=\"async\" class=\"alignnone wp-image-28405 size-full\" src=\"https:\/\/labestiapolitica.com.mx\/wp-content\/uploads\/2024\/06\/U-NOVA-y-se-diferente.png\" alt=\"\" width=\"1000\" height=\"600\" srcset=\"https:\/\/labestiapolitica.com.mx\/wp-content\/uploads\/2024\/06\/U-NOVA-y-se-diferente.png 1000w, https:\/\/labestiapolitica.com.mx\/wp-content\/uploads\/2024\/06\/U-NOVA-y-se-diferente-300x180.png 300w, https:\/\/labestiapolitica.com.mx\/wp-content\/uploads\/2024\/06\/U-NOVA-y-se-diferente-768x461.png 768w\" sizes=\"auto, (max-width: 1000px) 100vw, 1000px\" \/><\/p>\n","protected":false},"excerpt":{"rendered":"<p>CULMINA PROGRAMA RUTAS M\u00c1GICAS DE COLOR EN EL PUEBLO M\u00c1GICO DE TLAXCO *Se dio a conocer la gu\u00eda tur\u00edstica que contiene atractivos culturales, hist\u00f3ricos, gastron\u00f3micos y naturales Con la finalidad de resaltar la belleza del Pueblo M\u00e1gico de Tlaxco, culmin\u00f3 el programa Rutas M\u00e1gicas de Color, que se llev\u00f3 a cabo a trav\u00e9s de la [&hellip;]<\/p>\n","protected":false},"author":3,"featured_media":28919,"comment_status":"open","ping_status":"open","sticky":false,"template":"","format":"standard","meta":{"footnotes":""},"categories":[7],"tags":[],"class_list":["post-28918","post","type-post","status-publish","format-standard","has-post-thumbnail","hentry","category-ciudadanos"],"amp_enabled":true,"_links":{"self":[{"href":"https:\/\/labestiapolitica.com.mx\/index.php?rest_route=\/wp\/v2\/posts\/28918","targetHints":{"allow":["GET"]}}],"collection":[{"href":"https:\/\/labestiapolitica.com.mx\/index.php?rest_route=\/wp\/v2\/posts"}],"about":[{"href":"https:\/\/labestiapolitica.com.mx\/index.php?rest_route=\/wp\/v2\/types\/post"}],"author":[{"embeddable":true,"href":"https:\/\/labestiapolitica.com.mx\/index.php?rest_route=\/wp\/v2\/users\/3"}],"replies":[{"embeddable":true,"href":"https:\/\/labestiapolitica.com.mx\/index.php?rest_route=%2Fwp%2Fv2%2Fcomments&post=28918"}],"version-history":[{"count":1,"href":"https:\/\/labestiapolitica.com.mx\/index.php?rest_route=\/wp\/v2\/posts\/28918\/revisions"}],"predecessor-version":[{"id":28923,"href":"https:\/\/labestiapolitica.com.mx\/index.php?rest_route=\/wp\/v2\/posts\/28918\/revisions\/28923"}],"wp:featuredmedia":[{"embeddable":true,"href":"https:\/\/labestiapolitica.com.mx\/index.php?rest_route=\/wp\/v2\/media\/28919"}],"wp:attachment":[{"href":"https:\/\/labestiapolitica.com.mx\/index.php?rest_route=%2Fwp%2Fv2%2Fmedia&parent=28918"}],"wp:term":[{"taxonomy":"category","embeddable":true,"href":"https:\/\/labestiapolitica.com.mx\/index.php?rest_route=%2Fwp%2Fv2%2Fcategories&post=28918"},{"taxonomy":"post_tag","embeddable":true,"href":"https:\/\/labestiapolitica.com.mx\/index.php?rest_route=%2Fwp%2Fv2%2Ftags&post=28918"}],"curies":[{"name":"wp","href":"https:\/\/api.w.org\/{rel}","templated":true}]}}