{"id":28924,"date":"2024-06-24T18:32:48","date_gmt":"2024-06-25T00:32:48","guid":{"rendered":"https:\/\/labestiapolitica.com.mx\/?p=28924"},"modified":"2024-06-24T18:32:48","modified_gmt":"2024-06-25T00:32:48","slug":"invita-sma-a-participar-en-el-proyecto-conservacion-y-uso-sostenible-en-montanas-y-sierras","status":"publish","type":"post","link":"https:\/\/labestiapolitica.com.mx\/?p=28924","title":{"rendered":"Invita SMA a participar en el proyecto \u00abconservaci\u00f3n y uso sostenible en monta\u00f1as y sierras\u00bb."},"content":{"rendered":"<ul>\n<li style=\"text-align: justify;\">Dicha convocatoria deriva del Fondo Mexicano para la Conservaci\u00f3n de la Naturaleza A.C. y est\u00e1 dirigida a Organizaciones Legalmente Constituidas<\/li>\n<\/ul>\n<p style=\"text-align: justify;\">La Secretar\u00eda de Medio Ambiente (SMA) del estado de Tlaxcala invita a Organizaciones Legalmente Constituidas (OLCC) a participar en el Proyecto \u201cConservaci\u00f3n y Uso Sostenible en Monta\u00f1as y Sierras\u201d (CoSMoS).<\/p>\n<p style=\"text-align: justify;\">El titular de la dependencia, Pedro Aquino Alvarado, indic\u00f3 que esta convocatoria es para financiar propuestas de restauraci\u00f3n en la regi\u00f3n Centro y Eje Neovolc\u00e1nico, a la cual pertenece el Parque Nacional \u201cLa Malinche\u201d, y que es lanzada por el Fondo Mexicano para la Conservaci\u00f3n de la Naturaleza A.C. (FMCN).<\/p>\n<p style=\"text-align: justify;\">Al respecto, refiri\u00f3 que el proyecto CoSMoS busca, entre otros resultados, el manejo efectivo de las \u00c1reas Naturales Protegidas (ANP\u00b4s) y el fortalecimiento de la restauraci\u00f3n de ecosistemas de monta\u00f1a, a efecto de aumentar la conservaci\u00f3n de la biodiversidad y los servicios ecosist\u00e9micos.<\/p>\n<p style=\"text-align: justify;\">Tambi\u00e9n que la econom\u00eda local se fortalezca a trav\u00e9s del uso y aprovechamiento sostenible de los bienes y servicios ecosist\u00e9micos proporcionados por las ANP\u00b4s federales, y que el proyecto cuente con la infraestructura digital y tecnolog\u00eda aplicada para una mejor toma de decisiones en la conservaci\u00f3n, as\u00ed como una comunicaci\u00f3n efectiva en la educaci\u00f3n ambiental.<\/p>\n<p style=\"text-align: justify;\">Las OLCC que participen tienen que considerar que los temas para desarrollar su propuesta deber\u00e1n relacionarse con: Mantenimiento y reversi\u00f3n de cambio de uso de suelo actual, Aprovechamiento sostenible de los recursos naturales, Mejoramiento de la calidad del agua en cuerpos de agua dulce, y Control y erradicaci\u00f3n de especies invasoras.<\/p>\n<p style=\"text-align: justify;\">Una vez elaborada la propuesta, deber\u00e1 ser enviada a trav\u00e9s de la plataforma de propuesta Vinko, por medio del link: https:\/\/fmcn-convocatorias.vform.io\/ , la cual ser\u00e1 evaluada para ser, en caso de cumplir con lo requerido, aprobada por los \u00f3rganos de gobernanza.<\/p>\n<p style=\"text-align: justify;\">Tras la aprobaci\u00f3n, se anunciar\u00e1n los subproyectos seleccionados a partir de la primera quincena de octubre, para dar inicio en la primera quincena de noviembre de 2024.<\/p>\n<p style=\"text-align: justify;\">La fecha l\u00edmite para aplicar a dicha convocatoria es el 15 de julio de 2024 y las zonas elegibles podr\u00e1n ser consultadas a trav\u00e9s del link: www.fmcn.org\/es\/convocatorias-financiamiento.<\/p>\n<p style=\"text-align: justify;\">Para cualquier duda o comentario, el FMCN pone a disposici\u00f3n su reuni\u00f3n virtual el pr\u00f3ximo 25 de junio en dos horarios: de 11:00 a 13:00 horas, y de 16:00 a 18:00 horas.<\/p>\n<p>&nbsp;<\/p>\n<p><img loading=\"lazy\" decoding=\"async\" class=\"alignnone wp-image-28405 size-full\" src=\"https:\/\/labestiapolitica.com.mx\/wp-content\/uploads\/2024\/06\/U-NOVA-y-se-diferente.png\" alt=\"\" width=\"1000\" height=\"600\" srcset=\"https:\/\/labestiapolitica.com.mx\/wp-content\/uploads\/2024\/06\/U-NOVA-y-se-diferente.png 1000w, https:\/\/labestiapolitica.com.mx\/wp-content\/uploads\/2024\/06\/U-NOVA-y-se-diferente-300x180.png 300w, https:\/\/labestiapolitica.com.mx\/wp-content\/uploads\/2024\/06\/U-NOVA-y-se-diferente-768x461.png 768w\" sizes=\"auto, (max-width: 1000px) 100vw, 1000px\" \/><\/p>\n","protected":false},"excerpt":{"rendered":"<p>Dicha convocatoria deriva del Fondo Mexicano para la Conservaci\u00f3n de la Naturaleza A.C. y est\u00e1 dirigida a Organizaciones Legalmente Constituidas La Secretar\u00eda de Medio Ambiente (SMA) del estado de Tlaxcala invita a Organizaciones Legalmente Constituidas (OLCC) a participar en el Proyecto \u201cConservaci\u00f3n y Uso Sostenible en Monta\u00f1as y Sierras\u201d (CoSMoS). El titular de la dependencia, [&hellip;]<\/p>\n","protected":false},"author":3,"featured_media":28925,"comment_status":"open","ping_status":"open","sticky":false,"template":"","format":"standard","meta":{"footnotes":""},"categories":[7],"tags":[],"class_list":["post-28924","post","type-post","status-publish","format-standard","has-post-thumbnail","hentry","category-ciudadanos"],"amp_enabled":true,"_links":{"self":[{"href":"https:\/\/labestiapolitica.com.mx\/index.php?rest_route=\/wp\/v2\/posts\/28924","targetHints":{"allow":["GET"]}}],"collection":[{"href":"https:\/\/labestiapolitica.com.mx\/index.php?rest_route=\/wp\/v2\/posts"}],"about":[{"href":"https:\/\/labestiapolitica.com.mx\/index.php?rest_route=\/wp\/v2\/types\/post"}],"author":[{"embeddable":true,"href":"https:\/\/labestiapolitica.com.mx\/index.php?rest_route=\/wp\/v2\/users\/3"}],"replies":[{"embeddable":true,"href":"https:\/\/labestiapolitica.com.mx\/index.php?rest_route=%2Fwp%2Fv2%2Fcomments&post=28924"}],"version-history":[{"count":1,"href":"https:\/\/labestiapolitica.com.mx\/index.php?rest_route=\/wp\/v2\/posts\/28924\/revisions"}],"predecessor-version":[{"id":28926,"href":"https:\/\/labestiapolitica.com.mx\/index.php?rest_route=\/wp\/v2\/posts\/28924\/revisions\/28926"}],"wp:featuredmedia":[{"embeddable":true,"href":"https:\/\/labestiapolitica.com.mx\/index.php?rest_route=\/wp\/v2\/media\/28925"}],"wp:attachment":[{"href":"https:\/\/labestiapolitica.com.mx\/index.php?rest_route=%2Fwp%2Fv2%2Fmedia&parent=28924"}],"wp:term":[{"taxonomy":"category","embeddable":true,"href":"https:\/\/labestiapolitica.com.mx\/index.php?rest_route=%2Fwp%2Fv2%2Fcategories&post=28924"},{"taxonomy":"post_tag","embeddable":true,"href":"https:\/\/labestiapolitica.com.mx\/index.php?rest_route=%2Fwp%2Fv2%2Ftags&post=28924"}],"curies":[{"name":"wp","href":"https:\/\/api.w.org\/{rel}","templated":true}]}}