{"id":28943,"date":"2024-06-24T22:25:47","date_gmt":"2024-06-25T04:25:47","guid":{"rendered":"https:\/\/labestiapolitica.com.mx\/?p=28943"},"modified":"2024-07-01T11:18:43","modified_gmt":"2024-07-01T17:18:43","slug":"la-cotidianidad-de-las-mujeres-sistema-nacional-de-cuidados","status":"publish","type":"post","link":"https:\/\/labestiapolitica.com.mx\/?p=28943","title":{"rendered":"La cotidianidad de las mujeres&#8230;Sistema Nacional de Cuidados."},"content":{"rendered":"<p>Por Elsa Cordero Mart\u00ednez<\/p>\n<p style=\"text-align: justify;\">Una buena noticia tenemos en torno a temas relativos a los derechos de las mujeres y su acceso a una vida libre de violencia, atenderemos en este espacio de reflexi\u00f3n en torno al D\u00eda Naranja c\u00f3mo en todas las agendas p\u00fablicas se est\u00e1 poniendo en la mesa, como un tema prioritario, el impulso a un sistema nacional de cuidados.<br \/>\nLa Encuesta Nacional para el Sistema de Cuidados ENASIC proporciona informaci\u00f3n estad\u00edstica sobre la demanda de cuidados en los hogares y las personas que brindan cuidados; identifica la demanda y cobertura para la poblaci\u00f3n objetivo de cuidados; e indaga las repercusiones en la vida de las personas cuidadoras, en espec\u00edfico de las mujeres, y el impacto en la incorporaci\u00f3n laboral. Tambi\u00e9n, identifica las redes de apoyo, la percepci\u00f3n de la poblaci\u00f3n acerca de la responsabilidad compartida en el cuidado, entre otros.2<br \/>\nEn su versi\u00f3n 2022 seg\u00fan este instrumento en M\u00e9xico los hogares con personas susceptibles de recibir cuidados corresponden al 77.8%, las personas susceptibles de recibir cuidados 28.8 % son hombres y 29.5% mujeres. Las personas con discapacidad o dependencia por parentesco de la persona cuidadora principal 30.7% es la madre, 3.0 millones de personas reciben cuidados por algu\u0301n integrante del hogar.<br \/>\nEn nuestro pa\u00eds las mujeres sostienen el 75 % del cuidado no remunerado en M\u00e9xico y dedican 43 horas semanales, en promedio, a tareas del hogar y cuidado no remunerado, esto es 2.3 veces m\u00e1s que los hombres, es decir hay un impacto diferenciado que deja en desventaja a las mujeres, pues muchas mujeres no tienen la oportunidad de elegir entre quedarse en el hogar o salir a trabajar, y no pueden desarrollarse plenamente ni en libertar de elegir.<br \/>\nComo lo afirma ONU Mujeres, \u201clos estudios sobre el empoderamiento econ\u00f3mico de las mujeres ha recibido una atenci\u00f3n creciente en los \u00faltimos a\u00f1os, identificando los factores que lo limitan y lo posibilitan, entre los cuales los sistemas de cuidados son un factor clave, porque inciden en la reducci\u00f3n y redistribuci\u00f3n del trabajo dom\u00e9stico y de cuidados no remunerado que realizan las mujeres.\u201d3<br \/>\nPor eso es necesario crear un conjunto de pol\u00edticas, programas y acciones articulados para garantizar los derechos de todas y todos aquellos que necesitan y brindan cuidados, un sistema que garantice el acceso y disfrute del derecho a los cuidados estableciendo la corresponsabilidad entre mujeres, hombres, familias, comunidad, mercado y el Estado. Los componentes de un sistema de cuidados son una legislaci\u00f3n que le regule, servicios de cuidados accesibles dentro y fuera del hogar, mejoras en las condiciones de trabajo de las personas cuidadoras, distribuci\u00f3n entre la sociedad, el mercado laboral y el gobierno y el reconocimiento de la importancia del sector de cuidados.<br \/>\nEs tan importante el impacto de este sistema principalmente en las mujeres, en las personas cuidadoras y en quienes reciben los cuidados, que las nuevas autroidades electas no pueden ignorar su responsabilidad para instrumentarlo, lo cual nos genera una positiva expectativa, y sobre el que los grupos feministas y las activistas no quitaremos el dedo del rengl\u00f3n y la exigencia permanecer\u00e1 hasta que sea una realidad.<br \/>\nQueremos cotidiano una sociedad con mujeres empoderadas, que puedan desarrollarse y encontrar su plenitud, en la que los roles de cuidado se compartan entre quienes tienen la responsabilidad y encontrando un estado que respalde dichos quehaceres, y autoridades que dimensionen la urgencia de su implementaci\u00f3n, eso lo queremos cotidiano.<br \/>\nNota al margen. Queridas personas lectoras de la cotidianidad de las mujeres, en ocasi\u00f3n y a prop\u00f3sito de la reciente jornada electoral, les hago llegar mi agradecimiento por su confianza y respaldo, seguir\u00e9 trabajando con todo \u00e1nimo en torno a todo aquello que permita que las mujeres tengamos acceso a una vida libre de violencia.<\/p>\n<p>&nbsp;<\/p>\n<p><img loading=\"lazy\" decoding=\"async\" class=\"alignnone wp-image-28405 size-full\" src=\"https:\/\/labestiapolitica.com.mx\/wp-content\/uploads\/2024\/06\/U-NOVA-y-se-diferente.png\" alt=\"\" width=\"1000\" height=\"600\" srcset=\"https:\/\/labestiapolitica.com.mx\/wp-content\/uploads\/2024\/06\/U-NOVA-y-se-diferente.png 1000w, https:\/\/labestiapolitica.com.mx\/wp-content\/uploads\/2024\/06\/U-NOVA-y-se-diferente-300x180.png 300w, https:\/\/labestiapolitica.com.mx\/wp-content\/uploads\/2024\/06\/U-NOVA-y-se-diferente-768x461.png 768w\" sizes=\"auto, (max-width: 1000px) 100vw, 1000px\" \/><\/p>\n","protected":false},"excerpt":{"rendered":"<p>Por Elsa Cordero Mart\u00ednez Una buena noticia tenemos en torno a temas relativos a los derechos de las mujeres y su acceso a una vida libre de violencia, atenderemos en este espacio de reflexi\u00f3n en torno al D\u00eda Naranja c\u00f3mo en todas las agendas p\u00fablicas se est\u00e1 poniendo en la mesa, como un tema prioritario, [&hellip;]<\/p>\n","protected":false},"author":3,"featured_media":26808,"comment_status":"open","ping_status":"open","sticky":false,"template":"","format":"standard","meta":{"footnotes":""},"categories":[6],"tags":[],"class_list":["post-28943","post","type-post","status-publish","format-standard","has-post-thumbnail","hentry","category-opinion"],"amp_enabled":true,"_links":{"self":[{"href":"https:\/\/labestiapolitica.com.mx\/index.php?rest_route=\/wp\/v2\/posts\/28943","targetHints":{"allow":["GET"]}}],"collection":[{"href":"https:\/\/labestiapolitica.com.mx\/index.php?rest_route=\/wp\/v2\/posts"}],"about":[{"href":"https:\/\/labestiapolitica.com.mx\/index.php?rest_route=\/wp\/v2\/types\/post"}],"author":[{"embeddable":true,"href":"https:\/\/labestiapolitica.com.mx\/index.php?rest_route=\/wp\/v2\/users\/3"}],"replies":[{"embeddable":true,"href":"https:\/\/labestiapolitica.com.mx\/index.php?rest_route=%2Fwp%2Fv2%2Fcomments&post=28943"}],"version-history":[{"count":1,"href":"https:\/\/labestiapolitica.com.mx\/index.php?rest_route=\/wp\/v2\/posts\/28943\/revisions"}],"predecessor-version":[{"id":28944,"href":"https:\/\/labestiapolitica.com.mx\/index.php?rest_route=\/wp\/v2\/posts\/28943\/revisions\/28944"}],"wp:featuredmedia":[{"embeddable":true,"href":"https:\/\/labestiapolitica.com.mx\/index.php?rest_route=\/wp\/v2\/media\/26808"}],"wp:attachment":[{"href":"https:\/\/labestiapolitica.com.mx\/index.php?rest_route=%2Fwp%2Fv2%2Fmedia&parent=28943"}],"wp:term":[{"taxonomy":"category","embeddable":true,"href":"https:\/\/labestiapolitica.com.mx\/index.php?rest_route=%2Fwp%2Fv2%2Fcategories&post=28943"},{"taxonomy":"post_tag","embeddable":true,"href":"https:\/\/labestiapolitica.com.mx\/index.php?rest_route=%2Fwp%2Fv2%2Ftags&post=28943"}],"curies":[{"name":"wp","href":"https:\/\/api.w.org\/{rel}","templated":true}]}}