{"id":28971,"date":"2024-06-25T16:51:10","date_gmt":"2024-06-25T22:51:10","guid":{"rendered":"https:\/\/labestiapolitica.com.mx\/?p=28971"},"modified":"2024-07-01T11:18:14","modified_gmt":"2024-07-01T17:18:14","slug":"manifestaciones-de-conductores-legitimas-y-necesarias-cambron","status":"publish","type":"post","link":"https:\/\/labestiapolitica.com.mx\/?p=28971","title":{"rendered":"Manifestaciones de conductores leg\u00edtimas y necesarias: Cambr\u00f3n."},"content":{"rendered":"<p style=\"text-align: justify;\">El diputado perredista, Juan Manuel Cambr\u00f3n, asegur\u00f3 que la movilizaci\u00f3n de este lunes de conductores de plataforma es el reflejo claro de que el discurso gubernamental no corresponde con la realidad.<\/p>\n<p style=\"text-align: justify;\">Cambr\u00f3n asegur\u00f3 que los niveles de inseguridad est\u00e1n llegando a niveles ya muy preocupantes lo que est\u00e1 propiciando que diversos sectores de la sociedad comiencen a mostrar su molestia e inconformidad.<\/p>\n<p style=\"text-align: justify;\"><strong>\u201cAyer fueron los conductores de plataformas, quienes han sido duramente golpeados por la delincuencia ante la total pasividad de las autoridades, hace unas semanas los campesinos y ejidatarios de la zona oriente del estado cerraron las vialidades, tambi\u00e9n exigiendo seguridad y justicia, ma\u00f1ana seguramente ser\u00e1n otros sectores los que tomen las calles de para levantar la voz ante un problema que este gobierno no ha querido dimensionar en su verdadera magnitud\u201d<\/strong><\/p>\n<p style=\"text-align: justify;\">El legislador del sol azteca reconoci\u00f3 que se vuelve inc\u00f3modo para los ciudadanos padecer este tipo de manifestaciones por las complicaciones viales y de movilidad, sin embargo consider\u00f3 que son perfectamente entendibles por la magnitud del problema de inseguridad y la pasividad de las autoridades, quienes, no solo poco o nada han hecho para combatir con efectividad a la delincuencia sino que tambi\u00e9n fueron las responsables del caos que vivi\u00f3 la capital este lunes.<\/p>\n<p style=\"text-align: justify;\"><strong>\u201cEs inconcebible que la procuradur\u00eda y la secretar\u00eda de gobierno hayan tardado tantas horas en recibir a los conductores, fue hasta que de plano cerraron todas las vialidades de acceso a la capital cuando se dignaron a escucharlos, finalmente para lo que acordaron y se comprometieron bien pudieron recibirlos desde mucho tiempo antes, evitando el caos vehicular por m\u00e1s de 7 horas que vivi\u00f3 la capital de nuestro estado\u201d.<\/strong><\/p>\n<p style=\"text-align: justify;\">Cambr\u00f3n lament\u00f3 tambi\u00e9n la postura asumida por algunos sectores del \u00e1mbito empresarial, qui\u00e9nes responsabilizaron a los conductores por las p\u00e9rdidas sufridas por ciertas empresas por el bloqueo, pues consider\u00f3 que lo del lunes, no solo es responsabilidad de los manifestantes, sino tambi\u00e9n del estado que ha sido incapaz de brindar condiciones de seguridad a todos los sectores econ\u00f3micos de la entidad.<\/p>\n<p style=\"text-align: justify;\">\u201cNo los escuch\u00e9 hablar de las p\u00e9rdidas que sufren los conductores de plataformas por la inseguridad, de que deben trabajar menos tiempo y acudir a menos lugares por miedo a ser asaltados y hasta asesinados, eso les hace perder tambi\u00e9n mucho dinero, y no solo un d\u00eda, todos los d\u00edas, la inseguridad y la falta de respuesta del gobierno est\u00e1 poniendo en riesgo su principal fuente de ingresos\u201d<\/p>\n<p style=\"text-align: justify;\">Agreg\u00f3 que aquellos que criticaron a los conductores no lo hicieron de igual forma con el gobierno, principal responsable de garantizar la paz y la seguridad, \u201cno los he escuchado nunca referirse al crecimiento de los delitos de alto impacto, ni a los feminicidios, ni ahora al enorme incremento de personas desparecidas, estoy seguro que si en alg\u00fan momento, que de seguir as\u00ed ser\u00e1 muy pronto, salen a manifestarse ellos por como la delincuencia pone en riesgo sus negocios, seguramente esperaran la solidaridad y la comprensi\u00f3n de la sociedad y no la cr\u00edtica a sus demandas\u201d concluy\u00f3 el diputado perredista.<\/p>\n<p>&nbsp;<\/p>\n<p><img loading=\"lazy\" decoding=\"async\" class=\"alignnone wp-image-28405 size-full\" src=\"https:\/\/labestiapolitica.com.mx\/wp-content\/uploads\/2024\/06\/U-NOVA-y-se-diferente.png\" alt=\"\" width=\"1000\" height=\"600\" srcset=\"https:\/\/labestiapolitica.com.mx\/wp-content\/uploads\/2024\/06\/U-NOVA-y-se-diferente.png 1000w, https:\/\/labestiapolitica.com.mx\/wp-content\/uploads\/2024\/06\/U-NOVA-y-se-diferente-300x180.png 300w, https:\/\/labestiapolitica.com.mx\/wp-content\/uploads\/2024\/06\/U-NOVA-y-se-diferente-768x461.png 768w\" sizes=\"auto, (max-width: 1000px) 100vw, 1000px\" \/><\/p>\n","protected":false},"excerpt":{"rendered":"<p>El diputado perredista, Juan Manuel Cambr\u00f3n, asegur\u00f3 que la movilizaci\u00f3n de este lunes de conductores de plataforma es el reflejo claro de que el discurso gubernamental no corresponde con la realidad. Cambr\u00f3n asegur\u00f3 que los niveles de inseguridad est\u00e1n llegando a niveles ya muy preocupantes lo que est\u00e1 propiciando que diversos sectores de la sociedad [&hellip;]<\/p>\n","protected":false},"author":3,"featured_media":28973,"comment_status":"open","ping_status":"open","sticky":false,"template":"","format":"standard","meta":{"footnotes":""},"categories":[7],"tags":[],"class_list":["post-28971","post","type-post","status-publish","format-standard","has-post-thumbnail","hentry","category-ciudadanos"],"amp_enabled":true,"_links":{"self":[{"href":"https:\/\/labestiapolitica.com.mx\/index.php?rest_route=\/wp\/v2\/posts\/28971","targetHints":{"allow":["GET"]}}],"collection":[{"href":"https:\/\/labestiapolitica.com.mx\/index.php?rest_route=\/wp\/v2\/posts"}],"about":[{"href":"https:\/\/labestiapolitica.com.mx\/index.php?rest_route=\/wp\/v2\/types\/post"}],"author":[{"embeddable":true,"href":"https:\/\/labestiapolitica.com.mx\/index.php?rest_route=\/wp\/v2\/users\/3"}],"replies":[{"embeddable":true,"href":"https:\/\/labestiapolitica.com.mx\/index.php?rest_route=%2Fwp%2Fv2%2Fcomments&post=28971"}],"version-history":[{"count":1,"href":"https:\/\/labestiapolitica.com.mx\/index.php?rest_route=\/wp\/v2\/posts\/28971\/revisions"}],"predecessor-version":[{"id":28974,"href":"https:\/\/labestiapolitica.com.mx\/index.php?rest_route=\/wp\/v2\/posts\/28971\/revisions\/28974"}],"wp:featuredmedia":[{"embeddable":true,"href":"https:\/\/labestiapolitica.com.mx\/index.php?rest_route=\/wp\/v2\/media\/28973"}],"wp:attachment":[{"href":"https:\/\/labestiapolitica.com.mx\/index.php?rest_route=%2Fwp%2Fv2%2Fmedia&parent=28971"}],"wp:term":[{"taxonomy":"category","embeddable":true,"href":"https:\/\/labestiapolitica.com.mx\/index.php?rest_route=%2Fwp%2Fv2%2Fcategories&post=28971"},{"taxonomy":"post_tag","embeddable":true,"href":"https:\/\/labestiapolitica.com.mx\/index.php?rest_route=%2Fwp%2Fv2%2Ftags&post=28971"}],"curies":[{"name":"wp","href":"https:\/\/api.w.org\/{rel}","templated":true}]}}