{"id":29018,"date":"2024-06-27T19:46:19","date_gmt":"2024-06-28T01:46:19","guid":{"rendered":"https:\/\/labestiapolitica.com.mx\/?p=29018"},"modified":"2024-06-27T19:47:46","modified_gmt":"2024-06-28T01:47:46","slug":"no-impugnara-magistrada-isabel-perez-su-no-ratificacion-en-el-tja","status":"publish","type":"post","link":"https:\/\/labestiapolitica.com.mx\/?p=29018","title":{"rendered":"No impugnar\u00e1 magistrada Isabel P\u00e9rez su no ratificaci\u00f3n en el TJA."},"content":{"rendered":"<p style=\"text-align: justify;\">*Sin embargo, afirma que llegado el momento demostrar\u00e1 que su actuar como magistrada se apeg\u00f3 a la legalidad, eficiencia, rendici\u00f3n de cuentas y honestidad, contrario al resolutivo emitido por el Congreso local.<\/p>\n<p style=\"text-align: justify;\">La magistrada del Tribunal de Justicia Administrativa (TJA) del Estado, Mar\u00eda Isabel P\u00e9rez Gonz\u00e1lez, determin\u00f3 no impugnar el acuerdo de la actual Legislatura que determin\u00f3 no ratificarla en el cargo, a fin de fortalecer la instituci\u00f3n y no meterla en ning\u00fan conflicto de orden jurisdiccional.<br \/>\nSin embargo, afirm\u00f3 que llegado el momento demostrar\u00e1 que su actuar como magistrada se apeg\u00f3 a la legalidad, eficiencia, rendici\u00f3n de cuentas y honestidad, contrario al resolutivo emitido por el Congreso local, que se\u00f1al\u00f3 que la magistrada carec\u00eda de buena fama, honorabilidad, eficiencia, rendici\u00f3n de cuentas y honestidad invulnerable para ser ratificada en el cargo.<br \/>\nP\u00e9rez Gonz\u00e1lez destac\u00f3 que durante los seis a\u00f1os de su desempe\u00f1o como magistrada tuvo una efectividad del 93.6 por ciento en sus resoluciones, pues s\u00f3lo nueve de sus 508 resoluciones fueron revocadas.<br \/>\nAdem\u00e1s, sostuvo que su efectividad se elev\u00f3 en el rubro de acuerdos, ya que de los 7 mil 867 emitidos durante su periodo, logr\u00f3 mantener un bajo porcentaje en el \u00edndice de impugnaciones con 36 amparos, de los cuales \u00fanicamente fueron concedidos seis, cifra que representa una efectividad del 99.7 por ciento.<br \/>\nAl hacer un balance de su desempe\u00f1o, destac\u00f3 que durante los periodos del 17 de septiembre de 2018 al 17 de septiembre de 2020, y del 14 de octubre de 2021 al 17 de septiembre de 2022, fungi\u00f3 como Presidenta del TJA y durante su gesti\u00f3n se efectu\u00f3 un manejo responsable de los recursos financieros y materiales.<br \/>\nLo anterior, subray\u00f3, hizo que el \u00d3rgano de Fiscalizaci\u00f3n Superior (OFS) no advirtiera, durante la revisi\u00f3n de las cuentas p\u00fablicas de esos a\u00f1os, irregularidades relacionadas con el indebido ejercicio de recursos, pues alcanz\u00f3 el 100 por ciento de los puntos requeridos en la evaluaci\u00f3n del uso, destino y comprobaci\u00f3n del gasto.<br \/>\nIncluso, afirm\u00f3 que tambi\u00e9n logr\u00f3 obtener una calificaci\u00f3n aprobatoria de 100 puntos en el Programa Anual de Verificaci\u00f3n de Cumplimiento de las Obligaciones de Transparencia correspondiente a los ejercicios 2020 y 2021, evidenciando con ello su compromiso que tiene con la ciudadan\u00eda tlaxcalteca de eficientar el ejercicio del gasto p\u00fablico apeg\u00e1ndose a los criterios de austeridad, racionalidad y disciplina financiera.<\/p>\n<p>&nbsp;<\/p>\n<p><img loading=\"lazy\" decoding=\"async\" class=\"alignnone wp-image-28405 size-full\" src=\"https:\/\/labestiapolitica.com.mx\/wp-content\/uploads\/2024\/06\/U-NOVA-y-se-diferente.png\" alt=\"\" width=\"1000\" height=\"600\" srcset=\"https:\/\/labestiapolitica.com.mx\/wp-content\/uploads\/2024\/06\/U-NOVA-y-se-diferente.png 1000w, https:\/\/labestiapolitica.com.mx\/wp-content\/uploads\/2024\/06\/U-NOVA-y-se-diferente-300x180.png 300w, https:\/\/labestiapolitica.com.mx\/wp-content\/uploads\/2024\/06\/U-NOVA-y-se-diferente-768x461.png 768w\" sizes=\"auto, (max-width: 1000px) 100vw, 1000px\" \/><\/p>\n","protected":false},"excerpt":{"rendered":"<p>*Sin embargo, afirma que llegado el momento demostrar\u00e1 que su actuar como magistrada se apeg\u00f3 a la legalidad, eficiencia, rendici\u00f3n de cuentas y honestidad, contrario al resolutivo emitido por el Congreso local. La magistrada del Tribunal de Justicia Administrativa (TJA) del Estado, Mar\u00eda Isabel P\u00e9rez Gonz\u00e1lez, determin\u00f3 no impugnar el acuerdo de la actual Legislatura [&hellip;]<\/p>\n","protected":false},"author":3,"featured_media":29019,"comment_status":"open","ping_status":"open","sticky":false,"template":"","format":"standard","meta":{"footnotes":""},"categories":[7],"tags":[],"class_list":["post-29018","post","type-post","status-publish","format-standard","has-post-thumbnail","hentry","category-ciudadanos"],"amp_enabled":true,"_links":{"self":[{"href":"https:\/\/labestiapolitica.com.mx\/index.php?rest_route=\/wp\/v2\/posts\/29018","targetHints":{"allow":["GET"]}}],"collection":[{"href":"https:\/\/labestiapolitica.com.mx\/index.php?rest_route=\/wp\/v2\/posts"}],"about":[{"href":"https:\/\/labestiapolitica.com.mx\/index.php?rest_route=\/wp\/v2\/types\/post"}],"author":[{"embeddable":true,"href":"https:\/\/labestiapolitica.com.mx\/index.php?rest_route=\/wp\/v2\/users\/3"}],"replies":[{"embeddable":true,"href":"https:\/\/labestiapolitica.com.mx\/index.php?rest_route=%2Fwp%2Fv2%2Fcomments&post=29018"}],"version-history":[{"count":1,"href":"https:\/\/labestiapolitica.com.mx\/index.php?rest_route=\/wp\/v2\/posts\/29018\/revisions"}],"predecessor-version":[{"id":29020,"href":"https:\/\/labestiapolitica.com.mx\/index.php?rest_route=\/wp\/v2\/posts\/29018\/revisions\/29020"}],"wp:featuredmedia":[{"embeddable":true,"href":"https:\/\/labestiapolitica.com.mx\/index.php?rest_route=\/wp\/v2\/media\/29019"}],"wp:attachment":[{"href":"https:\/\/labestiapolitica.com.mx\/index.php?rest_route=%2Fwp%2Fv2%2Fmedia&parent=29018"}],"wp:term":[{"taxonomy":"category","embeddable":true,"href":"https:\/\/labestiapolitica.com.mx\/index.php?rest_route=%2Fwp%2Fv2%2Fcategories&post=29018"},{"taxonomy":"post_tag","embeddable":true,"href":"https:\/\/labestiapolitica.com.mx\/index.php?rest_route=%2Fwp%2Fv2%2Ftags&post=29018"}],"curies":[{"name":"wp","href":"https:\/\/api.w.org\/{rel}","templated":true}]}}