{"id":29289,"date":"2024-07-05T13:06:49","date_gmt":"2024-07-05T19:06:49","guid":{"rendered":"https:\/\/labestiapolitica.com.mx\/?p=29289"},"modified":"2024-07-08T09:21:05","modified_gmt":"2024-07-08T15:21:05","slug":"se-suma-pri-tlaxcala-a-la-no-reeleccion-de-alito-moreno-a-la-presidencia-nacional-tricolor","status":"publish","type":"post","link":"https:\/\/labestiapolitica.com.mx\/?p=29289","title":{"rendered":"Se suma PRI Tlaxcala a la no reelecci\u00f3n de \u201cAlito\u201d Moreno a la presidencia nacional tricolor"},"content":{"rendered":"<p style=\"text-align: justify;\">* Garc\u00eda Sarmiento considera que si una reforma estatutaria lo permite, \u00e9sta se aplique a la pr\u00f3xima dirigencia, no a la actual.<\/p>\n<p style=\"text-align: justify;\">Arturo POP\u00d3CATL\/ Al igual que lo hizo a nivel nacional la senadora Beatriz Paredes Rangel, ahora la dirigencia estatal del Partido Revolucionario Institucional (PRI) se sum\u00f3 a la negativa de permitir la reelecci\u00f3n de Alejandro \u00abAlito\u00bb Moreno C\u00e1rdenas en la presidencia del Comit\u00e9 Ejecutivo Nacional, pues los estatutos no establecen.<\/p>\n<p style=\"text-align: justify;\">El presidente interino del tricolor en Tlaxcala, Ernesto Garc\u00eda Sarmiento, afirm\u00f3 que actualmente la reelecci\u00f3n no es avalada y que en todo caso tendr\u00eda que haber una reforma a los estatutos, avalada por la Asamblea Nacional del propio partido. \u201cLos estatutos son muy claros, no se permite la reelecci\u00f3n. Se necesita modificar los estatutos, pero ahorita no se puede\u201d, sostuvo.<\/p>\n<p style=\"text-align: justify;\">En tal sentido, consider\u00f3 que en caso de una reforma estatutaria, \u00e9sta tendr\u00eda que ser aplicada para futuras dirigencias y no para la actual encabezada por el ex gobernador de Campeche, Alejandro Moreno C\u00e1rdenas.<\/p>\n<p style=\"text-align: justify;\">Cabe recordar que apenas este jueves un grupo de priistas se pronunci\u00f3 en contra de la intenci\u00f3n de Moreno C\u00e1rdenas de reelegirse como presidente nacional del, y alertaron del intento del l\u00edder para cambiar los estatutos, por lo cual exigieron su renuncia al frente del PRI.<\/p>\n<p style=\"text-align: justify;\">El peri\u00f3dico Exc\u00e9lsior inform\u00f3 que Alejandro Moreno inform\u00f3 formalmente a algunos ex presidentes del partido, en quienes estaban Fabio Beltrones y Beatriz Paredes, de la supuesta decisi\u00f3n de las asambleas estatales de modificar los estatutos del PRI, en la pr\u00f3xima Asamblea Nacional que se llevar\u00e1 a cabo este domingo 7 de julio, para que se permita hasta dos veces m\u00e1s la reelecci\u00f3n tanto, para \u00e9l como a la secretaria general, Carolina Viggiano.<\/p>\n<p style=\"text-align: justify;\">Sin embargo, seg\u00fan la informaci\u00f3n, los ex presidentes nacionales del partido se negaron de manera rotunda, pues consideran que la reelecci\u00f3n va en contra de los ideales priistas con los cuales se fund\u00f3 el partido en 1929.<\/p>\n<p>&nbsp;<\/p>\n","protected":false},"excerpt":{"rendered":"<p>* Garc\u00eda Sarmiento considera que si una reforma estatutaria lo permite, \u00e9sta se aplique a la pr\u00f3xima dirigencia, no a la actual. Arturo POP\u00d3CATL\/ Al igual que lo hizo a nivel nacional la senadora Beatriz Paredes Rangel, ahora la dirigencia estatal del Partido Revolucionario Institucional (PRI) se sum\u00f3 a la negativa de permitir la reelecci\u00f3n [&hellip;]<\/p>\n","protected":false},"author":3,"featured_media":29290,"comment_status":"open","ping_status":"open","sticky":false,"template":"","format":"standard","meta":{"footnotes":""},"categories":[12],"tags":[],"class_list":["post-29289","post","type-post","status-publish","format-standard","has-post-thumbnail","hentry","category-brujula-2026"],"amp_enabled":true,"_links":{"self":[{"href":"https:\/\/labestiapolitica.com.mx\/index.php?rest_route=\/wp\/v2\/posts\/29289","targetHints":{"allow":["GET"]}}],"collection":[{"href":"https:\/\/labestiapolitica.com.mx\/index.php?rest_route=\/wp\/v2\/posts"}],"about":[{"href":"https:\/\/labestiapolitica.com.mx\/index.php?rest_route=\/wp\/v2\/types\/post"}],"author":[{"embeddable":true,"href":"https:\/\/labestiapolitica.com.mx\/index.php?rest_route=\/wp\/v2\/users\/3"}],"replies":[{"embeddable":true,"href":"https:\/\/labestiapolitica.com.mx\/index.php?rest_route=%2Fwp%2Fv2%2Fcomments&post=29289"}],"version-history":[{"count":1,"href":"https:\/\/labestiapolitica.com.mx\/index.php?rest_route=\/wp\/v2\/posts\/29289\/revisions"}],"predecessor-version":[{"id":29291,"href":"https:\/\/labestiapolitica.com.mx\/index.php?rest_route=\/wp\/v2\/posts\/29289\/revisions\/29291"}],"wp:featuredmedia":[{"embeddable":true,"href":"https:\/\/labestiapolitica.com.mx\/index.php?rest_route=\/wp\/v2\/media\/29290"}],"wp:attachment":[{"href":"https:\/\/labestiapolitica.com.mx\/index.php?rest_route=%2Fwp%2Fv2%2Fmedia&parent=29289"}],"wp:term":[{"taxonomy":"category","embeddable":true,"href":"https:\/\/labestiapolitica.com.mx\/index.php?rest_route=%2Fwp%2Fv2%2Fcategories&post=29289"},{"taxonomy":"post_tag","embeddable":true,"href":"https:\/\/labestiapolitica.com.mx\/index.php?rest_route=%2Fwp%2Fv2%2Ftags&post=29289"}],"curies":[{"name":"wp","href":"https:\/\/api.w.org\/{rel}","templated":true}]}}