{"id":29296,"date":"2024-07-05T17:11:38","date_gmt":"2024-07-05T23:11:38","guid":{"rendered":"https:\/\/labestiapolitica.com.mx\/?p=29296"},"modified":"2024-07-08T09:20:53","modified_gmt":"2024-07-08T15:20:53","slug":"lamenta-upet-incapacidad-del-congreso-para-aprobar-ley-para-proteccion-de-periodistas","status":"publish","type":"post","link":"https:\/\/labestiapolitica.com.mx\/?p=29296","title":{"rendered":"Lamenta UPET incapacidad del Congreso para aprobar Ley para Protecci\u00f3n de Periodistas."},"content":{"rendered":"<ul>\n<li style=\"text-align: justify;\">\u00a0El presidente de la organizaci\u00f3n, Pablo Morales, confi\u00f3 en que la pr\u00f3xima se preocupe por el ejercicio y protecci\u00f3n de quienes ejercen el trabajo period\u00edstico en Tlaxcala.<\/li>\n<\/ul>\n<p style=\"text-align: justify;\">La Uni\u00f3n de Periodistas del Estado de Tlaxcala (UPET) lament\u00f3 que pese a las agresiones que han sido objeto diversos comunicadores en la cobertura de sucesos y actividades propias de su trabajo, la actual Legislatura local no haya sido capaz de aprobar la Ley para la Protecci\u00f3n de Personas Defensoras de Derechos Humanos y Periodistas del Estado de Tlaxcala.<br \/>\n\u201cEl a\u00f1o pasado sostuvimos varias reuniones para trabajar la iniciativa, siete veces nos reunimos en el Sal\u00f3n Blanco del Congreso del Estado con defensores de derechos humanos, con el ex secretario de Gobierno (Sergio Gonz\u00e1lez Hern\u00e1ndez) y con diversas diputadas y diputados para darle paso a la ley, sin embargo, por alguna raz\u00f3n se detuvo en este Palacio Legislativo Legislativo\u201d, critic\u00f3 el presidente de la UPET, Pablo Morales Cruz.<br \/>\nDurante un acto de conmemoraci\u00f3n del D\u00eda del Periodista en el estado de Tlaxcala, realizado este viernes en la sede del Poder Legislativo, Morales Cruz inform\u00f3 que las conversaciones para sacar adelante la ley han sido retomadas con el actual secretario de Gobierno, Luis Antonio Ram\u00edrez Hern\u00e1ndez, por lo que confi\u00f3 en que el ordenamiento sea aprobado en la pr\u00f3xima Legislatura local.<br \/>\n\u201cEsperamos que la pr\u00f3xima Legislatura se preocupe por el ejercicio y protecci\u00f3n de quienes ejercemos el trabajo period\u00edstico\u201d, dijo el presidente de la UPET durante el encuentro de conmemoraci\u00f3n.<br \/>\nEn una breve intervenci\u00f3n durante el evento conmemorativo, el presidente de la UPET afirm\u00f3 que las agresiones en contra de quienes ejercer la labor period\u00edstica se han incrementado, ante lo cual exigi\u00f3 respeto a todos los actores pol\u00edticos, incluidos Poderes y niveles de gobierno, pues \u201cen el discurso se habla de respeto a la libertad de expresi\u00f3n y de respeto al trabajo period\u00edstico, pero en los hechos, las condiciones son completamente diferentes.<br \/>\nEn ese contexto, reconoci\u00f3 que en el caso de Tlaxcala no hay mucho que celebrar \u201cporque a\u00fan seguimos siendo blanco de agresiones\u201d, como fue, por ejemplo, en la cobertura informativa de la jornada electoral del pasado 2 de junio, en la que diversos comunicadores resultaron agredidos durante la cobertura de los c\u00f3mputos realizados en algunos Consejos Municipales del Instituto Tlaxcalteca de Elecciones (ITE).<br \/>\nPor tal motivo, hizo un llamado a los gobiernos federal y estatal a detener las injurias contra comunicadores. \u201cDesde Palacio Nacional se ha denostado el trabajo period\u00edstico contra quienes no piensan de la misma manera que el gobernante, incluso a difundir datos personales de periodistas cuando nosotros lo \u00fanico que hacemos es investigar, trabajar y publicar.<br \/>\nEn su discurso, Morales Cruz hizo un llamado a la unidad entre periodistas. \u201cHay que olvidar que existen agrupaciones, todos somos compa\u00f1eras y compa\u00f1eros periodistas, y todos corremos los mismos riesgos\u201d, acot\u00f3.<br \/>\nPor su parte, el presidente de la Comisi\u00f3n Permanente del Congreso del Estado, Jos\u00e9 Gilberto Temoltzin Mart\u00ednez, reconoci\u00f3, a nombre de la actual Legislatura, el trabajo period\u00edstico de las y los comunicadores en Tlaxcala.<\/p>\n<p>&nbsp;<\/p>\n<p><img loading=\"lazy\" decoding=\"async\" class=\"alignnone wp-image-28405 size-full\" src=\"https:\/\/labestiapolitica.com.mx\/wp-content\/uploads\/2024\/06\/U-NOVA-y-se-diferente.png\" alt=\"\" width=\"1000\" height=\"600\" srcset=\"https:\/\/labestiapolitica.com.mx\/wp-content\/uploads\/2024\/06\/U-NOVA-y-se-diferente.png 1000w, https:\/\/labestiapolitica.com.mx\/wp-content\/uploads\/2024\/06\/U-NOVA-y-se-diferente-300x180.png 300w, https:\/\/labestiapolitica.com.mx\/wp-content\/uploads\/2024\/06\/U-NOVA-y-se-diferente-768x461.png 768w\" sizes=\"auto, (max-width: 1000px) 100vw, 1000px\" \/><\/p>\n","protected":false},"excerpt":{"rendered":"<p>\u00a0El presidente de la organizaci\u00f3n, Pablo Morales, confi\u00f3 en que la pr\u00f3xima se preocupe por el ejercicio y protecci\u00f3n de quienes ejercen el trabajo period\u00edstico en Tlaxcala. La Uni\u00f3n de Periodistas del Estado de Tlaxcala (UPET) lament\u00f3 que pese a las agresiones que han sido objeto diversos comunicadores en la cobertura de sucesos y actividades [&hellip;]<\/p>\n","protected":false},"author":3,"featured_media":29297,"comment_status":"open","ping_status":"open","sticky":false,"template":"","format":"standard","meta":{"footnotes":""},"categories":[12],"tags":[],"class_list":["post-29296","post","type-post","status-publish","format-standard","has-post-thumbnail","hentry","category-brujula-2026"],"amp_enabled":true,"_links":{"self":[{"href":"https:\/\/labestiapolitica.com.mx\/index.php?rest_route=\/wp\/v2\/posts\/29296","targetHints":{"allow":["GET"]}}],"collection":[{"href":"https:\/\/labestiapolitica.com.mx\/index.php?rest_route=\/wp\/v2\/posts"}],"about":[{"href":"https:\/\/labestiapolitica.com.mx\/index.php?rest_route=\/wp\/v2\/types\/post"}],"author":[{"embeddable":true,"href":"https:\/\/labestiapolitica.com.mx\/index.php?rest_route=\/wp\/v2\/users\/3"}],"replies":[{"embeddable":true,"href":"https:\/\/labestiapolitica.com.mx\/index.php?rest_route=%2Fwp%2Fv2%2Fcomments&post=29296"}],"version-history":[{"count":1,"href":"https:\/\/labestiapolitica.com.mx\/index.php?rest_route=\/wp\/v2\/posts\/29296\/revisions"}],"predecessor-version":[{"id":29298,"href":"https:\/\/labestiapolitica.com.mx\/index.php?rest_route=\/wp\/v2\/posts\/29296\/revisions\/29298"}],"wp:featuredmedia":[{"embeddable":true,"href":"https:\/\/labestiapolitica.com.mx\/index.php?rest_route=\/wp\/v2\/media\/29297"}],"wp:attachment":[{"href":"https:\/\/labestiapolitica.com.mx\/index.php?rest_route=%2Fwp%2Fv2%2Fmedia&parent=29296"}],"wp:term":[{"taxonomy":"category","embeddable":true,"href":"https:\/\/labestiapolitica.com.mx\/index.php?rest_route=%2Fwp%2Fv2%2Fcategories&post=29296"},{"taxonomy":"post_tag","embeddable":true,"href":"https:\/\/labestiapolitica.com.mx\/index.php?rest_route=%2Fwp%2Fv2%2Ftags&post=29296"}],"curies":[{"name":"wp","href":"https:\/\/api.w.org\/{rel}","templated":true}]}}