{"id":29321,"date":"2024-07-08T09:36:25","date_gmt":"2024-07-08T15:36:25","guid":{"rendered":"https:\/\/labestiapolitica.com.mx\/?p=29321"},"modified":"2024-07-11T08:19:21","modified_gmt":"2024-07-11T14:19:21","slug":"el-pan-en-tlaxcala-ira-en-picada-si-no-reacciona-y-no-inicia-una-recomposicion-interna-temoltzin","status":"publish","type":"post","link":"https:\/\/labestiapolitica.com.mx\/?p=29321","title":{"rendered":"El PAN en Tlaxcala ir\u00e1 en picada si no reacciona y no inicia una recomposici\u00f3n interna: Temoltzin"},"content":{"rendered":"<p style=\"text-align: justify;\">* \u201cPosiblemente nos hubiera ido mejor ir solos porque del tercer lugar nos fuimos al quinto\u201d, asevera el legislador local.<\/p>\n<p style=\"text-align: justify;\">Arturo POP\u00d3CATL\/ Si bien no vaticina una desaparici\u00f3n del Partido Acci\u00f3n Nacional (PAN), el diputado local Jos\u00e9 Gilberto Temoltzin Mart\u00ednez advierte que si las dirigencias nacional y estatal no reaccionan r\u00e1pidamente y reinician una recomposici\u00f3n interna de cara a las pr\u00f3ximas elecciones de 2027, ir\u00e1 en picada. \u201cMi diagn\u00f3stico es que iremos en picada si no hay una reacci\u00f3n r\u00e1pida y una recomposici\u00f3n urgente\u201d, afirma.<\/p>\n<p style=\"text-align: justify;\">En entrevista con la Bestia Pol\u00edtica, el legislador panista subraya la necesidad de que el PAN retome sus or\u00edgenes, volver a empezar y a intentarlo con m\u00e1s fuerza.<\/p>\n<p style=\"text-align: justify;\">Precisa: \u201cHay que ir solos ahora, hay que trabajar y pensar que debemos ir solos. El futuro dir\u00e1 si en el futuro vamos en alianza con otros partidos, pero ahora hay que trabajar solos\u201d.<\/p>\n<p style=\"text-align: justify;\">Temoltzin Mart\u00ednez considera que en las elecciones del pasado 2 de junio \u201cposiblemente nos hubiera ido mejor ir solos porque del tercer lugar nos fuimos al quinto, el PRD conserv\u00f3 su votaci\u00f3n, otros partidos pol\u00edticos crecieron, pero quien cay\u00f3 fueron el PRI y el PAN. Eso fue un mal resultado para la alianza\u201d.<\/p>\n<p style=\"text-align: justify;\">En un an\u00e1lisis autocr\u00edtico sobre su partido, el tambi\u00e9n empresario afirma que el PAN no debe desaparecer, sobre todo porque el pa\u00eds requiere contrapesos y equilibrios. Sin embargo, considera que uno de los motivos por los cuales el PAN dej\u00f3 de crecer es haber limitado las afiliaciones. \u201cQue si eres simpatizante, que si despu\u00e9s te afilias, que si despu\u00e9s haces examen, todo eso lo hizo mucha gente, pero al final no se daba la afiliaci\u00f3n; antes hab\u00eda tambaches de solicitudes y hoy, seguramente, no las debe haber. Ese es un tema importante que seguir\u00e1 afectando\u201d, subraya.<\/p>\n<p style=\"text-align: justify;\">Sobre la actual dirigencia estatal panista asegura que su relaci\u00f3n es de respeto, pero de distancia con relaci\u00f3n al trabajo. Precisa: \u201cla dejamos hacer su trabajo, fuimos varios que la dejamos trabajar. En un momento la presidenta dijo que iba por un nuevo PAN, pero luego en una entrevista le preguntaron cu\u00e1l era la diferencia con la anterior dirigencia, la m\u00eda, y dijo que los resultados. Y los resultados ah\u00ed est\u00e1n\u201d.<\/p>\n<p style=\"text-align: justify;\">En ese sentido, sostiene que lo que la actual dirigencia debe dejar es la soberbia.<\/p>\n<p style=\"text-align: justify;\">Considera que debe conformar ahora, despu\u00e9s de las elecciones, un equipo de trabajo en el que participen todos los grupos y liderazgos con el objetivo de \u201cmover almas desde abajo para que el panismo sea mayor\u201d.<br \/>\n<strong>-\u00bfQu\u00e9 pas\u00f3 en las elecciones? \u00bfpor qu\u00e9 no hubo buenos resultados?, se le pregunta.<\/strong><br \/>\n-\u201cNo supimos transmitir, no hubo la habilidad y alineaci\u00f3n desde el Comit\u00e9 Ejecutivo Nacional para transmitir, como en otras \u00e9pocas, un discurso, no lo hubo. No nos acercamos a la gente como ten\u00edamos que hacerlo, la estrategia no funcion\u00f3\u201d.<\/p>\n<p style=\"text-align: justify;\"><strong>-\u00bfQu\u00e9 fall\u00f3?<\/strong><br \/>\n-Antes en los cargos estaban panistas de hueso colorado que se dedicaban a trabajar. Con una capacitaci\u00f3n y adoctrinamiento permanente, el PAN pon\u00eda el humanismo y privilegiaba a la persona buscando el biern com\u00fan, eso se dej\u00f3 de hacer. Muchos que llegaron a cargos no tuvieron acercamiento\u2026 a partir de las pandemia de hicieron reuniones a distancia y ya no hubo tanto acercamiento. Hoy tiene que regresarse a eso, una reingenier\u00eda en el partido para llamar a todos. Eso tendr\u00e1 que hacer quien llegue a la presidencia del Comit\u00e9 Ejecutivo Nacional\u201d.<\/p>\n<p style=\"text-align: justify;\">Sobre la pr\u00f3xima dirigencia, opina que debe ser de \u201ctiempo completo, conciliadora, que tenga buen \u00e1nimo con todos y con un trabajo incansable d\u00eda y noche con toda la militancia a fin de recuperar y traer nuevo militantes\u201d.<\/p>\n<p style=\"text-align: justify;\">En ese sentido, detalla que no tiene ning\u00fan inconveniente para sentarse con la actual dirigencia estatal, independientemente de que en el proceso electoral 2023-2024 actu\u00f3 de manera excluyente.<\/p>\n<p style=\"text-align: justify;\">\u201cEl 15 de abril de este a\u00f1o yo refer\u00ed que al margen de los afectos o no afectos, la obligaci\u00f3n era de convocarnos, incluirnos, llamarnos. Pero fue una dirigencia excluyente, no vi que participara en el Consejo y en la Comisi\u00f3n Permanente la diputada federal o la senadora, no vi eso.<\/p>\n<p style=\"text-align: justify;\">\u00bfCu\u00e1ndo hubo una conferencia de prensa para que nos invitaran a participar a apoyar a la alianza?, no la hubo\u201d, critica.<br \/>\n-Su secretario t\u00e9cnico apoyo al PT y hay fotos de ello, se le revira.<br \/>\n-Mi secretario t\u00e9cnico no tiene filiaci\u00f3n partidista , fue una decisi\u00f3n personal que \u00e9l tom\u00f3. En lo que a m\u00ed respecta, ah\u00ed est\u00e1 mi trabajo, fui electo como candidato a diputado (plurinominal), a diferencia de la actual presidenta, por unanimidad, lo cual nunca se ha dado en un Comit\u00e9. Ella sali\u00f3 con una mayor\u00eda apretada.<\/p>\n<p style=\"text-align: justify;\">-\u00bfBuscar\u00e1 la presidencia del partido?<br \/>\n-\u201cNo buscar\u00e9 la presidencia del partido. Me parece que se requiere a alguien que venga a refrescar y algo importante: que tenga una buena relaci\u00f3n con toda la militancia\u201d.<\/p>\n","protected":false},"excerpt":{"rendered":"<p>* \u201cPosiblemente nos hubiera ido mejor ir solos porque del tercer lugar nos fuimos al quinto\u201d, asevera el legislador local. Arturo POP\u00d3CATL\/ Si bien no vaticina una desaparici\u00f3n del Partido Acci\u00f3n Nacional (PAN), el diputado local Jos\u00e9 Gilberto Temoltzin Mart\u00ednez advierte que si las dirigencias nacional y estatal no reaccionan r\u00e1pidamente y reinician una recomposici\u00f3n [&hellip;]<\/p>\n","protected":false},"author":3,"featured_media":21749,"comment_status":"open","ping_status":"open","sticky":false,"template":"","format":"standard","meta":{"footnotes":""},"categories":[12],"tags":[],"class_list":["post-29321","post","type-post","status-publish","format-standard","has-post-thumbnail","hentry","category-brujula-2026"],"amp_enabled":true,"_links":{"self":[{"href":"https:\/\/labestiapolitica.com.mx\/index.php?rest_route=\/wp\/v2\/posts\/29321","targetHints":{"allow":["GET"]}}],"collection":[{"href":"https:\/\/labestiapolitica.com.mx\/index.php?rest_route=\/wp\/v2\/posts"}],"about":[{"href":"https:\/\/labestiapolitica.com.mx\/index.php?rest_route=\/wp\/v2\/types\/post"}],"author":[{"embeddable":true,"href":"https:\/\/labestiapolitica.com.mx\/index.php?rest_route=\/wp\/v2\/users\/3"}],"replies":[{"embeddable":true,"href":"https:\/\/labestiapolitica.com.mx\/index.php?rest_route=%2Fwp%2Fv2%2Fcomments&post=29321"}],"version-history":[{"count":1,"href":"https:\/\/labestiapolitica.com.mx\/index.php?rest_route=\/wp\/v2\/posts\/29321\/revisions"}],"predecessor-version":[{"id":29322,"href":"https:\/\/labestiapolitica.com.mx\/index.php?rest_route=\/wp\/v2\/posts\/29321\/revisions\/29322"}],"wp:featuredmedia":[{"embeddable":true,"href":"https:\/\/labestiapolitica.com.mx\/index.php?rest_route=\/wp\/v2\/media\/21749"}],"wp:attachment":[{"href":"https:\/\/labestiapolitica.com.mx\/index.php?rest_route=%2Fwp%2Fv2%2Fmedia&parent=29321"}],"wp:term":[{"taxonomy":"category","embeddable":true,"href":"https:\/\/labestiapolitica.com.mx\/index.php?rest_route=%2Fwp%2Fv2%2Fcategories&post=29321"},{"taxonomy":"post_tag","embeddable":true,"href":"https:\/\/labestiapolitica.com.mx\/index.php?rest_route=%2Fwp%2Fv2%2Ftags&post=29321"}],"curies":[{"name":"wp","href":"https:\/\/api.w.org\/{rel}","templated":true}]}}