{"id":29329,"date":"2024-07-08T18:51:22","date_gmt":"2024-07-09T00:51:22","guid":{"rendered":"https:\/\/labestiapolitica.com.mx\/?p=29329"},"modified":"2024-07-11T08:18:43","modified_gmt":"2024-07-11T14:18:43","slug":"instalan-smyt-operadores-de-didi-mesa-de-dialogo-para-evitar-operativos","status":"publish","type":"post","link":"https:\/\/labestiapolitica.com.mx\/?p=29329","title":{"rendered":"Instalan SMyT y operadores de DIDI mesa de di\u00e1logo para evitar operativos."},"content":{"rendered":"<ul>\n<li>\u00a0El secretario de Movilidad, Marco Tulio Munive, lamenta la falta de voluntad por parte de los propietarios de la plataforma, pues \u00e9sta no ha tramitado su registro en Tlaxcala.<\/li>\n<\/ul>\n<p style=\"text-align: justify;\">Automovilistas representantes de la plataforma DIDI y la Secretar\u00eda de Movilidad y Transporte del Estado instalaron este lunes una mesa de di\u00e1logo para encontrar alternativas de soluci\u00f3n a la irregularidad que existe por parte de la primera en la prestaci\u00f3n del servicio en Tlaxcala, la cual no cuenta con el permiso respectivo para operar en territorio estatal.<br \/>\nEl secretario de Movilidad, Marco Tulio Munive Temoltzin, inform\u00f3 que la plataforma DIDI opera al margen de la ley, debido a que no est\u00e1 registrada su alta y no cuenta con la autorizaci\u00f3n de la Secretar\u00eda de Movilidad, motivo por el cual no paga impuestos tal como lo establece la Ley de Ingresos para el Estado de Tlaxcala.<br \/>\nLa operaci\u00f3n de la plataforma al margen de la ley afecta a quienes en el estado ofrecen el servicio de DIDI, sobre todo ante la proximidad de iniciar operativos en contra de los prestadores de este servicio privado.<br \/>\nPor eso mismo, dijo el funcionario, este lunes se estableci\u00f3 una mesa de di\u00e1logo para buscar alternativas de soluci\u00f3n al problema, pues tanto la plataforma como los prestadores del servicio se encuentran fuera de la ley.<br \/>\nEn ese sentido, y aunque las pl\u00e1ticas con los prestadores del servicio a trav\u00e9s de DIDI se realizan en buen \u00e1nimo, est\u00e1 abierta la posibilidad de que la Secretar\u00eda de Movilidad lleve a cabo operativos, realice infracciones e imponga sanciones. \u201cEso tenemos que hacerlo porque lo establece la propia ley\u201d.<br \/>\n\u201cLos prestadores del servicio son los afectados, lamentablemente los due\u00f1os de las plataformas no han venido a la Secretar\u00eda. Es con ellos con quienes tenemos que sentarnos a dialogar para llegar a la mejor soluci\u00f3n y que se pueda trabajar equilibrada y equitativamente\u201d, afirm\u00f3 el funcionario.<br \/>\nMunive Temoltzin subray\u00f3 que la plataforma de estar dada de alta ante la Secretar\u00eda de Movilidad, a fin de hacer sus contribuciones por el registro, su refrendo y \u201ctodo lo que establece la ley\u201d.<br \/>\nPor lo pronto, lament\u00f3 que esta situaci\u00f3n se encuentra as\u00ed, sin ning\u00fan avance, desde hace un par de a\u00f1os, sin que los propietarios de la plataforma den la cara. \u201cSe trataron de acercar, pero no hay seriedad de parte de ellos, por eso se aplicar\u00e1 la ley. En este momento estamos en la mesa de di\u00e1logo, ma\u00f1ana se realizar\u00e1 otra, lamentablemente las pl\u00e1ticas son con las v\u00edctimas, no los propietarios\u201d, critic\u00f3.<br \/>\nMarco Tulio Munive refiri\u00f3 que la Secretar\u00eda de Movilidad tiene registradas cuatro plataformas del servicio de taxi privado, que son UBER, PRONTO, ISCO y YAB\u00dc, aunque precis\u00f3 que algunas de ellas adeudan diferentes cantidades por la prestaci\u00f3n del servicio.<br \/>\nCabe recordar que el a\u00f1o pasado, las representaciones legales de estas plataformas se comprometieron a un convenio de aportaci\u00f3n a un fondo de movilidad, establecido en la Ley de Ingresos de Tlaxcala, con el pago de cinco unidades de medida de actualizaci\u00f3n (UMAs), por veh\u00edculo.<br \/>\nHasta ahora, a pesar de ofrecer el servicio, la plataforma DIDI no ha cubierto con el tr\u00e1mite correspondiente ante la Secretar\u00eda de Movilidad para operar en territorio estatal, por lo cual llev\u00f3 a cabo un operativo y a uno de los operadores le fue retirada su unidad para ser remitida a un corral\u00f3n. D\u00edas despu\u00e9s el veh\u00edculo fue recuperado por el propietario despu\u00e9s de pagar una multa.<\/p>\n<p>&nbsp;<\/p>\n<p><img loading=\"lazy\" decoding=\"async\" class=\"alignnone wp-image-28405 size-full\" src=\"https:\/\/labestiapolitica.com.mx\/wp-content\/uploads\/2024\/06\/U-NOVA-y-se-diferente.png\" alt=\"\" width=\"1000\" height=\"600\" srcset=\"https:\/\/labestiapolitica.com.mx\/wp-content\/uploads\/2024\/06\/U-NOVA-y-se-diferente.png 1000w, https:\/\/labestiapolitica.com.mx\/wp-content\/uploads\/2024\/06\/U-NOVA-y-se-diferente-300x180.png 300w, https:\/\/labestiapolitica.com.mx\/wp-content\/uploads\/2024\/06\/U-NOVA-y-se-diferente-768x461.png 768w\" sizes=\"auto, (max-width: 1000px) 100vw, 1000px\" \/><\/p>\n","protected":false},"excerpt":{"rendered":"<p>\u00a0El secretario de Movilidad, Marco Tulio Munive, lamenta la falta de voluntad por parte de los propietarios de la plataforma, pues \u00e9sta no ha tramitado su registro en Tlaxcala. Automovilistas representantes de la plataforma DIDI y la Secretar\u00eda de Movilidad y Transporte del Estado instalaron este lunes una mesa de di\u00e1logo para encontrar alternativas de [&hellip;]<\/p>\n","protected":false},"author":3,"featured_media":29336,"comment_status":"open","ping_status":"open","sticky":false,"template":"","format":"standard","meta":{"footnotes":""},"categories":[12],"tags":[],"class_list":["post-29329","post","type-post","status-publish","format-standard","has-post-thumbnail","hentry","category-brujula-2026"],"amp_enabled":true,"_links":{"self":[{"href":"https:\/\/labestiapolitica.com.mx\/index.php?rest_route=\/wp\/v2\/posts\/29329","targetHints":{"allow":["GET"]}}],"collection":[{"href":"https:\/\/labestiapolitica.com.mx\/index.php?rest_route=\/wp\/v2\/posts"}],"about":[{"href":"https:\/\/labestiapolitica.com.mx\/index.php?rest_route=\/wp\/v2\/types\/post"}],"author":[{"embeddable":true,"href":"https:\/\/labestiapolitica.com.mx\/index.php?rest_route=\/wp\/v2\/users\/3"}],"replies":[{"embeddable":true,"href":"https:\/\/labestiapolitica.com.mx\/index.php?rest_route=%2Fwp%2Fv2%2Fcomments&post=29329"}],"version-history":[{"count":2,"href":"https:\/\/labestiapolitica.com.mx\/index.php?rest_route=\/wp\/v2\/posts\/29329\/revisions"}],"predecessor-version":[{"id":29338,"href":"https:\/\/labestiapolitica.com.mx\/index.php?rest_route=\/wp\/v2\/posts\/29329\/revisions\/29338"}],"wp:featuredmedia":[{"embeddable":true,"href":"https:\/\/labestiapolitica.com.mx\/index.php?rest_route=\/wp\/v2\/media\/29336"}],"wp:attachment":[{"href":"https:\/\/labestiapolitica.com.mx\/index.php?rest_route=%2Fwp%2Fv2%2Fmedia&parent=29329"}],"wp:term":[{"taxonomy":"category","embeddable":true,"href":"https:\/\/labestiapolitica.com.mx\/index.php?rest_route=%2Fwp%2Fv2%2Fcategories&post=29329"},{"taxonomy":"post_tag","embeddable":true,"href":"https:\/\/labestiapolitica.com.mx\/index.php?rest_route=%2Fwp%2Fv2%2Ftags&post=29329"}],"curies":[{"name":"wp","href":"https:\/\/api.w.org\/{rel}","templated":true}]}}