{"id":29330,"date":"2024-07-08T19:02:39","date_gmt":"2024-07-09T01:02:39","guid":{"rendered":"https:\/\/labestiapolitica.com.mx\/?p=29330"},"modified":"2024-07-11T08:18:32","modified_gmt":"2024-07-11T14:18:32","slug":"en-septiembre-iniciaria-prd-registro-ante-el-ite-como-partido-politico-local","status":"publish","type":"post","link":"https:\/\/labestiapolitica.com.mx\/?p=29330","title":{"rendered":"En septiembre iniciar\u00eda PRD registro ante el ITE como partido pol\u00edtico local."},"content":{"rendered":"<ul>\n<li style=\"text-align: justify;\">\u00a0En este momento la dirigencia estatal se encuentra en espera de las resoluciones que emita el TEPJF sobre diversas impugnaciones perredistas<\/li>\n<\/ul>\n<p style=\"text-align: justify;\">El presidente interino del Partido de la Revoluci\u00f3n Democr\u00e1tica (PRD), Sergio Ju\u00e1rez Fragoso, afirm\u00f3 que no ser\u00e1 sino cuando formalmente, en el \u00e1mbito nacional se pierda el registro, cuando la dirigencia estatal en Tlaxcala solicite el registro como partido pol\u00edtico local ante el Instituto Tlaxcalteca de Elecciones (ITE), lo cual podr\u00eda suceder hasta el pr\u00f3ximo mes de septiembre.<br \/>\n\u201cSi se confirma la p\u00e9rdida de registro, ya nos notificar\u00e1n formalmente a los partidos locales y estaremos en condiciones de solicitar nuestro registro como partido local toda vez que reunimos los requisitos que establece la Ley General de Partidos Pol\u00edticos, es decir, obtuvimos m\u00e1s del tres por ciento de la votaci\u00f3n y postulamos candidaturas en m\u00e1s de la mitad de los municipios y distritos locales, sin embargo, este procedimiento iniciar\u00eda a partir de septiembre, en todo caso\u201d, se\u00f1al\u00f3 el actual dirigente perredista.<br \/>\nSin embargo, precis\u00f3 que por el momento el PRD esperar\u00e1 a que se resuelvan las impugnaciones presentadas ante el Tribunal Electoral del Poder Judicial de la Federaci\u00f3n (TEPJF) con respecto al resultado y c\u00f3mputo de algunas diputaciones federales. \u201cA partir de eso el Instituto Nacional Electoral ya tendr\u00e1 resoluciones y criterios para que se pueda confirmar o no la p\u00e9rdida del registro por parte del partido\u201d, dijo.<br \/>\nJu\u00e1rez Fragoso abri\u00f3 la posibilidad de que con alguna resoluci\u00f3n por parte del Tribunal, en el sentido de anular alguna elecci\u00f3n o recontar votos en algunos distritos electorales, se pudiese modificar el porcentaje del PRD en la elecci\u00f3n. \u201cEso es el pre\u00e1mbulo para detener por el momento la p\u00e9rdida del registro\u201d, indic\u00f3.<br \/>\nCabe recordar que el pasado 10 de junio el INE notific\u00f3 la desaparici\u00f3n del PRD despu\u00e9s de no alcanzar el tres por ciento de la votaci\u00f3n en las elecciones del pasado 2 de junio.<br \/>\nCon esa notificaci\u00f3n, el PRD deber\u00e1 cumplir con lo establecido en los art\u00edculos 385, numerales 2 y 3, y 386 del Reglamento de Fiscalizaci\u00f3n, que implica diversas obligaciones, entre las cuales destacan que el partido \u00fanicamente podr\u00e1 pagar gastos relacionados con la n\u00f3mina e impuestos; deber\u00e1 suspender cualquier pago a proveedores o prestadores de servicios; no podr\u00e1 celebrar contratos, compromisos, pedidos, adquisiciones u obligaciones y las que celebre, adquiera o realice, se anular\u00e1n; y abstenerse de realizar transferencias de recursos o valores a favor de persona alguna, independientemente de que sean trabajadores, dirigentes, militantes o simpatizantes.<\/p>\n<p>&nbsp;<\/p>\n<p><img loading=\"lazy\" decoding=\"async\" class=\"alignnone wp-image-28405 size-full\" src=\"https:\/\/labestiapolitica.com.mx\/wp-content\/uploads\/2024\/06\/U-NOVA-y-se-diferente.png\" alt=\"\" width=\"1000\" height=\"600\" srcset=\"https:\/\/labestiapolitica.com.mx\/wp-content\/uploads\/2024\/06\/U-NOVA-y-se-diferente.png 1000w, https:\/\/labestiapolitica.com.mx\/wp-content\/uploads\/2024\/06\/U-NOVA-y-se-diferente-300x180.png 300w, https:\/\/labestiapolitica.com.mx\/wp-content\/uploads\/2024\/06\/U-NOVA-y-se-diferente-768x461.png 768w\" sizes=\"auto, (max-width: 1000px) 100vw, 1000px\" \/><\/p>\n","protected":false},"excerpt":{"rendered":"<p>\u00a0En este momento la dirigencia estatal se encuentra en espera de las resoluciones que emita el TEPJF sobre diversas impugnaciones perredistas El presidente interino del Partido de la Revoluci\u00f3n Democr\u00e1tica (PRD), Sergio Ju\u00e1rez Fragoso, afirm\u00f3 que no ser\u00e1 sino cuando formalmente, en el \u00e1mbito nacional se pierda el registro, cuando la dirigencia estatal en Tlaxcala [&hellip;]<\/p>\n","protected":false},"author":3,"featured_media":29339,"comment_status":"open","ping_status":"open","sticky":false,"template":"","format":"standard","meta":{"footnotes":""},"categories":[12],"tags":[],"class_list":["post-29330","post","type-post","status-publish","format-standard","has-post-thumbnail","hentry","category-brujula-2026"],"amp_enabled":true,"_links":{"self":[{"href":"https:\/\/labestiapolitica.com.mx\/index.php?rest_route=\/wp\/v2\/posts\/29330","targetHints":{"allow":["GET"]}}],"collection":[{"href":"https:\/\/labestiapolitica.com.mx\/index.php?rest_route=\/wp\/v2\/posts"}],"about":[{"href":"https:\/\/labestiapolitica.com.mx\/index.php?rest_route=\/wp\/v2\/types\/post"}],"author":[{"embeddable":true,"href":"https:\/\/labestiapolitica.com.mx\/index.php?rest_route=\/wp\/v2\/users\/3"}],"replies":[{"embeddable":true,"href":"https:\/\/labestiapolitica.com.mx\/index.php?rest_route=%2Fwp%2Fv2%2Fcomments&post=29330"}],"version-history":[{"count":1,"href":"https:\/\/labestiapolitica.com.mx\/index.php?rest_route=\/wp\/v2\/posts\/29330\/revisions"}],"predecessor-version":[{"id":29340,"href":"https:\/\/labestiapolitica.com.mx\/index.php?rest_route=\/wp\/v2\/posts\/29330\/revisions\/29340"}],"wp:featuredmedia":[{"embeddable":true,"href":"https:\/\/labestiapolitica.com.mx\/index.php?rest_route=\/wp\/v2\/media\/29339"}],"wp:attachment":[{"href":"https:\/\/labestiapolitica.com.mx\/index.php?rest_route=%2Fwp%2Fv2%2Fmedia&parent=29330"}],"wp:term":[{"taxonomy":"category","embeddable":true,"href":"https:\/\/labestiapolitica.com.mx\/index.php?rest_route=%2Fwp%2Fv2%2Fcategories&post=29330"},{"taxonomy":"post_tag","embeddable":true,"href":"https:\/\/labestiapolitica.com.mx\/index.php?rest_route=%2Fwp%2Fv2%2Ftags&post=29330"}],"curies":[{"name":"wp","href":"https:\/\/api.w.org\/{rel}","templated":true}]}}