{"id":29351,"date":"2024-07-09T09:33:06","date_gmt":"2024-07-09T15:33:06","guid":{"rendered":"https:\/\/labestiapolitica.com.mx\/?p=29351"},"modified":"2024-07-11T08:18:05","modified_gmt":"2024-07-11T14:18:05","slug":"el-bestiario-quien-le-pondra-el-ultimo-clavo-al-pri-en-tlaxcala","status":"publish","type":"post","link":"https:\/\/labestiapolitica.com.mx\/?p=29351","title":{"rendered":"El Bestiario&#8230; \u00bfQui\u00e9n le pondr\u00e1 el \u00faltimo clavo al PRI en Tlaxcala?"},"content":{"rendered":"<p style=\"text-align: justify;\">Todo parece indicar que el Partido Revolucionario Institucional (PRI) ha dado un paso m\u00e1s hacia su declive pol\u00edtico con la reciente reforma a sus estatutos partidistas, realizada durante su Asamblea Nacional Extraordinaria. Esta decisi\u00f3n, llevada a cabo a mano alzada y por mayor\u00eda, confirma la reelecci\u00f3n de Alejandro \u201cAlito\u201d Moreno C\u00e1rdenas como dirigente nacional, abriendo la posibilidad de que se mantenga en el cargo hasta 2032.<\/p>\n<p style=\"text-align: justify;\">Alito est\u00e1 empe\u00f1ado en ser el que ponga el \u00faltimo clavo al epitafio del PRI, y muchos se preguntan qu\u00e9 pasar\u00e1 con este partido en Tlaxcala, luego de que la dirigencia estatal, encabezada por Ernesto Garc\u00eda Sarmiento y que responde a la exgobernadora de Tlaxcala, Beatriz Paredes Rangel, mostr\u00f3 en la v\u00edspera el rechazo a la reelecci\u00f3n del presidente nacional, sellando con ello su destino y el inminente cese como l\u00edder del tricolor en la entidad.<\/p>\n<p style=\"text-align: justify;\">En estos momentos, y tras conocerse la reforma a sus estatutos partidistas, en el estado el silencio ha sido la narrativa dominante y nadie quiere hablar ya y aventarse un tiro con quien ser\u00e1 nuevamente el mandam\u00e1s pri\u00edsta.<\/p>\n<p style=\"text-align: justify;\">Se desconoce cu\u00e1l ser\u00e1 el destino de la tlaxcalteca Beatriz Paredes y de los pri\u00edstas que no comulgan con Alito, \u00bfser\u00e1n oposici\u00f3n dentro de la oposici\u00f3n, ante una dirigencia aparentemente auro impuesta de partido d\u00e9bil y mermado?<\/p>\n<p style=\"text-align: justify;\">\u00bfQu\u00e9 papel jugar\u00e1n figuras relevantes del PRI en Tlaxcala, como la actual senadora Anabell \u00c1valos Zempoalteca, excandidata a la gubernatura, o Blanca \u00c1guila, la \u00fanica diputada local? \u00bfSe quedar\u00e1n a ver c\u00f3mo Alito extermina al partido?<\/p>\n<p style=\"text-align: justify;\">\u00bfQu\u00e9 le espera al PRI en Tlaxcala y a nivel nacional? La respuesta est\u00e1 en la capacidad de sus militantes para enfrentar la crisis con valent\u00eda y decisi\u00f3n. La impugnaci\u00f3n de la reforma estatutaria ante el Tribunal Electoral del Poder Judicial de la Federaci\u00f3n (TEPJF) es una posibilidad, pero requiere de una movilizaci\u00f3n y unidad que parecen faltar en el partido, y un pleito largo.<\/p>\n<p style=\"text-align: justify;\">En Tlaxcala, como en el resto del pa\u00eds, los priistas tienen la oportunidad de tomar una posici\u00f3n firme y decidir si permitir\u00e1n que el partido siga en este camino de autodestrucci\u00f3n o si luchar\u00e1n por un cambio real y necesario. De no hacerlo, el PRI podr\u00eda estar firmando su sentencia de muerte pol\u00edtica, dejando a sus militantes y a la ciudadan\u00eda en un vac\u00edo opositor en un momento cr\u00edtico para la democracia mexicana.<\/p>\n<p style=\"text-align: justify;\">*****<\/p>\n<p style=\"text-align: justify;\"><strong>LA CAMINERA.<\/strong>&#8230;\u00bfHabr\u00e1 un nuevo partido?&#8230;Durante varias d\u00e9cadas, el PRI control\u00f3 el panorama pol\u00edtico en Tlaxcala, logrando consolidar su influencia a trav\u00e9s de una estructura de poder bien organizada y una red de lealtades tanto a nivel estatal como local. Las elecciones eran, en muchos casos, una formalidad que confirmaba la preeminencia del PRI en la pol\u00edtica local.<\/p>\n<p style=\"text-align: justify;\">La hegemon\u00eda del PRI sufri\u00f3 un rev\u00e9s significativo en 1998 cuando el perredista Alfonso S\u00e1nchez Anaya gan\u00f3 la gubernatura. Este evento marc\u00f3 un cambio de rumbo en la pol\u00edtica del estado, demostrando que el PRI no era invulnerable y que la oposici\u00f3n pod\u00eda ganar terreno. Esta victoria del PRD fue un golpe duro para el PRI, que se vio obligado a reevaluar sus estrategias y a enfrentar una nueva realidad pol\u00edtica en Tlaxcala.<\/p>\n<p style=\"text-align: justify;\">La derrota electoral del 2024 donde arras\u00f3 Morena y el PRI no gan\u00f3 una sola alcald\u00eda pone el futuro muy incierto.\u00a0El tricolor se encuentra en un momento cr\u00edtico. Su capacidad para recuperar la confianza de los votantes y consolidar su posici\u00f3n como una fuerza pol\u00edtica relevante depender\u00e1 de su habilidad para resolver sus conflictos internos, presentar un liderazgo coherente y articular una visi\u00f3n convincente para el futuro del estado. Sin estas medidas, el partido corre el riesgo de seguir perdiendo terreno frente a sus competidores y de quedar relegado en la historia pol\u00edtica de Tlaxcala.<\/p>\n<p style=\"text-align: justify;\">Muchos dicen que el PRI ni se crea no se destruye, solamente se transforma, y as\u00ed hemos visto liderazgos y militantes emprender aventuras pol\u00edticas en el PRD, PAN, PAC y, m\u00e1s recientemente en Morena, incluso muchos han ido a oxigenar a MC con excelentes resultados, cada vez son menos los que se mantienen firmes y leales al otrora partido hegem\u00f3nico y, pareciera que con esta reforma estatutaria les est\u00e1n dando el pretexto perfecto para irse.<\/p>\n<p style=\"text-align: justify;\">Ante este escenario, pareciera que la gran tarea de recuperar o rescatar al PRI est\u00e1 depositada en la militancia \u00a1a pesar de su dirigencia!<\/p>\n<p style=\"text-align: justify;\">\u00bfO veremos un nuevo partido local en Tlaxcala?<\/p>\n<p>*****<\/p>\n<p style=\"text-align: justify;\"><strong>AHORA S\u00cd, LA \u00daLTIMA Y NOS VAMOS.<\/strong>..Debate&#8230;La controversia alrededor de los comentarios de Antonio Mart\u00ednez Vel\u00e1zquez, ex secretario de Cultura, y la respuesta de Aurora Villeda Temoltzin toca varios temas delicados y fundamentales para la pol\u00edtica y la sociedad actual.<\/p>\n<p style=\"text-align: justify;\">La solicitud de Antonio Mart\u00ednez Vel\u00e1zquez para que los pol\u00edticos que compitieron bajo la acci\u00f3n afirmativa LGBTQ+ revelen su verdadera identidad plantea una cuesti\u00f3n compleja sobre la autenticidad y la transparencia en la representaci\u00f3n pol\u00edtica. Sin embargo, tambi\u00e9n abre un debate sobre la privacidad y los derechos individuales de los candidatos, y hoy diputados electos.<\/p>\n<p style=\"text-align: justify;\">En primer lugar, es esencial reconocer que la privacidad es un derecho fundamental. La vida personal de los pol\u00edticos no deber\u00eda ser objeto de escrutinio p\u00fablico a menos que est\u00e9 directamente relacionada con su capacidad para desempe\u00f1ar sus funciones. La orientaci\u00f3n sexual o identidad de g\u00e9nero de una persona es un aspecto \u00edntimo que no deber\u00eda ser forzado a salir a la luz p\u00fablica si la persona no est\u00e1 dispuesta a hacerlo. Esto es crucial para proteger a los individuos de posibles discriminaciones y estigmatizaciones.<\/p>\n<p style=\"text-align: justify;\">Por otro lado, es v\u00e1lido exigir transparencia en los procesos electorales, especialmente cuando se trata de acciones afirmativas dise\u00f1adas para promover la inclusi\u00f3n y la representaci\u00f3n de grupos hist\u00f3ricamente marginados. Si hay indicios de que se ha cometido fraude, es importante que se investigue adecuadamente para mantener la integridad del proceso electoral.<\/p>\n<p style=\"text-align: justify;\">Aurora Villeda Temoltzin, al defender su derecho a la privacidad, hace un punto importante sobre la necesidad de separar la vida personal de las funciones p\u00fablicas. Adem\u00e1s, su compromiso de trabajar en el Congreso para el beneficio de diversos sectores, incluyendo mujeres, ni\u00f1as y personas con discapacidad, lanza el mensaje que su enfoque legislativo es inclusivo y orientado al bienestar de la sociedad en general.<\/p>\n<p style=\"text-align: justify;\">Es fundamental que los debates sobre estos temas se manejen con sensibilidad y respeto. La lucha por la igualdad y la representaci\u00f3n justa debe ir de la mano con el respeto por los derechos individuales. En lugar de centrar el debate en la vida privada de los candidatos, deber\u00edamos enfocarnos en sus propuestas, su trabajo y su capacidad para representar y mejorar la vida de sus electores.<\/p>\n<p style=\"text-align: justify;\">En conclusi\u00f3n, mientras que la transparencia y la integridad en los procesos electorales son cruciales, es igualmente importante respetar la privacidad de los individuos y no usar su vida personal como arma pol\u00edtica. El enfoque deber\u00eda estar en el trabajo legislativo y en c\u00f3mo los pol\u00edticos, como Aurora Villeda Temoltzin, pueden contribuir de manera significativa al bienestar y la inclusi\u00f3n de todos los ciudadanos.<\/p>\n<p style=\"text-align: justify;\">Veremos cuando est\u00e9 en el cargo, si la morenista y presidenta de RSP que lleg\u00f3 por una acci\u00f3n afirmativa de la comunidad LGBTTTIQ+ trae agenda sobre este sector, o \u00fanicamente fue una bandera pol\u00edtica. Solo resta esperar.<\/p>\n<div class=\"group\/conversation-turn relative flex w-full min-w-0 flex-col agent-turn\">\n<div class=\"flex-col gap-1 md:gap-3\">\n<div class=\"flex flex-grow flex-col max-w-full\">\n<div class=\"min-h-[20px] text-message flex flex-col items-start whitespace-pre-wrap break-words [.text-message+&amp;]:mt-5 juice:w-full juice:items-end overflow-x-auto gap-2\" dir=\"auto\" data-message-author-role=\"assistant\" data-message-id=\"94a1e33b-3d1c-44ba-b3ed-9fd9b63d768a\">\n<div class=\"flex w-full flex-col gap-1 juice:empty:hidden juice:first:pt-[3px]\">\n<div class=\"markdown prose w-full break-words dark:prose-invert dark\">\n<p>&nbsp;<\/p>\n<\/div>\n<\/div>\n<\/div>\n<\/div>\n<\/div>\n<\/div>\n","protected":false},"excerpt":{"rendered":"<p>Todo parece indicar que el Partido Revolucionario Institucional (PRI) ha dado un paso m\u00e1s hacia su declive pol\u00edtico con la reciente reforma a sus estatutos partidistas, realizada durante su Asamblea Nacional Extraordinaria. Esta decisi\u00f3n, llevada a cabo a mano alzada y por mayor\u00eda, confirma la reelecci\u00f3n de Alejandro \u201cAlito\u201d Moreno C\u00e1rdenas como dirigente nacional, abriendo [&hellip;]<\/p>\n","protected":false},"author":3,"featured_media":29049,"comment_status":"open","ping_status":"open","sticky":false,"template":"","format":"standard","meta":{"footnotes":""},"categories":[2],"tags":[],"class_list":["post-29351","post","type-post","status-publish","format-standard","has-post-thumbnail","hentry","category-el-bestiario"],"amp_enabled":true,"_links":{"self":[{"href":"https:\/\/labestiapolitica.com.mx\/index.php?rest_route=\/wp\/v2\/posts\/29351","targetHints":{"allow":["GET"]}}],"collection":[{"href":"https:\/\/labestiapolitica.com.mx\/index.php?rest_route=\/wp\/v2\/posts"}],"about":[{"href":"https:\/\/labestiapolitica.com.mx\/index.php?rest_route=\/wp\/v2\/types\/post"}],"author":[{"embeddable":true,"href":"https:\/\/labestiapolitica.com.mx\/index.php?rest_route=\/wp\/v2\/users\/3"}],"replies":[{"embeddable":true,"href":"https:\/\/labestiapolitica.com.mx\/index.php?rest_route=%2Fwp%2Fv2%2Fcomments&post=29351"}],"version-history":[{"count":1,"href":"https:\/\/labestiapolitica.com.mx\/index.php?rest_route=\/wp\/v2\/posts\/29351\/revisions"}],"predecessor-version":[{"id":29352,"href":"https:\/\/labestiapolitica.com.mx\/index.php?rest_route=\/wp\/v2\/posts\/29351\/revisions\/29352"}],"wp:featuredmedia":[{"embeddable":true,"href":"https:\/\/labestiapolitica.com.mx\/index.php?rest_route=\/wp\/v2\/media\/29049"}],"wp:attachment":[{"href":"https:\/\/labestiapolitica.com.mx\/index.php?rest_route=%2Fwp%2Fv2%2Fmedia&parent=29351"}],"wp:term":[{"taxonomy":"category","embeddable":true,"href":"https:\/\/labestiapolitica.com.mx\/index.php?rest_route=%2Fwp%2Fv2%2Fcategories&post=29351"},{"taxonomy":"post_tag","embeddable":true,"href":"https:\/\/labestiapolitica.com.mx\/index.php?rest_route=%2Fwp%2Fv2%2Ftags&post=29351"}],"curies":[{"name":"wp","href":"https:\/\/api.w.org\/{rel}","templated":true}]}}