{"id":29473,"date":"2024-07-11T08:34:59","date_gmt":"2024-07-11T14:34:59","guid":{"rendered":"https:\/\/labestiapolitica.com.mx\/?p=29473"},"modified":"2024-07-13T14:30:09","modified_gmt":"2024-07-13T20:30:09","slug":"el-bestiario-el-desafio-de-la-honestidad-y-compromiso-con-la-comunidad-lgbtttiq-en-tlaxcala","status":"publish","type":"post","link":"https:\/\/labestiapolitica.com.mx\/?p=29473","title":{"rendered":"El Bestiario&#8230;El Desaf\u00edo de la Honestidad y Compromiso con la Comunidad LGBTTTIQ+ en Tlaxcala\u00bb"},"content":{"rendered":"<p style=\"text-align: justify;\">\u00a1Vaya pol\u00e9mica! A m\u00e1s de un mes de la elecci\u00f3n en Tlaxcala, ha cobrado notoriedad nuevamente el tema de las acciones afirmativas de la comunidad LGBTTTIQ+.<\/p>\n<div class=\"group\/conversation-turn relative flex w-full min-w-0 flex-col agent-turn\">\n<div class=\"flex-col gap-1 md:gap-3\">\n<div class=\"flex flex-grow flex-col max-w-full\">\n<div class=\"min-h-[20px] text-message flex flex-col items-start whitespace-pre-wrap break-words [.text-message+&amp;]:mt-5 juice:w-full juice:items-end overflow-x-auto gap-2\" dir=\"auto\" data-message-author-role=\"assistant\" data-message-id=\"44d3a230-e074-4429-9a62-0f27c878f2b9\">\n<div class=\"flex w-full flex-col gap-1 juice:empty:hidden juice:first:pt-[3px]\">\n<div class=\"markdown prose w-full break-words dark:prose-invert dark\">\n<p style=\"text-align: justify;\">El secretario de Cultura, Antonio Mart\u00ednez Vel\u00e1zquez, quien pertenece a dicha comunidad, plante\u00f3 en d\u00edas pasados, sin decir nombres, que quienes hab\u00edan llegado al Congreso local a trav\u00e9s de acciones afirmativas LGBTTTIQ+ deb\u00edan comprometerse con la agenda de la diversidad o admitir que mintieron al pueblo para obtener de manera m\u00e1s f\u00e1cil un esca\u00f1o.<\/p>\n<p style=\"text-align: justify;\">\u00abDeben hacer conciencia\u00bb, fueron las palabras del funcionario, quien enfatiz\u00f3 la responsabilidad de todos los ciudadanos de combatir los discursos de odio contra la comunidad LGBTTTIQ+, se\u00f1alando que el verdadero adversario son los feminicidas, los transfeminicidas y las autoridades represivas. \u00abEl hecho de que un servidor p\u00fablico de alto nivel se asuma como homosexual, como en mi caso, repercute positivamente en otras diversidades para que puedan sentirse seguras\u00bb, afirm\u00f3 en entrevistas publicadas por la Jornada de Oriente Tlaxcala.<\/p>\n<p style=\"text-align: justify;\">En rueda de prensa para dar a conocer los resultados de la tercera edici\u00f3n de la Semana Tlaxcala Diversa 2024, expres\u00f3: \u201cLa tercera reflexi\u00f3n tiene que ver con insistir, porque eso fue uno de los temas que se tocaron durante la Semana -de Tlaxcala Diversa-, que a las autoridades electas que mintieron sobre pertenecer a la comunidad, tienen de dos: o le dicen la verdad al pueblo o se comprometen con la agenda LGBTTTIQ+, pues no hay de otra\u201d.<\/p>\n<p style=\"text-align: justify;\">Recrimin\u00f3 a quienes registraron su candidatura a un cargo de elecci\u00f3n popular, principalmente para las diputaciones locales, como personas no binarias o lesbianas (entre ellos abanderados de Morena y sus aliados), \u201cy que no son parte de la diversidad, nunca los hemos visto\u201d.<\/p>\n<p style=\"text-align: justify;\">Sin embargo, remarc\u00f3 que en Tlaxcala el exhorto es que las y los diputados electos como representantes de la diversidad sexual \u201cdigan la verdad\u201d, sobre todo a quienes son parte del movimiento de la Cuarta Transformaci\u00f3n, cuyos tres principios son \u201cno robar, no mentir y no traicionar al pueblo\u201d.<\/p>\n<p style=\"text-align: justify;\">Pregunt\u00f3 por qu\u00e9 echar a perder los avances en materia electoral para abrir espacios a los diversos grupos prioritarios solo \u201cpor la vulgar ambici\u00f3n de tener un puesto p\u00fablico\u2026 yo espero que quienes est\u00e1n en esa situaci\u00f3n puedan dormir tranquilos\u201d.<\/p>\n<p style=\"text-align: justify;\">Anot\u00f3 que este llamado lo realiza no solo como funcionario p\u00fablico sino como portavoz de la comunidad LGBTTTIQ+ que discuti\u00f3 esta situaci\u00f3n ampliamente durante la semana cultural, ya que le afecta en sus derechos humanos.<\/p>\n<p style=\"text-align: justify;\">El bal\u00f3n fue lanzado al aire, pero las diputadas electas Madai P\u00e9rez Carrillo y Aurora Villeda, ambas de la candidatura com\u00fan de Morena y sus aliados, lo bajaron y se metieron a la cancha a jugar con Mart\u00ednez Vel\u00e1zquez.<\/p>\n<p style=\"text-align: justify;\">Los aliados de la Cuarta Transformaci\u00f3n revivieron un muerto que estaba siendo velado y pusieron en la escena otra vez y en la pol\u00e9mica a dos legisladoras que estar\u00e1n en el ojo del hurac\u00e1n, y que trajeron al debate p\u00fablico lo que un representante de un partido aliado de Morena en plena sesi\u00f3n del Instituto Tlaxcalteca de Elecciones (ITE), revel\u00f3 que los partidos mintieron para cumplir con las acciones afirmativas.<\/p>\n<p style=\"text-align: justify;\">La jugada de Aurora y Madai era muy f\u00e1cil: no meterse en el tema de la privacidad sobre si pertenecen o no a la comunidad LGBTTTIQ+, pues finalmente ya fueron votadas en las urnas, sino dar a conocer o adelantar lo que ser\u00e1 su agenda en este rubro.<\/p>\n<p style=\"text-align: justify;\">Hay varias propuestas legislativas pendientes, como la derogaci\u00f3n de un art\u00edculo discriminatorio del C\u00f3digo Penal relativo al \u00abpeligro del contagio\u00bb y una reforma laboral para garantizar empleo a personas trans y no binarias. Sobre eso y lo que ellas traigan debe ser la narrativa.<\/p>\n<p style=\"text-align: justify;\">Mada\u00ed P\u00e9rez Carrillo reiter\u00f3 que cada persona tiene puntos de vista diferentes y que el respeto hacia la visi\u00f3n de quienes somos es fundamental. \u201cTrabajaremos de acuerdo a todos los grupos de una minor\u00eda, no solo para uno, porque representamos a un estado\u201d.<\/p>\n<p style=\"text-align: justify;\"><strong>-\u00bfUsted minti\u00f3 al pueblo al decir que es parte de la comunidad LGBTTTIQ+ (para llegar al cargo)?, se le pregunt\u00f3.\u00a0<\/strong><\/p>\n<p style=\"text-align: justify;\">-No, cada uno se identifica como quiere identificarse. Yo le dec\u00eda a alguien, \u00bft\u00fa me puedes decir que te sientes mujer porque te dijeron que eres mujer?, cada uno de nosotros tiene nuestro punto de vista y debemos aceptarnos como somos y sentirnos orgullosos de quienes somos.<\/p>\n<p style=\"text-align: justify;\">Por su parte, Aurora Villeda Temoltzin, de Redes Sociales Progresistas (RSP), respondi\u00f3: \u201cCreo que la vida personal, privada, es privada, y el que t\u00fa est\u00e9s en un cargo p\u00fablico tampoco es para que est\u00e9s ventilando c\u00f3mo llevas a cabo tu vida\u201d.<\/p>\n<p style=\"text-align: justify;\">A\u00f1adi\u00f3 que en esta materia ya hay apertura y \u201cen el tema del amor, porque al final el amor es el amor y cada quien lleva el amor como es su sentir. Creo que aqu\u00ed lo que hay que ser es muy incisivo es que no solamente vamos a representar cada uno de nosotros esas minor\u00edas, tambi\u00e9n en el caso de la diputaci\u00f3n por las personas con discapacidad.<\/p>\n<p style=\"text-align: justify;\">\u201cYo lo que les he comentado a estos grupos es que ya est\u00e1 visibilizado, hay que empezar a concientizar y lo siguiente ser\u00e1 empezar a ver alg\u00fan tema de leyes que favorezca realmente\u201d, indic\u00f3 y asegur\u00f3 que asumir\u00e1 esta agenda, \u201cporque no es de ahorita\u201d y que tiene \u201cmuch\u00edsimas amigas y amigos que son de estos grupos LGBTTTIQ+. \u201cY repito el amor es el amor, as\u00ed como lo quieran ver\u201d.<\/p>\n<p style=\"text-align: justify;\">Insisto, no se trata de atacar o generar violencia hacia ambas legisladoras electas, pues su capacidad no est\u00e1 en duda.<\/p>\n<p style=\"text-align: justify;\">Si ellas, en un arranque de honestidad, deciden revelar que si pertenecen o no a dicha comunidad, ser\u00e1 decisi\u00f3n personal, pero mucho ayudar\u00eda a distender la tensi\u00f3n con quienes s\u00ed lo son.<\/p>\n<p style=\"text-align: justify;\">Creo que la estrategia les ha fallado al desde\u00f1ar acudir a foros donde se abordan los retos de la acci\u00f3n afirmativa que representan y reunirse con miembros de la comunidad para crear una agenda conjunta.<\/p>\n<p style=\"text-align: justify;\">La gran interrogante es: ya los representan, \u00bfahora qu\u00e9 har\u00e1n por la comunidad?<\/p>\n<p style=\"text-align: justify;\">Est\u00e1n a poco m\u00e1s de un mes de que asuman el cargo. Vayan, armen foros, acudan a entrevistas, hagan lo que tengan que hacer,\u00a0 hablen sobre sus agendas, pero evadir no es la mejor alternativa.<\/p>\n<p><img loading=\"lazy\" decoding=\"async\" class=\"alignnone wp-image-29474 size-full\" src=\"https:\/\/labestiapolitica.com.mx\/wp-content\/uploads\/2024\/07\/JORNADA-.jpg\" alt=\"\" width=\"1000\" height=\"600\" srcset=\"https:\/\/labestiapolitica.com.mx\/wp-content\/uploads\/2024\/07\/JORNADA-.jpg 1000w, https:\/\/labestiapolitica.com.mx\/wp-content\/uploads\/2024\/07\/JORNADA--300x180.jpg 300w, https:\/\/labestiapolitica.com.mx\/wp-content\/uploads\/2024\/07\/JORNADA--768x461.jpg 768w\" sizes=\"auto, (max-width: 1000px) 100vw, 1000px\" \/><\/p>\n<p>Foto: Jornada de Oriente Tlaxcala.<\/p>\n<p>******<\/p>\n<p style=\"text-align: justify;\"><strong>LA CAMINERA&#8230;<\/strong> AMAGOS&#8230; Hace m\u00e1s de 24 horas el secretario de Gobierno de Tlaxcala recibi\u00f3 una llamada telef\u00f3nica de una diputada electa.<\/p>\n<p style=\"text-align: justify;\">\u00bfO me reciben o no voy con la bancada de Morena en la pr\u00f3xima legislatura?<\/p>\n<p style=\"text-align: justify;\">Luis Antonio Ram\u00edrez solo sonri\u00f3, tom\u00f3 la llamada y recibi\u00f3 a la representante popular.<\/p>\n<p style=\"text-align: justify;\">\u00bfQu\u00e9 hablaron?, no s\u00e9, pero es evidente que la pol\u00edtica no sabe nada del manejo de emociones y crisis.<\/p>\n<p>******<\/p>\n<p style=\"text-align: justify;\"><strong>AHORA S\u00cd, LA \u00daLTIMA Y NOS VAMOS.<\/strong>.. El cascabel al gato&#8230; Hizo ruido el secretario de Cultura, Jos\u00e9 Antonio Mart\u00ednez Vel\u00e1zquez, al exigir que quienes hab\u00edan llegado a trav\u00e9s de acciones afirmativas LGBTTTIQ al Congreso local, deb\u00edan comprometerse con la agenda de la diversidad o admitir que mintieron al pueblo para obtener de manera m\u00e1s f\u00e1cil un esca\u00f1o.<\/p>\n<p style=\"text-align: justify;\">Pero tambi\u00e9n arrastr\u00f3 a Morena y sus partidos aliados, pues estos habr\u00edan mentido al pueblo de Tlaxcala para cumplir con acciones afirmativas.<\/p>\n<p style=\"text-align: justify;\">\u00bfPor qu\u00e9 Carlos Augusto, dirigente estatal de Morena y los otros presidentes de partidos como FxM, Nueva Alianza, y\u00a0 Verde no han dicho nada?<\/p>\n<p style=\"text-align: justify;\">Mart\u00ednez Vel\u00e1zquez tambi\u00e9n expres\u00f3 que en Tlaxcala, hay perfiles extraordinarios que los partidos podr\u00edan voltear a ver\u2026 \u201cno en el PAN, porque nos odia, pero fuera de esto en otros hay cuadros que militan ah\u00ed\u201d, por lo que deben abrir espacios para su formaci\u00f3n, \u201cno solamente para una \u00e9lite de los mismos que por cumplir con la ley se hacen pasar por mujeres, por lesbianas o por no binarias, lo cual degrada la vida p\u00fablica\u201d.<\/p>\n<p style=\"text-align: justify;\">El funcionario desliz\u00f3 que el albiazul odia a la comunidad LGBTTTIQ y la presidenta local del partido, Miriam Mart\u00ednez, tambi\u00e9n guard\u00f3 silencio.<\/p>\n<p style=\"text-align: justify;\">\u00bfFuego amigo? En sus reflexiones, el secretario de Cultura omite mencionar la responsabilidad de los partidos pol\u00edticos en la simulaci\u00f3n del cumplimiento de las acciones afirmativas \u2013Morena, entre ellos, como parte de la candidatura com\u00fan que postul\u00f3 a las dos diputadas que resultaron aludidas-. En t\u00e9rminos reales, est\u00e1 diciendo que el partido tambi\u00e9n incumpli\u00f3 con esos principios de no mentir, no robar y no traicionar al pueblo.<\/p>\n<p style=\"text-align: justify;\">Con toda esta pol\u00e9mica me han hecho llegar dos preguntas importantes para el secretario:<\/p>\n<p style=\"text-align: justify;\">Primera: \u00bfPor qu\u00e9 no se manifest\u00f3 en contra de dichas candidaturas al momento de los registros, que era el momento id\u00f3neo para hacerlo, ni durante las campa\u00f1as electorales, bueno ni siquiera al momento de la calificaci\u00f3n de la elecci\u00f3n que concluy\u00f3 con la entrega de las constancias respectivas?<\/p>\n<p style=\"text-align: justify;\">Segunda: \u00bfAlguien sabe cu\u00e1les son los avances en materia de cultura, los logros, las estrategias, los programas y los resultados obtenidos, toda vez que est\u00e1 a punto de dejar la Secretar\u00eda para incorporarse al gobierno de la presidenta electa, Claudia Sheinbaum? Eso es tan importante como los resultados, que a todas luces tambi\u00e9n deben exigirse no solo a las diputadas Madai P\u00e9rez Carrillo y Aurora Villeda, sino a todos los integrantes de la legislatura local.<\/p>\n<p style=\"text-align: justify;\">PARA REFLEXIONAR:<br \/>\nParece un debate inacabado definir el mecanismo id\u00f3neo para acreditar la pertenencia a la poblaci\u00f3n LGBTTTIQ+ sin invadir el \u00e1mbito de la privacidad y el derecho a la intimidad, por lo que puede plantearse como uno de los grandes retos legislativos en materia electoral.<br \/>\nRecordemos que la identidad de g\u00e9nero y la orientaci\u00f3n sexual son parte de la construcci\u00f3n de la propia identidad de las personas como resultado de una decisi\u00f3n libre y aut\u00f3noma, en tal sentido, debemos entenderlas como parte de los derechos humanos que debe ser garantizado para todas las personas sin discriminaci\u00f3n, \u00bfC\u00f3mo hacer compatibles, en el libre ejercicio de derecho, la decisi\u00f3n de hacerla p\u00fablica o mantenerla en el \u00e1mbito de lo privado, con la exigencia social de hacerla p\u00fablica cuando se trata de representantes populares registrados mediante la acci\u00f3n afirmativa dirigida a las personas de la comunidad LGBTTTIQ+?<\/p>\n<\/div>\n<\/div>\n<\/div>\n<\/div>\n<\/div>\n<\/div>\n","protected":false},"excerpt":{"rendered":"<p>\u00a1Vaya pol\u00e9mica! A m\u00e1s de un mes de la elecci\u00f3n en Tlaxcala, ha cobrado notoriedad nuevamente el tema de las acciones afirmativas de la comunidad LGBTTTIQ+. El secretario de Cultura, Antonio Mart\u00ednez Vel\u00e1zquez, quien pertenece a dicha comunidad, plante\u00f3 en d\u00edas pasados, sin decir nombres, que quienes hab\u00edan llegado al Congreso local a trav\u00e9s de [&hellip;]<\/p>\n","protected":false},"author":3,"featured_media":29049,"comment_status":"open","ping_status":"open","sticky":false,"template":"","format":"standard","meta":{"footnotes":""},"categories":[2],"tags":[],"class_list":["post-29473","post","type-post","status-publish","format-standard","has-post-thumbnail","hentry","category-el-bestiario"],"amp_enabled":true,"_links":{"self":[{"href":"https:\/\/labestiapolitica.com.mx\/index.php?rest_route=\/wp\/v2\/posts\/29473","targetHints":{"allow":["GET"]}}],"collection":[{"href":"https:\/\/labestiapolitica.com.mx\/index.php?rest_route=\/wp\/v2\/posts"}],"about":[{"href":"https:\/\/labestiapolitica.com.mx\/index.php?rest_route=\/wp\/v2\/types\/post"}],"author":[{"embeddable":true,"href":"https:\/\/labestiapolitica.com.mx\/index.php?rest_route=\/wp\/v2\/users\/3"}],"replies":[{"embeddable":true,"href":"https:\/\/labestiapolitica.com.mx\/index.php?rest_route=%2Fwp%2Fv2%2Fcomments&post=29473"}],"version-history":[{"count":6,"href":"https:\/\/labestiapolitica.com.mx\/index.php?rest_route=\/wp\/v2\/posts\/29473\/revisions"}],"predecessor-version":[{"id":29480,"href":"https:\/\/labestiapolitica.com.mx\/index.php?rest_route=\/wp\/v2\/posts\/29473\/revisions\/29480"}],"wp:featuredmedia":[{"embeddable":true,"href":"https:\/\/labestiapolitica.com.mx\/index.php?rest_route=\/wp\/v2\/media\/29049"}],"wp:attachment":[{"href":"https:\/\/labestiapolitica.com.mx\/index.php?rest_route=%2Fwp%2Fv2%2Fmedia&parent=29473"}],"wp:term":[{"taxonomy":"category","embeddable":true,"href":"https:\/\/labestiapolitica.com.mx\/index.php?rest_route=%2Fwp%2Fv2%2Fcategories&post=29473"},{"taxonomy":"post_tag","embeddable":true,"href":"https:\/\/labestiapolitica.com.mx\/index.php?rest_route=%2Fwp%2Fv2%2Ftags&post=29473"}],"curies":[{"name":"wp","href":"https:\/\/api.w.org\/{rel}","templated":true}]}}