{"id":29488,"date":"2024-07-11T18:14:53","date_gmt":"2024-07-12T00:14:53","guid":{"rendered":"https:\/\/labestiapolitica.com.mx\/?p=29488"},"modified":"2024-07-11T18:22:51","modified_gmt":"2024-07-12T00:22:51","slug":"29488","status":"publish","type":"post","link":"https:\/\/labestiapolitica.com.mx\/?p=29488","title":{"rendered":"No encubrir\u00e9 posibles anomal\u00edas financieras de mi antecesora en el Poder Judicial: Anel Ba\u00f1uelos."},"content":{"rendered":"<ul>\n<li style=\"text-align: justify;\">La presidenta del TSJE reconoce que vienen tiempos de cambio y de debate, con la reforma al Poder Judicial de la Federaci\u00f3n.<\/li>\n<\/ul>\n<p style=\"text-align: justify;\">Arturo POP\u00d3CATL. Ante posibles irregularidades u observaciones en el manejo de los recursos durante la gesti\u00f3n de su antecesora, Mary Cruz Cort\u00e9s Ornelas, la presidenta del Poder Judicial, Anel Ba\u00f1uelos Meneses, asegur\u00f3 que no encubrir\u00e1 ning\u00fan tipo de anomal\u00edas en las finanzas del Tribunal Superior de Justicia (TSJE) respecto del ejercicio fiscal del a\u00f1o 2023.<\/p>\n<p style=\"text-align: justify;\">La declaraci\u00f3n de Ba\u00f1uelos Meneses se da a d\u00edas de que el \u00d3rgano de Fiscalizaci\u00f3n Superior (OFS) entregue al Congreso del Estado su informe de resultados de la cuenta p\u00fablica del ejercicio fiscal 2023, que en el caso del Poder Judicial estuvo a cargo de Mary Cruz Cort\u00e9s Ornelas.<\/p>\n<p style=\"text-align: justify;\">Cabe recordar que a inicios de este a\u00f1o los integrantes de la actual Legislatura local evidenciaron que Cort\u00e9s Ornelas incurri\u00f3 en un subejercicio de 79.7 millones de pesos, que representan casi el 18 por ciento del total del presupuesto ejercido durante 2023. Lo anterior, cuando ella compareci\u00f3 ante el Poder Legislativo con motivo de su informe anual de actividades que por ley debe entregar a los legisladores.<\/p>\n<p style=\"text-align: justify;\">\u201cNo ser\u00e9 ninguna tapadera porque uno de mis ejes rectores del plan estrat\u00e9gico es la rendici\u00f3n de cuentas y la transparencia. Tampoco lo podr\u00eda hacer porque ya somos observados por todos, por muchas instituciones, y adem\u00e1s creo que es una obligaci\u00f3n nuestra dar a conocer todo lo que ocurra al interior y en las finanzas del Poder Judicial\u201d, afirm\u00f3 en entrevista minutos despu\u00e9s de emitir un primer informe semestral a su llegada al cargo.<\/p>\n<p style=\"text-align: justify;\">En su informe, precisamente, Anel Ba\u00f1uelos Meneses confi\u00f3 en que la reforma planteada en el \u00e1mbito nacional encuentre en Tlaxcala un Poder Judicial fuerte y capaz de afrontar el reto de una futura transformaci\u00f3n.<\/p>\n<p style=\"text-align: justify;\">Y es que, reconoci\u00f3, vienen tiempos de cambio y de debate a nivel nacional, pero confi\u00f3 en que \u201cel fortalecimiento de los puentes con el Ejecutivo y el Legislativo estatal permitir\u00e1 el fortalecimiento de los Tribunales\u201d.<\/p>\n<p style=\"text-align: justify;\">La magistrada asegur\u00f3 que desde su llegada a la presidencia del TSJE emprendi\u00f3 una pol\u00edtica de puertas abiertas y de di\u00e1logo para atender las necesidades, requerimientos y rezagos en todas las \u00e1reas del Poder Judicial, y lograr con ello un mejor desempe\u00f1o de las funciones de todas y todos los trabajadores de la instituci\u00f3n.<\/p>\n<p style=\"text-align: justify;\">\u201cEl acceso a la justicia debe ser un bien al alcance de todos y d\u00eda a d\u00eda construimos un sistema que responda a la ciudadan\u00eda a la altura de sus expectativas. Es mucho lo que queda por hacer, pero la ruta iniciada y el compromiso ya son irrenunciables\u201d, dijo.<\/p>\n<p>&nbsp;<\/p>\n<p><img loading=\"lazy\" decoding=\"async\" class=\"alignnone wp-image-28405 size-full\" src=\"https:\/\/labestiapolitica.com.mx\/wp-content\/uploads\/2024\/06\/U-NOVA-y-se-diferente.png\" alt=\"\" width=\"1000\" height=\"600\" srcset=\"https:\/\/labestiapolitica.com.mx\/wp-content\/uploads\/2024\/06\/U-NOVA-y-se-diferente.png 1000w, https:\/\/labestiapolitica.com.mx\/wp-content\/uploads\/2024\/06\/U-NOVA-y-se-diferente-300x180.png 300w, https:\/\/labestiapolitica.com.mx\/wp-content\/uploads\/2024\/06\/U-NOVA-y-se-diferente-768x461.png 768w\" sizes=\"auto, (max-width: 1000px) 100vw, 1000px\" \/><\/p>\n","protected":false},"excerpt":{"rendered":"<p>La presidenta del TSJE reconoce que vienen tiempos de cambio y de debate, con la reforma al Poder Judicial de la Federaci\u00f3n. Arturo POP\u00d3CATL. Ante posibles irregularidades u observaciones en el manejo de los recursos durante la gesti\u00f3n de su antecesora, Mary Cruz Cort\u00e9s Ornelas, la presidenta del Poder Judicial, Anel Ba\u00f1uelos Meneses, asegur\u00f3 que [&hellip;]<\/p>\n","protected":false},"author":3,"featured_media":29495,"comment_status":"open","ping_status":"open","sticky":false,"template":"","format":"standard","meta":{"footnotes":""},"categories":[12],"tags":[],"class_list":["post-29488","post","type-post","status-publish","format-standard","has-post-thumbnail","hentry","category-brujula-2026"],"amp_enabled":true,"_links":{"self":[{"href":"https:\/\/labestiapolitica.com.mx\/index.php?rest_route=\/wp\/v2\/posts\/29488","targetHints":{"allow":["GET"]}}],"collection":[{"href":"https:\/\/labestiapolitica.com.mx\/index.php?rest_route=\/wp\/v2\/posts"}],"about":[{"href":"https:\/\/labestiapolitica.com.mx\/index.php?rest_route=\/wp\/v2\/types\/post"}],"author":[{"embeddable":true,"href":"https:\/\/labestiapolitica.com.mx\/index.php?rest_route=\/wp\/v2\/users\/3"}],"replies":[{"embeddable":true,"href":"https:\/\/labestiapolitica.com.mx\/index.php?rest_route=%2Fwp%2Fv2%2Fcomments&post=29488"}],"version-history":[{"count":3,"href":"https:\/\/labestiapolitica.com.mx\/index.php?rest_route=\/wp\/v2\/posts\/29488\/revisions"}],"predecessor-version":[{"id":29496,"href":"https:\/\/labestiapolitica.com.mx\/index.php?rest_route=\/wp\/v2\/posts\/29488\/revisions\/29496"}],"wp:featuredmedia":[{"embeddable":true,"href":"https:\/\/labestiapolitica.com.mx\/index.php?rest_route=\/wp\/v2\/media\/29495"}],"wp:attachment":[{"href":"https:\/\/labestiapolitica.com.mx\/index.php?rest_route=%2Fwp%2Fv2%2Fmedia&parent=29488"}],"wp:term":[{"taxonomy":"category","embeddable":true,"href":"https:\/\/labestiapolitica.com.mx\/index.php?rest_route=%2Fwp%2Fv2%2Fcategories&post=29488"},{"taxonomy":"post_tag","embeddable":true,"href":"https:\/\/labestiapolitica.com.mx\/index.php?rest_route=%2Fwp%2Fv2%2Ftags&post=29488"}],"curies":[{"name":"wp","href":"https:\/\/api.w.org\/{rel}","templated":true}]}}