{"id":29500,"date":"2024-07-11T18:44:40","date_gmt":"2024-07-12T00:44:40","guid":{"rendered":"https:\/\/labestiapolitica.com.mx\/?p=29500"},"modified":"2024-07-13T14:29:09","modified_gmt":"2024-07-13T20:29:09","slug":"en-tlaxcala-no-hay-una-estrategia-de-seguridad-asegura-el-diputado-manuel-cambron","status":"publish","type":"post","link":"https:\/\/labestiapolitica.com.mx\/?p=29500","title":{"rendered":"En Tlaxcala no hay una estrategia de seguridad, asegura el diputado Manuel Cambr\u00f3n."},"content":{"rendered":"<ul>\n<li style=\"text-align: justify;\">La baja en los datos de incidencia delictiva es reflejo del subregistro, se\u00f1ala; \u201cno se denuncia porque no hay confianza en las instituciones de procuraci\u00f3n de justicia\u201d, afirma.<\/li>\n<\/ul>\n<p style=\"text-align: justify;\">Arturo POP\u00d3CATL | Si bien Tlaxcala registra una baja en la incidencia delictiva de 15.4 por ciento durante el primer semestre de este a\u00f1o, el diputado local perredista Manuel Cambr\u00f3n Soria afirm\u00f3 que esos datos oficiales s\u00f3lo muestran un subregistro en el n\u00famero de delitos cometidos en territorio estatal debido a la falta de denuncias, lo que a su vez avidencia una falta de estrategia en materia de seguridad p\u00fablica.<br \/>\n\u201cHay una cantidad enorme de delitos que no son denunciados porque existe una falta de confianza, por parte de los ciudadanos, en las instituciones encargadas de procurar justicia\u201d, se\u00f1al\u00f3 el legislador al tiempo de sostener que el rubro de la seguridad sigue siendo el principal tema pendiente de la administraci\u00f3n de la gobernadora Lorena Cu\u00e9llar Cisneros.<br \/>\n\u201cEstoy convencido de lo que afirm\u00e9 a los seis u ocho meses de que arranc\u00f3 este gobierno: que no hay una estrategia de seguridad. El fen\u00f3merno que se vive en Tlaxcala rspecto de la alta incidencia delictiva, m\u00e1s la percepci\u00f3n de los ciudadanos sobre inseguridad, tiene que ver con una falta de estrategia; la inseguridad no ha podido ser contenida por los secretarios que han pasado por la Secretar\u00eda de Seguridad Ciudadana\u201d, subray\u00f3.<br \/>\nCabe destacar que la afirmaci\u00f3n del legislador perredista se da en el contexto del reporte mensual del Secretariado Ejecutivo del Sistema Nacional de Seguridad P\u00fablica, cuyos datos se\u00f1alan que la incidencia delictiva en el estado de Tlaxcala disminuy\u00f3 15.4 por ciento durante el primer semestre de este a\u00f1o en comparaci\u00f3n con el mismo periodo de 2023, al registrar mil 693 carpetas de investigaci\u00f3n abiertas por delitos del fuero com\u00fan contra 2 mil 001, es decir, 308 menos.<br \/>\nSi bien asegur\u00f3 que son varios los pendientes que tiene la actual administraci\u00f3n estatal con las y los tlaxcaltecas, Cambr\u00f3n Soria sostuvo que el de seguridad es el principal \u201cy los ciudadanos constantemente los se\u00f1alamos porque hemos sido v\u00edctimas o conocemos un familiar cercano que lo ha sido de la delincuencia\u201d.<br \/>\nEn ese sentido, reiter\u00f3 su propuesta de convocar a una gran mesa por la unidad, la paz y la tranquilidad, en la que se convoque no s\u00f3lo a los actores pol\u00edticos, sino tambi\u00e9n a universidades, expertos en materia de seguridad y barras de abogados, entre otros, \u201cpara que entre todos se construya una estrategia de seguridad\u201d.<br \/>\nSin embargo, dijo que ante la actitud que \u201co\u00eddos sordos\u201d que ha mostrado este gobierno\u201ddudo mucho que lo puedan hacer\u201d.<br \/>\nAdem\u00e1s, subray\u00f3 que adem\u00e1s Tlaxcala necesita una inversi\u00f3n de por lo menos mil millones de pesos en el presupuesto para atender el tema de la seguridad.<\/p>\n<p>&nbsp;<\/p>\n<p><img loading=\"lazy\" decoding=\"async\" class=\"alignnone wp-image-28405 size-full\" src=\"https:\/\/labestiapolitica.com.mx\/wp-content\/uploads\/2024\/06\/U-NOVA-y-se-diferente.png\" alt=\"\" width=\"1000\" height=\"600\" srcset=\"https:\/\/labestiapolitica.com.mx\/wp-content\/uploads\/2024\/06\/U-NOVA-y-se-diferente.png 1000w, https:\/\/labestiapolitica.com.mx\/wp-content\/uploads\/2024\/06\/U-NOVA-y-se-diferente-300x180.png 300w, https:\/\/labestiapolitica.com.mx\/wp-content\/uploads\/2024\/06\/U-NOVA-y-se-diferente-768x461.png 768w\" sizes=\"auto, (max-width: 1000px) 100vw, 1000px\" \/><\/p>\n","protected":false},"excerpt":{"rendered":"<p>La baja en los datos de incidencia delictiva es reflejo del subregistro, se\u00f1ala; \u201cno se denuncia porque no hay confianza en las instituciones de procuraci\u00f3n de justicia\u201d, afirma. Arturo POP\u00d3CATL | Si bien Tlaxcala registra una baja en la incidencia delictiva de 15.4 por ciento durante el primer semestre de este a\u00f1o, el diputado local [&hellip;]<\/p>\n","protected":false},"author":3,"featured_media":29501,"comment_status":"open","ping_status":"open","sticky":false,"template":"","format":"standard","meta":{"footnotes":""},"categories":[12],"tags":[],"class_list":["post-29500","post","type-post","status-publish","format-standard","has-post-thumbnail","hentry","category-brujula-2026"],"amp_enabled":true,"_links":{"self":[{"href":"https:\/\/labestiapolitica.com.mx\/index.php?rest_route=\/wp\/v2\/posts\/29500","targetHints":{"allow":["GET"]}}],"collection":[{"href":"https:\/\/labestiapolitica.com.mx\/index.php?rest_route=\/wp\/v2\/posts"}],"about":[{"href":"https:\/\/labestiapolitica.com.mx\/index.php?rest_route=\/wp\/v2\/types\/post"}],"author":[{"embeddable":true,"href":"https:\/\/labestiapolitica.com.mx\/index.php?rest_route=\/wp\/v2\/users\/3"}],"replies":[{"embeddable":true,"href":"https:\/\/labestiapolitica.com.mx\/index.php?rest_route=%2Fwp%2Fv2%2Fcomments&post=29500"}],"version-history":[{"count":1,"href":"https:\/\/labestiapolitica.com.mx\/index.php?rest_route=\/wp\/v2\/posts\/29500\/revisions"}],"predecessor-version":[{"id":29502,"href":"https:\/\/labestiapolitica.com.mx\/index.php?rest_route=\/wp\/v2\/posts\/29500\/revisions\/29502"}],"wp:featuredmedia":[{"embeddable":true,"href":"https:\/\/labestiapolitica.com.mx\/index.php?rest_route=\/wp\/v2\/media\/29501"}],"wp:attachment":[{"href":"https:\/\/labestiapolitica.com.mx\/index.php?rest_route=%2Fwp%2Fv2%2Fmedia&parent=29500"}],"wp:term":[{"taxonomy":"category","embeddable":true,"href":"https:\/\/labestiapolitica.com.mx\/index.php?rest_route=%2Fwp%2Fv2%2Fcategories&post=29500"},{"taxonomy":"post_tag","embeddable":true,"href":"https:\/\/labestiapolitica.com.mx\/index.php?rest_route=%2Fwp%2Fv2%2Ftags&post=29500"}],"curies":[{"name":"wp","href":"https:\/\/api.w.org\/{rel}","templated":true}]}}