{"id":29512,"date":"2024-07-12T14:17:59","date_gmt":"2024-07-12T20:17:59","guid":{"rendered":"https:\/\/labestiapolitica.com.mx\/?p=29512"},"modified":"2024-07-13T14:29:39","modified_gmt":"2024-07-13T20:29:39","slug":"confirma-tepjf-validez-de-elecciones-de-ana-lilia-alvarez-lima-y-garay-loredo-en-tlaxcala","status":"publish","type":"post","link":"https:\/\/labestiapolitica.com.mx\/?p=29512","title":{"rendered":"Confirma TEPJF validez de elecciones de Ana Lilia, \u00c1lvarez Lima y Garay Loredo en Tlaxcala"},"content":{"rendered":"<p style=\"text-align: justify;\">* Con ello tambi\u00e9n se confirma la entrega de constancias de mayor\u00eda a Irma Yordana Garay Loredo como diputada federal electa por la coalici\u00f3n Sigamos Haciendo Historia, y a Jos\u00e9 Antonio \u00c1lvarez Lima y Ana Lilia Rivera Rivera como senadores electos por Morena<\/p>\n<p style=\"text-align: justify;\">Arturo POP\u00d3CATL La Sala Regional Ciudad de M\u00e9xico del Tribunal Electoral del Poder Judicial de la Federaci\u00f3n (TEPJF) confirm\u00f3 la validez de las elecciones federales en el distrito 03 con cabecera en Zacatelco y de Senadur\u00edas en el estado de Tlaxcala, al resolver impugnaciones presentadas por los partidos Acci\u00f3n Nacional (PAN) y Movimiento Ciudadano, respectivamente.<\/p>\n<p style=\"text-align: justify;\">Con ello, en una sesi\u00f3n celebrada la noche de este jueves, confirm\u00f3 la validez de las elecciones y la entrega de constancias de mayor\u00eda a Irma Yordana Garay Loredo como diputada federal electa por la coalici\u00f3n Sigamos Haciendo Historia, y a Jos\u00e9 Antonio \u00c1lvarez Lima y Ana Lilia Rivera Rivera como senadores electos por el Partido Movimiento de Regeneraci\u00f3n Nacional (Morena).<\/p>\n<p style=\"text-align: justify;\">En el caso del distrito 03, el PAN impugnaba los resultados de las actas de c\u00f3mputos del Consejo Distrital del Instituto Nacional Electoral (INE) y sosten\u00eda una causal de nulidad bajo el argumento de que la votaci\u00f3n, el d\u00eda de la jornada electoral del 2 de junio, fue recibida por personas funcionarias no facultadas para ello.<\/p>\n<p style=\"text-align: justify;\">Sin embargo, los magistrados electorales resolvieron que, contrario a lo afirmado por el PAN en su demanda, las personas mencionadas s\u00ed estaban facultadas para recibir la votaci\u00f3n en casilla, al existir coincidencia entre la persona designada por el INE en el encarte, con la que desempe\u00f1\u00f3 un cargo en la jornada electoral.<\/p>\n<p style=\"text-align: justify;\">Asimismo, determinaron que fueron previamente insaculadas, capacitadas y designadas por el personal del INE para desempe\u00f1arse en las funciones que se desarrollar\u00edan durante el d\u00eda de la elecci\u00f3n; sin que su actuar haya tra\u00eddo alguna consecuencia en la operatividad de las mesas directivas de casilla, \u201cen tanto no existe alg\u00fan dato reportado por alg\u00fan supuesto actuar indebido en las actas de jornadas, escrutinio y c\u00f3mputo y hojas de incidencias\u201d.<\/p>\n<p style=\"text-align: justify;\">En ese sentido, afirmaron desempe\u00f1aron en alguna funci\u00f3n dentro de las mesas directivas de casillas, su actuaci\u00f3n result\u00f3 jur\u00eddicamente v\u00e1lida.<\/p>\n<p style=\"text-align: justify;\">En el caso de Movimiento Ciudadano, su impugnaci\u00f3n fue desechada de plano debido a que su representante propietario ante el Consejo General del INE no contaba con legitimaci\u00f3n procesal suficiente para impugnar, a nombre del partido, el c\u00f3mputo, declaraci\u00f3n de validez y entrega de constancias de mayor\u00eda de la elecci\u00f3n de senadur\u00edas por Tlaxcala.<\/p>\n<p style=\"text-align: justify;\">\u201cSolo las personas representantes de los partidos pol\u00edticos acreditadas ante los \u00f3rganos emisores se encuentran legitimadas para promover v\u00e1lidamente medios de impugnaci\u00f3n contra la actuaci\u00f3n de esos \u00f3rganos electorales, en el contexto de la celebraci\u00f3n de los respectivos comicios electorales\u201d, resolvi\u00f3 por unanimidad la Sala Regional Ciudad de M\u00e9xico.<\/p>\n","protected":false},"excerpt":{"rendered":"<p>* Con ello tambi\u00e9n se confirma la entrega de constancias de mayor\u00eda a Irma Yordana Garay Loredo como diputada federal electa por la coalici\u00f3n Sigamos Haciendo Historia, y a Jos\u00e9 Antonio \u00c1lvarez Lima y Ana Lilia Rivera Rivera como senadores electos por Morena Arturo POP\u00d3CATL La Sala Regional Ciudad de M\u00e9xico del Tribunal Electoral del [&hellip;]<\/p>\n","protected":false},"author":3,"featured_media":29513,"comment_status":"open","ping_status":"open","sticky":false,"template":"","format":"standard","meta":{"footnotes":""},"categories":[12],"tags":[],"class_list":["post-29512","post","type-post","status-publish","format-standard","has-post-thumbnail","hentry","category-brujula-2026"],"amp_enabled":true,"_links":{"self":[{"href":"https:\/\/labestiapolitica.com.mx\/index.php?rest_route=\/wp\/v2\/posts\/29512","targetHints":{"allow":["GET"]}}],"collection":[{"href":"https:\/\/labestiapolitica.com.mx\/index.php?rest_route=\/wp\/v2\/posts"}],"about":[{"href":"https:\/\/labestiapolitica.com.mx\/index.php?rest_route=\/wp\/v2\/types\/post"}],"author":[{"embeddable":true,"href":"https:\/\/labestiapolitica.com.mx\/index.php?rest_route=\/wp\/v2\/users\/3"}],"replies":[{"embeddable":true,"href":"https:\/\/labestiapolitica.com.mx\/index.php?rest_route=%2Fwp%2Fv2%2Fcomments&post=29512"}],"version-history":[{"count":1,"href":"https:\/\/labestiapolitica.com.mx\/index.php?rest_route=\/wp\/v2\/posts\/29512\/revisions"}],"predecessor-version":[{"id":29514,"href":"https:\/\/labestiapolitica.com.mx\/index.php?rest_route=\/wp\/v2\/posts\/29512\/revisions\/29514"}],"wp:featuredmedia":[{"embeddable":true,"href":"https:\/\/labestiapolitica.com.mx\/index.php?rest_route=\/wp\/v2\/media\/29513"}],"wp:attachment":[{"href":"https:\/\/labestiapolitica.com.mx\/index.php?rest_route=%2Fwp%2Fv2%2Fmedia&parent=29512"}],"wp:term":[{"taxonomy":"category","embeddable":true,"href":"https:\/\/labestiapolitica.com.mx\/index.php?rest_route=%2Fwp%2Fv2%2Fcategories&post=29512"},{"taxonomy":"post_tag","embeddable":true,"href":"https:\/\/labestiapolitica.com.mx\/index.php?rest_route=%2Fwp%2Fv2%2Ftags&post=29512"}],"curies":[{"name":"wp","href":"https:\/\/api.w.org\/{rel}","templated":true}]}}