{"id":29551,"date":"2024-07-12T23:57:28","date_gmt":"2024-07-13T05:57:28","guid":{"rendered":"https:\/\/labestiapolitica.com.mx\/?p=29551"},"modified":"2024-07-12T23:58:08","modified_gmt":"2024-07-13T05:58:08","slug":"cancela-smyt-registro-a-dos-gestores-que-realizaban-registros-vehiculares","status":"publish","type":"post","link":"https:\/\/labestiapolitica.com.mx\/?p=29551","title":{"rendered":"Cancela SMyT registro a dos gestores que realizaban registros vehiculares."},"content":{"rendered":"<ul>\n<li>Por incurrir en pr\u00e1cticas contrarias a las disposiciones normativas vigentes.<\/li>\n<\/ul>\n<p style=\"text-align: justify;\">La Secretar\u00eda de Movilidad y Transporte (SMyT) cancel\u00f3 las constancias de registro a dos gestores autorizados, quienes realizaban tr\u00e1mites vehiculares ante esta dependencia estatal, quedando imposibilitados de solicitar nuevamente su registro ante esta dependencia y la Secretar\u00eda de Finanzas (SF) por un t\u00e9rmino de 5 y 2 a\u00f1os, respectivamente, por incurrir en pr\u00e1cticas contrarias a las disposiciones normativas vigentes.<\/p>\n<p style=\"text-align: justify;\">Con fecha 13 de marzo de 2024, la SF expidi\u00f3 la constancia n\u00famero 010-C\/03\/2024 como gestor autorizado a Sergio N., quien cumpli\u00f3 los requisitos establecidos en los Lineamientos que establecen el procedimiento de registro y operatividad para la gesti\u00f3n de negocios en los tr\u00e1mites administrativos vehiculares realizados ante la SF y la SMyT.<\/p>\n<p style=\"text-align: justify;\">Sin embargo, dicho gestor, al solicitar un certificado de no infracci\u00f3n, ingres\u00f3 documentaci\u00f3n ap\u00f3crifa, lo que motiv\u00f3 la cancelaci\u00f3n de dicha constancia, raz\u00f3n por la que esta persona queda imposibilitada para solicitar nuevo registro como gestor autorizado por un t\u00e9rmino de 5 a\u00f1os.<\/p>\n<p style=\"text-align: justify;\">Adem\u00e1s, no se le permitir\u00e1 la realizaci\u00f3n de tr\u00e1mite alguno con dicha representaci\u00f3n, de acuerdo con lo establecido en el art\u00edculo 93 Q del C\u00f3digo Financiero del Estado de Tlaxcala y sus Municipios.<\/p>\n<p style=\"text-align: justify;\">Por otra parte, se decret\u00f3 la cancelaci\u00f3n de la constancia n\u00famero 002-C\/02\/2024, expedida a Israel N., el pasado 23 de febrero de 2024, toda vez que dicho gestor autorizado se desempe\u00f1a actualmente en un cargo o comisi\u00f3n dentro del gobierno del estado.<\/p>\n<p style=\"text-align: justify;\">En este sentido, en cumplimiento a la Ley de Responsabilidades, Sanciones y Est\u00edmulos de los Servidores P\u00fablicos del Estado de Tlaxcala, todos los servidores p\u00fablicos deber\u00e1n de excusarse de intervenir en cualquier forma en la atenci\u00f3n, tramitaci\u00f3n o resoluci\u00f3n de asuntos en los que tenga un inter\u00e9s personal, familiar o de negocios, raz\u00f3n por la que queda imposibilitado de solicitar nuevo registro por un t\u00e9rmino de 2 a\u00f1os, y no se le permitir\u00e1 la realizaci\u00f3n de tr\u00e1mite alguno con dicha representaci\u00f3n.<\/p>\n<p style=\"text-align: justify;\">En ambos casos, la SMyT se reserva la facultad de ejercitar, en cualquier momento, acci\u00f3n penal en t\u00e9rminos de lo establecido en el art\u00edculo 93 Q del C\u00f3digo Financiero para el estado de Tlaxcala y sus Municipios.<\/p>\n<p style=\"text-align: justify;\">De esta manera, el gobierno del estado, a trav\u00e9s de la Secretar\u00eda de Movilidad y Transporte, refrenda su compromiso con la ciudadan\u00eda de aplicar la ley para evitar que \u00e9sta sea v\u00edctima de alg\u00fan tipo de fraude o mala pr\u00e1ctica en la que puedan incurrir estas personas en detrimento de su patrimonio.<\/p>\n<p>&nbsp;<\/p>\n<p><img loading=\"lazy\" decoding=\"async\" class=\"alignnone wp-image-28405 size-full\" src=\"https:\/\/labestiapolitica.com.mx\/wp-content\/uploads\/2024\/06\/U-NOVA-y-se-diferente.png\" alt=\"\" width=\"1000\" height=\"600\" srcset=\"https:\/\/labestiapolitica.com.mx\/wp-content\/uploads\/2024\/06\/U-NOVA-y-se-diferente.png 1000w, https:\/\/labestiapolitica.com.mx\/wp-content\/uploads\/2024\/06\/U-NOVA-y-se-diferente-300x180.png 300w, https:\/\/labestiapolitica.com.mx\/wp-content\/uploads\/2024\/06\/U-NOVA-y-se-diferente-768x461.png 768w\" sizes=\"auto, (max-width: 1000px) 100vw, 1000px\" \/><\/p>\n","protected":false},"excerpt":{"rendered":"<p>Por incurrir en pr\u00e1cticas contrarias a las disposiciones normativas vigentes. La Secretar\u00eda de Movilidad y Transporte (SMyT) cancel\u00f3 las constancias de registro a dos gestores autorizados, quienes realizaban tr\u00e1mites vehiculares ante esta dependencia estatal, quedando imposibilitados de solicitar nuevamente su registro ante esta dependencia y la Secretar\u00eda de Finanzas (SF) por un t\u00e9rmino de 5 [&hellip;]<\/p>\n","protected":false},"author":3,"featured_media":29552,"comment_status":"open","ping_status":"open","sticky":false,"template":"","format":"standard","meta":{"footnotes":""},"categories":[12],"tags":[],"class_list":["post-29551","post","type-post","status-publish","format-standard","has-post-thumbnail","hentry","category-brujula-2026"],"amp_enabled":true,"_links":{"self":[{"href":"https:\/\/labestiapolitica.com.mx\/index.php?rest_route=\/wp\/v2\/posts\/29551","targetHints":{"allow":["GET"]}}],"collection":[{"href":"https:\/\/labestiapolitica.com.mx\/index.php?rest_route=\/wp\/v2\/posts"}],"about":[{"href":"https:\/\/labestiapolitica.com.mx\/index.php?rest_route=\/wp\/v2\/types\/post"}],"author":[{"embeddable":true,"href":"https:\/\/labestiapolitica.com.mx\/index.php?rest_route=\/wp\/v2\/users\/3"}],"replies":[{"embeddable":true,"href":"https:\/\/labestiapolitica.com.mx\/index.php?rest_route=%2Fwp%2Fv2%2Fcomments&post=29551"}],"version-history":[{"count":1,"href":"https:\/\/labestiapolitica.com.mx\/index.php?rest_route=\/wp\/v2\/posts\/29551\/revisions"}],"predecessor-version":[{"id":29553,"href":"https:\/\/labestiapolitica.com.mx\/index.php?rest_route=\/wp\/v2\/posts\/29551\/revisions\/29553"}],"wp:featuredmedia":[{"embeddable":true,"href":"https:\/\/labestiapolitica.com.mx\/index.php?rest_route=\/wp\/v2\/media\/29552"}],"wp:attachment":[{"href":"https:\/\/labestiapolitica.com.mx\/index.php?rest_route=%2Fwp%2Fv2%2Fmedia&parent=29551"}],"wp:term":[{"taxonomy":"category","embeddable":true,"href":"https:\/\/labestiapolitica.com.mx\/index.php?rest_route=%2Fwp%2Fv2%2Fcategories&post=29551"},{"taxonomy":"post_tag","embeddable":true,"href":"https:\/\/labestiapolitica.com.mx\/index.php?rest_route=%2Fwp%2Fv2%2Ftags&post=29551"}],"curies":[{"name":"wp","href":"https:\/\/api.w.org\/{rel}","templated":true}]}}