{"id":29572,"date":"2024-07-15T09:34:29","date_gmt":"2024-07-15T15:34:29","guid":{"rendered":"https:\/\/labestiapolitica.com.mx\/?p=29572"},"modified":"2024-07-16T12:19:48","modified_gmt":"2024-07-16T18:19:48","slug":"el-bestiario-la-gobernadora-de-tlaxcala-con-mas-poder-politico-el-costo","status":"publish","type":"post","link":"https:\/\/labestiapolitica.com.mx\/?p=29572","title":{"rendered":"El Bestiario&#8230; La Gobernadora de Tlaxcala con m\u00e1s poder pol\u00edtico, \u00bfEl costo y beneficio?"},"content":{"rendered":"<p>Han pasado gobernadores y la tentaci\u00f3n siempre ha sido el poder politico.<\/p>\n<p style=\"text-align: justify;\">Si algo le faltaba a Lorena Cu\u00e9llar para cerrar este 2024 tras los resultados contundentes en que su partido Morena gan\u00f3 casi todo en la elecci\u00f3n, era que Andr\u00e9s Manuel L\u00f3pez Obrador viniera a Tlaxcala este domingo a exaltarla, algo que se cumpli\u00f3.<\/p>\n<p style=\"text-align: justify;\">\u00abAgradezco a todas y todos los tlaxcaltecas que nos acompa\u00f1aron en la hist\u00f3rica visita del presidente Andr\u00e9s Manuel L\u00f3pez Obrador y la presidenta electa Claudia Sheinbaum, en la Evaluaci\u00f3n de Programas y Proyectos de Educaci\u00f3n y Deporte. Juntos hacemos #UnaNuevaHistoria, escribi\u00f3 una visiblemente contenta Lorena Cu\u00e9llar.<\/p>\n<p style=\"text-align: justify;\">\u00abYo les felicito tienen a una gobernadora extraordinaria, Lorena Cu\u00e9llar, de primera y muchos buenos dirigentes de Tlaxcala, \u00d3scar que me ayud\u00f3 en la Oficial\u00eda Mayor, el director del Infonavit Carlos Mart\u00ednez, el secretario de la Funci\u00f3n P\u00fablica, Roberto Salcedo de Tlaxcala, el exgobernador, Marco Mena que est\u00e1 en la Loter\u00eda Nacional, la senadora Ana Lilia Rivera, Antonio \u00c1lvarez Lima, Alfonso S\u00e1nchez Anaya que empez\u00f3 con nuestro movimiento y cada vez habr\u00e1 m\u00e1s de Tlaxcala en la direcci\u00f3n porque son vanguardia en la transformaci\u00f3n\u201d, fueron las palabras de Andr\u00e9s Manuel L\u00f3pez Obrador en lo que parece ser\u00e1 su \u00faltima visita como presidente a esta entidad, luego que los tlaxcaltecas le demostraron su respaldo incondicional en las tres veces que particip\u00f3 como aspirante presidencial.<\/p>\n<p style=\"text-align: justify;\">Parece ser que Cu\u00e9llar Cisneros vive una nueva luna de miel con los tlaxcaltecas, aunque su equipo haya fracasado en los primeros tres a\u00f1os en la percepci\u00f3n de la inseguridad, pues ante un escenario de cr\u00edmenes violentos, la disputa por el territorio entre bandas criminales que es evidente, la falta de una comunicaci\u00f3n asertiva proactiva de sus logros, la impericia para el manejo de crisis, por parte de su equipo se ha vuelto cotidiana en su administraci\u00f3n.<\/p>\n<p style=\"text-align: justify;\">LORENA CU\u00c9LLAR CISNEROS: DESAF\u00cdOS Y OPORTUNIDADES A FUTURO.<\/p>\n<p style=\"text-align: justify;\">Despu\u00e9s de los resultados de las elecciones del 2 de junio, Lorena Cu\u00e9llar Cisneros se encuentra en una posici\u00f3n privilegiada para los pr\u00f3ximos tres a\u00f1os en Tlaxcala. Logr\u00f3 una mayor\u00eda calificada en el Congreso del Estado, lo que le permitir\u00e1 aprobar iniciativas legislativas clave, incluyendo posibles reformas a la Constituci\u00f3n local, como la que hizo para que el ahijado sea hoy secretario de Gobierno.<\/p>\n<p style=\"text-align: justify;\">Hist\u00f3ricamente, ha enfrentado cr\u00edticas por cooptar diputados de otros partidos para asegurar su mayor\u00eda, como el caso del coordinador parlamentario del PRI, Fabricio Mena Rodr\u00edguez, y su compa\u00f1era de partido, Diana Torrej\u00f3n, hoy alcaldesa morenista en Tlaxco. Al igual que del ex perredista Ever Alejandro Campech Avelar, quien ahora es diputado por Morena en Calpulalpan.<\/p>\n<p style=\"text-align: justify;\">Esta nueva mayor\u00eda absoluta podr\u00eda permitirle influir significativamente en la designaci\u00f3n de cargos en organismos aut\u00f3nomos y en el Poder Judicial, as\u00ed como en la aprobaci\u00f3n del presupuesto estatal y la fiscalizaci\u00f3n de las cuentas p\u00fablicas.<\/p>\n<p style=\"text-align: justify;\">Es m\u00e1s, la legislatura que se va, le entregar\u00e1 en charola de plata a la nueva titular de la Fiscal\u00eda General de Justicia, que trascender\u00e1 la gesti\u00f3n de su gobierno.<\/p>\n<p style=\"text-align: justify;\">Adem\u00e1s del control legislativo, Cu\u00e9llar tambi\u00e9n ejerce influencia sobre los municipios m\u00e1s importantes de Tlaxcala, lo que le facilitar\u00e1 promover proyectos de desarrollo acorde a su visi\u00f3n pol\u00edtica. Uno de estos municipios podr\u00eda ser clave para su sucesi\u00f3n en 2027. La capital de Tlaxcala ser\u00e1 controlada por quien se dice puede ser el delf\u00edn del \u00abLorenismo\u00bb que es el caso de Alfonso S\u00e1nchez Garc\u00eda, hijo del ex gobernador Alfonso S\u00e1nchez Anaya, aunque no hay que perder de vista a otros perfiles como el dirigente de Fuerza por M\u00e9xico, quien sin tanto ruido ser\u00e1 senador.<\/p>\n<p style=\"text-align: justify;\">Sin embargo, no todo fue un triunfo total en las elecciones recientes. En las diputaciones federales, solo una est\u00e1 claramente a favor de su partido, mientras que otras dos est\u00e1n en disputa, lo que podr\u00eda reflejar resistencias y divisiones que enfrentar\u00e1 en el futuro cercano. Raymundo V\u00e1zquez Conchas juega en la cancha de Lorena Cu\u00e9llar, pero Irma Yordana Garay y Alejandro Aguilar L\u00f3pez responden a intereses del PT.<\/p>\n<p style=\"text-align: justify;\">En las senadur\u00edas es donde deber\u00e1 tener el mayor cuidado. Por supuesto, la de la priista Anabell \u00c1valos Zempoalteca, que buscar\u00e1 otra vez ser la cara de la oposici\u00f3n, con o sin el PRI, pero sobre todo las de Jos\u00e9 Antonio \u00c1lvarez Lima y Ana Lilia Rivera Rivera. Esta \u00faltima particularmente, porque est\u00e1 apuntada como favorita para sucederla en el cargo concluida la actual administraci\u00f3n estatal.<\/p>\n<p style=\"text-align: justify;\">Vale decir que no solamente ser\u00e1 por la fuerza pol\u00edtica que por s\u00ed misma Ana Lilia Rivera pueda tener dentro de tres a\u00f1os, sino porque detr\u00e1s de ella podr\u00eda estar el respaldo de la hoy virtual presidenta electa, Claudia Sheinbaum Pardo.<\/p>\n<p style=\"text-align: justify;\">Este escenario, por lo que ahora se ve, es muy probable. Por eso, a pesar de los resultados y del casi carro completo que obtuvieron Morena y sus aliados en la reciente jornada electoral, no puede decirse que la titular del Ejecutivo lo gan\u00f3 todo.<\/p>\n<p>*****<\/p>\n<p style=\"text-align: justify;\">LA CAMINERA&#8230;Los riesgos. Dicen los analistas es que la concentraci\u00f3n de poder en manos de una sola figura pol\u00edtica puede representar un riesgo significativo para la democracia, y el caso de Lorena Cu\u00e9llar en Tlaxcala es un ejemplo de esta tendencia. A pesar de los logros y el respaldo popular que ha recibido, la acumulaci\u00f3n de poder pol\u00edtico y control sobre diversas instituciones y procesos electorales puede tener consecuencias perjudiciales para la gobernabilidad y la salud democr\u00e1tica de la regi\u00f3n.<\/p>\n<div class=\"w-full text-token-text-primary\" dir=\"auto\" style=\"text-align: justify;\" data-testid=\"conversation-turn-11\" data-scroll-anchor=\"true\">\n<div class=\"py-2 juice:py-[18px] px-3 text-base md:px-4 m-auto md:px-5 lg:px-1 xl:px-5\">\n<div class=\"mx-auto flex flex-1 gap-3 text-base juice:gap-4 juice:md:gap-5 juice:lg:gap-6 md:max-w-3xl lg:max-w-[40rem] xl:max-w-[48rem]\">\n<div class=\"group\/conversation-turn relative flex w-full min-w-0 flex-col agent-turn\">\n<div class=\"flex-col gap-1 md:gap-3\">\n<div class=\"flex flex-grow flex-col max-w-full\">\n<div class=\"min-h-[20px] text-message flex flex-col items-start whitespace-pre-wrap break-words [.text-message+&amp;]:mt-5 juice:w-full juice:items-end overflow-x-auto gap-2\" dir=\"auto\" data-message-author-role=\"assistant\" data-message-id=\"fef06943-fd8d-42e2-bd05-fc987894be35\">\n<div class=\"flex w-full flex-col gap-1 juice:empty:hidden juice:first:pt-[3px]\">\n<div class=\"markdown prose w-full break-words dark:prose-invert dark\">\n<p>Uno de los pilares fundamentales de la democracia es la separaci\u00f3n de poderes. Cuando una gobernadora como Cu\u00e9llar logra una mayor\u00eda calificada en el Congreso del Estado y ejerce influencia sobre los municipios m\u00e1s importantes, se corre el riesgo de erosionar este principio. La capacidad de aprobar iniciativas legislativas clave, reformas a la Constituci\u00f3n local y designar cargos en organismos aut\u00f3nomos y en el Poder Judicial sin un contrapeso efectivo puede llevar a un desequilibrio de poder.<\/p>\n<p>La cooptaci\u00f3n de diputados de otros partidos y la influencia sobre los municipios pueden fomentar pr\u00e1cticas clientelistas y la consolidaci\u00f3n de redes de lealtad personal en lugar de institucionales. Esto no solo socava la integridad del proceso democr\u00e1tico, sino que tambi\u00e9n puede llevar a una gobernanza basada en la lealtad personal en lugar de en la competencia y la meritocracia.<\/p>\n<p>Cuando una figura pol\u00edtica acumula tanto poder, se reduce la capacidad de representaci\u00f3n efectiva de la ciudadan\u00eda. Los intereses de una minor\u00eda pueden imponerse sobre los de la mayor\u00eda, y las voces disidentes pueden ser silenciadas o marginadas. La falta de pluralidad y debate en el Congreso puede llevar a decisiones unilaterales que no reflejan las necesidades y aspiraciones de toda la poblaci\u00f3n. Adem\u00e1s, la influencia de Cu\u00e9llar sobre los procesos electorales y las designaciones clave puede disminuir la transparencia y la rendici\u00f3n de cuentas.<\/p>\n<p>La concentraci\u00f3n de poder tambi\u00e9n aumenta la vulnerabilidad ante la corrupci\u00f3n. Sin una oposici\u00f3n fuerte y efectiva, las pr\u00e1cticas corruptas pueden proliferar sin control. La capacidad de Cu\u00e9llar para influir en la fiscalizaci\u00f3n de las cuentas p\u00fablicas y en la aprobaci\u00f3n del presupuesto estatal plantea serias preocupaciones sobre la transparencia y la gesti\u00f3n responsable de los recursos p\u00fablicos. La falta de controles y equilibrios robustos puede resultar en el desv\u00edo de fondos y en la perpetuaci\u00f3n de redes de corrupci\u00f3n.<\/p>\n<p>Frente a estos riesgos, es crucial que la ciudadan\u00eda y las organizaciones de la sociedad civil mantengan una vigilancia constante sobre las acciones del gobierno y exijan transparencia y rendici\u00f3n de cuentas. La participaci\u00f3n activa en el proceso democr\u00e1tico, el fortalecimiento de las instituciones independientes y la promoci\u00f3n de una cultura de legalidad y respeto a los derechos humanos son esenciales para contrarrestar los efectos negativos de la concentraci\u00f3n de poder.<\/p>\n<p>En conclusi\u00f3n, aunque Lorena Cu\u00e9llar ha logrado consolidar su poder en Tlaxcala, es fundamental reconocer los riesgos que esto representa para la democracia. La concentraci\u00f3n de poder puede erosionar la separaci\u00f3n de poderes, fomentar la corrupci\u00f3n y reducir la representaci\u00f3n efectiva de la ciudadan\u00eda. Es imperativo que se implementen mecanismos de control y se promueva una gobernanza basada en la transparencia, la participaci\u00f3n ciudadana y el respeto a las instituciones democr\u00e1ticas para garantizar un futuro pol\u00edtico estable y justo en Tlaxcala.<\/p>\n<p style=\"text-align: justify;\">Estos obst\u00e1culos no solo subrayan las vulnerabilidades pol\u00edticas de Cu\u00e9llar, sino que tambi\u00e9n plantean interrogantes sobre la estabilidad y la gobernanza efectiva en Tlaxcala durante los pr\u00f3ximos a\u00f1os. La capacidad de manejar estas adversidades determinar\u00e1 no solo su legado como gobernadora, sino tambi\u00e9n el futuro pol\u00edtico del estado.<\/p>\n<p>El beneficio ser\u00e1 la cercan\u00eda con el poder presidencial y que Tlaxcala sea respaldada con todo.<\/p>\n<p style=\"text-align: justify;\">Ese casi ganarlo todo puede ser la diferencia, para la gobernadora, entre tener, dentro de tres a\u00f1os, la certeza de una transici\u00f3n de gobierno suave o bastante inquietante. Todo, est\u00e1 en sus manos. Ya se ver\u00e1.<\/p>\n<p>&nbsp;<\/p>\n<p><img loading=\"lazy\" decoding=\"async\" class=\"alignnone wp-image-29581 size-full\" src=\"https:\/\/labestiapolitica.com.mx\/wp-content\/uploads\/2024\/07\/lorena-1-1.jpg\" alt=\"\" width=\"1000\" height=\"600\" srcset=\"https:\/\/labestiapolitica.com.mx\/wp-content\/uploads\/2024\/07\/lorena-1-1.jpg 1000w, https:\/\/labestiapolitica.com.mx\/wp-content\/uploads\/2024\/07\/lorena-1-1-300x180.jpg 300w, https:\/\/labestiapolitica.com.mx\/wp-content\/uploads\/2024\/07\/lorena-1-1-768x461.jpg 768w\" sizes=\"auto, (max-width: 1000px) 100vw, 1000px\" \/><\/p>\n<\/div>\n<\/div>\n<\/div>\n<\/div>\n<\/div>\n<\/div>\n<\/div>\n<\/div>\n<\/div>\n<p style=\"text-align: justify;\">*****<\/p>\n<p style=\"text-align: justify;\"><strong>AHORA S\u00cd., LA \u00daLTIMA Y NOS VAMOS&#8230;<\/strong>Mensajes&#8230; Ante posibles irregularidades u observaciones en el manejo de los recursos durante la gesti\u00f3n de su antecesora Mary Cruz Cort\u00e9s Ornelas, la presidenta del Poder Judicial, Anel Ba\u00f1uelos Meneses, asegur\u00f3 que no encubrir\u00e1 ning\u00fan tipo de anomal\u00edas en las finanzas del Tribunal Superior de Justicia (TSJE) respecto del ejercicio fiscal del a\u00f1o 2023.<br \/>\nLa declaraci\u00f3n Ba\u00f1uelos Meneses se da a d\u00edas de que el \u00d3rgano de Fiscalizaci\u00f3n Superior (OFS) entregue al Congreso del Estado su informe de resultados de la cuenta p\u00fablica del ejercicio fiscal 2023, que en el caso del Poder Judicial estuvo a cargo de Mary Cruz Cort\u00e9s Ornelas.<br \/>\nCabe recordar que a inicios de este a\u00f1o los integrantes de la actual Legislatura local evidenciaron que Cort\u00e9s Ornelas incurri\u00f3 en un subejercicio de 79.7 millones de pesos, que representan casi el 18 por ciento del total del presupuesto ejercido durante 2023. Lo anterior, cuando ella compareci\u00f3 ante el Poder Legislativo con motivo de su informe anual de actividades que por ley debe entregar a los legisladores.<br \/>\n\u201cNo ser\u00e9 ninguna tapadera porque uno de mis ejes rectores del plan estrat\u00e9gico es la rendici\u00f3n de cuentas y la transparencia. Tampoco lo podr\u00eda hacer porque ya somos observados por todos, por muchas instituciones, y adem\u00e1s creo que es una obligaci\u00f3n nuestra dar a conocer todo lo que ocurra al interior y en las finanzas del Poder Judicial\u201d, afirm\u00f3 en entrevista minutos despu\u00e9s de emitir un primer informe semestral a su llegada al cargo.<\/p>\n<p style=\"text-align: justify;\">\u00bfOjala que no quede solo en discurso!, pues ha habido abusos en el TSJE y no ha pasado absolutamente nada.<\/p>\n<p style=\"text-align: justify;\">Y a colaci\u00f3n de Anel Ba\u00f1uelos Meneses, llam\u00f3 la atenci\u00f3n que no llegara al evento del foro de la reforma al poder judicial celebrado en d\u00edas pasados, a bordo de la lujosa camioneta que usa como presidenta del poder Judicial en Tlaxcala, con un valor de m\u00e1s de 1.6 millones de pesos, sino que lo hizo a bordo de un modesto autom\u00f3vil.<\/p>\n<p style=\"text-align: justify;\">\u00bfSer\u00e1 que fue para evitar cr\u00edticas con los de la cuarta transformaci\u00f3n con eso de la austeridad republicana?<\/p>\n<p style=\"text-align: justify;\">\n","protected":false},"excerpt":{"rendered":"<p>Han pasado gobernadores y la tentaci\u00f3n siempre ha sido el poder politico. Si algo le faltaba a Lorena Cu\u00e9llar para cerrar este 2024 tras los resultados contundentes en que su partido Morena gan\u00f3 casi todo en la elecci\u00f3n, era que Andr\u00e9s Manuel L\u00f3pez Obrador viniera a Tlaxcala este domingo a exaltarla, algo que se cumpli\u00f3. [&hellip;]<\/p>\n","protected":false},"author":3,"featured_media":29049,"comment_status":"open","ping_status":"open","sticky":false,"template":"","format":"standard","meta":{"footnotes":""},"categories":[2],"tags":[],"class_list":["post-29572","post","type-post","status-publish","format-standard","has-post-thumbnail","hentry","category-el-bestiario"],"amp_enabled":true,"_links":{"self":[{"href":"https:\/\/labestiapolitica.com.mx\/index.php?rest_route=\/wp\/v2\/posts\/29572","targetHints":{"allow":["GET"]}}],"collection":[{"href":"https:\/\/labestiapolitica.com.mx\/index.php?rest_route=\/wp\/v2\/posts"}],"about":[{"href":"https:\/\/labestiapolitica.com.mx\/index.php?rest_route=\/wp\/v2\/types\/post"}],"author":[{"embeddable":true,"href":"https:\/\/labestiapolitica.com.mx\/index.php?rest_route=\/wp\/v2\/users\/3"}],"replies":[{"embeddable":true,"href":"https:\/\/labestiapolitica.com.mx\/index.php?rest_route=%2Fwp%2Fv2%2Fcomments&post=29572"}],"version-history":[{"count":5,"href":"https:\/\/labestiapolitica.com.mx\/index.php?rest_route=\/wp\/v2\/posts\/29572\/revisions"}],"predecessor-version":[{"id":29583,"href":"https:\/\/labestiapolitica.com.mx\/index.php?rest_route=\/wp\/v2\/posts\/29572\/revisions\/29583"}],"wp:featuredmedia":[{"embeddable":true,"href":"https:\/\/labestiapolitica.com.mx\/index.php?rest_route=\/wp\/v2\/media\/29049"}],"wp:attachment":[{"href":"https:\/\/labestiapolitica.com.mx\/index.php?rest_route=%2Fwp%2Fv2%2Fmedia&parent=29572"}],"wp:term":[{"taxonomy":"category","embeddable":true,"href":"https:\/\/labestiapolitica.com.mx\/index.php?rest_route=%2Fwp%2Fv2%2Fcategories&post=29572"},{"taxonomy":"post_tag","embeddable":true,"href":"https:\/\/labestiapolitica.com.mx\/index.php?rest_route=%2Fwp%2Fv2%2Ftags&post=29572"}],"curies":[{"name":"wp","href":"https:\/\/api.w.org\/{rel}","templated":true}]}}