{"id":29578,"date":"2024-07-15T10:21:37","date_gmt":"2024-07-15T16:21:37","guid":{"rendered":"https:\/\/labestiapolitica.com.mx\/?p=29578"},"modified":"2024-07-16T12:19:11","modified_gmt":"2024-07-16T18:19:11","slug":"la-nueva-ley-de-movilidad-en-tlaxcala-hasta-la-proxima-legislatura","status":"publish","type":"post","link":"https:\/\/labestiapolitica.com.mx\/?p=29578","title":{"rendered":"La nueva Ley de Movilidad en Tlaxcala, hasta la pr\u00f3xima Legislatura"},"content":{"rendered":"<p>*La prioridad ahora es la Fiscal\u00eda General de Justicia, el Tribunal de Justicia Administrativa y las cuentas p\u00fablicas.<\/p>\n<p style=\"text-align: justify;\">Arturo POP\u00d3CATL\/ La Ley de Movilidad y Seguridad Vial del Estado de Tlaxcala ser\u00e1 uno de los pendientes que dejar\u00e1 la actual Legislatura local, reconoci\u00f3 el presidente de la Comisi\u00f3n de Movilidad, Comunicaciones y Transporte del Congreso del Estado, Jorge Caballero Rom\u00e1n, quien confi\u00f3 en que los pr\u00f3ximos legisladores locales la sacar\u00e1n adelante.<\/p>\n<p>El tambi\u00e9n presidente de la Junta de Coordinaci\u00f3n y Concertaci\u00f3n Pol\u00edtica, indic\u00f3 que la prioridad de la actual Legislatura no es una nueva Ley de Movilidad, sino los nombramientos de la persona titular de la Fiscal\u00eda General de la Rep\u00fablica, dos magistraturas del Tribunal de Justicia Administrativa (TJA) y la dictaminaci\u00f3n de cuentas p\u00fablicas de 2023.<\/p>\n<p>\u201cCreo que conforme est\u00e1n pasando los tiempos ya ser\u00e1 dif\u00edcil sacarla, le va a corresponder a la pr\u00f3xima Legislatura enfocarse m\u00e1s a eso porque a nosotros ya no nos dio tiempo. Esperemos que la pr\u00f3xima Legislatura s\u00ed la pueda sacar\u201d, afirm\u00f3.<\/p>\n<p>Pese a ello, asegur\u00f3 que los trabajos para crear la nueva ley se encuentran avanzados porque a inicios de este a\u00f1o se homolog\u00f3 la legislaci\u00f3n local con la federal y se garantiz\u00f3 el derecho humano al tr\u00e1nsito en condiciones de accesibilidad, eficiencia, sostenibilidad, calidad, inclusi\u00f3n e igualdad y pol\u00edticas p\u00fablicas con perspectiva de g\u00e9nero.<\/p>\n<p>\u201cSe dejan las bases y ellos seguramente ir\u00e1n haciendo el trabajo, nosotros sacamos una ley de movilidad y est\u00e1 pendiente la otra, pero ya se tiene un poco de avance para que los pr\u00f3ximos legisladores le sigan\u201d, dijo.<\/p>\n<p style=\"text-align: justify;\">En ese sentido, asever\u00f3 que corresponder\u00e1 a la pr\u00f3xima Legislatura definir si es posible o no la regularizaci\u00f3n de los mototaxis, que circulan, principalmente, en los municipios de Papalotla, Nativitas, Tenancingo, Xaloztoc, Cuapiaxtla, Nopalucan, Texoloc, Ixtacuixtla, Zitlaltepec y Sanct\u00f3rum.<\/p>\n<p>\u201cEse ser\u00e1 un tema que tendr\u00e1 que abordar la siguiente Legislatura, hasta ahorita no se tiene contemplado regularizar los mototaxis, entonces ser\u00e1 para la pr\u00f3xima Legislatura definir, pero tengo mis dudas de que se puedan regularizar\u201d, opin\u00f3.<\/p>\n<p>En tanto, reiter\u00f3 que es viable la propuesta del Ejecutivo de otorgar una concesi\u00f3n de taxi a cambio de dejar de operar a los llamados mototaxis que ofrecen sus servicios en diversos municipios.<\/p>\n","protected":false},"excerpt":{"rendered":"<p>*La prioridad ahora es la Fiscal\u00eda General de Justicia, el Tribunal de Justicia Administrativa y las cuentas p\u00fablicas. Arturo POP\u00d3CATL\/ La Ley de Movilidad y Seguridad Vial del Estado de Tlaxcala ser\u00e1 uno de los pendientes que dejar\u00e1 la actual Legislatura local, reconoci\u00f3 el presidente de la Comisi\u00f3n de Movilidad, Comunicaciones y Transporte del Congreso [&hellip;]<\/p>\n","protected":false},"author":3,"featured_media":29579,"comment_status":"open","ping_status":"open","sticky":false,"template":"","format":"standard","meta":{"footnotes":""},"categories":[12],"tags":[],"class_list":["post-29578","post","type-post","status-publish","format-standard","has-post-thumbnail","hentry","category-brujula-2026"],"amp_enabled":true,"_links":{"self":[{"href":"https:\/\/labestiapolitica.com.mx\/index.php?rest_route=\/wp\/v2\/posts\/29578","targetHints":{"allow":["GET"]}}],"collection":[{"href":"https:\/\/labestiapolitica.com.mx\/index.php?rest_route=\/wp\/v2\/posts"}],"about":[{"href":"https:\/\/labestiapolitica.com.mx\/index.php?rest_route=\/wp\/v2\/types\/post"}],"author":[{"embeddable":true,"href":"https:\/\/labestiapolitica.com.mx\/index.php?rest_route=\/wp\/v2\/users\/3"}],"replies":[{"embeddable":true,"href":"https:\/\/labestiapolitica.com.mx\/index.php?rest_route=%2Fwp%2Fv2%2Fcomments&post=29578"}],"version-history":[{"count":1,"href":"https:\/\/labestiapolitica.com.mx\/index.php?rest_route=\/wp\/v2\/posts\/29578\/revisions"}],"predecessor-version":[{"id":29580,"href":"https:\/\/labestiapolitica.com.mx\/index.php?rest_route=\/wp\/v2\/posts\/29578\/revisions\/29580"}],"wp:featuredmedia":[{"embeddable":true,"href":"https:\/\/labestiapolitica.com.mx\/index.php?rest_route=\/wp\/v2\/media\/29579"}],"wp:attachment":[{"href":"https:\/\/labestiapolitica.com.mx\/index.php?rest_route=%2Fwp%2Fv2%2Fmedia&parent=29578"}],"wp:term":[{"taxonomy":"category","embeddable":true,"href":"https:\/\/labestiapolitica.com.mx\/index.php?rest_route=%2Fwp%2Fv2%2Fcategories&post=29578"},{"taxonomy":"post_tag","embeddable":true,"href":"https:\/\/labestiapolitica.com.mx\/index.php?rest_route=%2Fwp%2Fv2%2Ftags&post=29578"}],"curies":[{"name":"wp","href":"https:\/\/api.w.org\/{rel}","templated":true}]}}