{"id":29618,"date":"2024-07-15T18:12:04","date_gmt":"2024-07-16T00:12:04","guid":{"rendered":"https:\/\/labestiapolitica.com.mx\/?p=29618"},"modified":"2024-07-16T12:17:52","modified_gmt":"2024-07-16T18:17:52","slug":"blanca-aguila-cada-vez-mas-cerca-de-la-4t","status":"publish","type":"post","link":"https:\/\/labestiapolitica.com.mx\/?p=29618","title":{"rendered":"\u00bfBlanca \u00c1guila cada vez m\u00e1s cerca de la 4T?"},"content":{"rendered":"<p style=\"text-align: justify;\">El Arca | JeSerch Mej\u00eda.<\/p>\n<p>Dice el dicho, no hagas cosas buenas que parezcan malas.<\/p>\n<p style=\"text-align: justify;\">No lo decimos nosotros, sino los crecientes comentarios que gener\u00f3 una publicaci\u00f3n en la p\u00e1gina de Facebook de Servicios de Salud IMSS Bienestar.<\/p>\n<p>&nbsp;<\/p>\n<p><img loading=\"lazy\" decoding=\"async\" class=\"alignnone wp-image-29624 size-full\" src=\"https:\/\/labestiapolitica.com.mx\/wp-content\/uploads\/2024\/07\/Fotos-rapidas-16-1.png\" alt=\"\" width=\"1000\" height=\"600\" srcset=\"https:\/\/labestiapolitica.com.mx\/wp-content\/uploads\/2024\/07\/Fotos-rapidas-16-1.png 1000w, https:\/\/labestiapolitica.com.mx\/wp-content\/uploads\/2024\/07\/Fotos-rapidas-16-1-300x180.png 300w, https:\/\/labestiapolitica.com.mx\/wp-content\/uploads\/2024\/07\/Fotos-rapidas-16-1-768x461.png 768w\" sizes=\"auto, (max-width: 1000px) 100vw, 1000px\" \/><\/p>\n<p>&nbsp;<\/p>\n<p style=\"text-align: justify;\">S\u00ed. La publicaci\u00f3n dice: \u201cEn un hecho hist\u00f3rico, el #IMSSBIENESTAR recibi\u00f3 la Toma de Nota de la primera organizaci\u00f3n sindical: Sindicato Nacional de Trabajadores de Salud del #IMSSBIENESTAR (SNTSIB). El personal de salud ser\u00e1 el motor que vincule el trabajo conjunto entre autoridades y el sindicato. El #IMSSBIENESTAR trabaja para mejorar y garantizar los derechos de las y los trabajadores de la salud\u201d.<\/p>\n<p style=\"text-align: justify;\">Lo interesantes es que, en las fotograf\u00edas aparezca ni m\u00e1s ni menos que la dirigente de la secci\u00f3n 27 de Sindicato Nacional de Trabajadores de la Secretar\u00eda de Salud (SNTSSA), Blanca \u00c1guila Lima.<\/p>\n<p style=\"text-align: justify;\">\u00bfQu\u00e9 tendr\u00eda que hacer ah\u00ed la representante del que se presume es la principal fuerza sindical dentro del sector salud?<br \/>\n\u00bfAcaso la \u201ccombativa\u201d liderea sindical dobl\u00f3 las manos y se entreg\u00f3 al nuevo OPD y a Morena?<br \/>\nLlama la atenci\u00f3n que, mientras en los eventos oficiales del sector salud despotrica contra el IMSS-Bienestar, en privado lo celebre.<\/p>\n<p style=\"text-align: justify;\">Hay que leer los comentarios, precisamente, para darse cuenta que cambi\u00f3 la lucha por la complacencia, pues mientras los trabajadores del IMSS- Bienestar siguen sin certeza jur\u00eddica, sin reglas claras sobre la transici\u00f3n del modelo de salud, y que prevalecen las quejas por la falta de atenci\u00f3n y de medicinas, \u00c1guila Lima no siga nada y sonr\u00eda para las fotos.<\/p>\n<p style=\"text-align: justify;\">Los agremiados al SNTSA har\u00edan bien en preguntarse si la 4T ya contagi\u00f3 a su dirigente sindical, porque hay que voltear a ver lo que pasa con otros sindicatos: est\u00e1n siendo cooptados y absorbidos por un sistema que desmantel\u00f3 el sindicalismo en M\u00e9xico.<\/p>\n<p style=\"text-align: justify;\">Y una vez que lo hagan, que piensen la raz\u00f3n por la que habr\u00eda aceptado la toma de nota del nuevo sindicato.<br \/>\n\u00bfA cambio de qu\u00e9?<\/p>\n<p>&nbsp;<\/p>\n<p><img loading=\"lazy\" decoding=\"async\" class=\"alignnone wp-image-29625 size-full\" src=\"https:\/\/labestiapolitica.com.mx\/wp-content\/uploads\/2024\/07\/Fotos-rapidas-18-2.png\" alt=\"\" width=\"1000\" height=\"600\" srcset=\"https:\/\/labestiapolitica.com.mx\/wp-content\/uploads\/2024\/07\/Fotos-rapidas-18-2.png 1000w, https:\/\/labestiapolitica.com.mx\/wp-content\/uploads\/2024\/07\/Fotos-rapidas-18-2-300x180.png 300w, https:\/\/labestiapolitica.com.mx\/wp-content\/uploads\/2024\/07\/Fotos-rapidas-18-2-768x461.png 768w\" sizes=\"auto, (max-width: 1000px) 100vw, 1000px\" \/><\/p>\n<p>&nbsp;<\/p>\n<p><img loading=\"lazy\" decoding=\"async\" class=\"alignnone wp-image-28405 size-full\" src=\"https:\/\/labestiapolitica.com.mx\/wp-content\/uploads\/2024\/06\/U-NOVA-y-se-diferente.png\" alt=\"\" width=\"1000\" height=\"600\" srcset=\"https:\/\/labestiapolitica.com.mx\/wp-content\/uploads\/2024\/06\/U-NOVA-y-se-diferente.png 1000w, https:\/\/labestiapolitica.com.mx\/wp-content\/uploads\/2024\/06\/U-NOVA-y-se-diferente-300x180.png 300w, https:\/\/labestiapolitica.com.mx\/wp-content\/uploads\/2024\/06\/U-NOVA-y-se-diferente-768x461.png 768w\" sizes=\"auto, (max-width: 1000px) 100vw, 1000px\" \/><\/p>\n","protected":false},"excerpt":{"rendered":"<p>El Arca | JeSerch Mej\u00eda. Dice el dicho, no hagas cosas buenas que parezcan malas. No lo decimos nosotros, sino los crecientes comentarios que gener\u00f3 una publicaci\u00f3n en la p\u00e1gina de Facebook de Servicios de Salud IMSS Bienestar. &nbsp; &nbsp; S\u00ed. La publicaci\u00f3n dice: \u201cEn un hecho hist\u00f3rico, el #IMSSBIENESTAR recibi\u00f3 la Toma de Nota [&hellip;]<\/p>\n","protected":false},"author":3,"featured_media":29619,"comment_status":"open","ping_status":"open","sticky":false,"template":"","format":"standard","meta":{"footnotes":""},"categories":[6],"tags":[],"class_list":["post-29618","post","type-post","status-publish","format-standard","has-post-thumbnail","hentry","category-opinion"],"amp_enabled":true,"_links":{"self":[{"href":"https:\/\/labestiapolitica.com.mx\/index.php?rest_route=\/wp\/v2\/posts\/29618","targetHints":{"allow":["GET"]}}],"collection":[{"href":"https:\/\/labestiapolitica.com.mx\/index.php?rest_route=\/wp\/v2\/posts"}],"about":[{"href":"https:\/\/labestiapolitica.com.mx\/index.php?rest_route=\/wp\/v2\/types\/post"}],"author":[{"embeddable":true,"href":"https:\/\/labestiapolitica.com.mx\/index.php?rest_route=\/wp\/v2\/users\/3"}],"replies":[{"embeddable":true,"href":"https:\/\/labestiapolitica.com.mx\/index.php?rest_route=%2Fwp%2Fv2%2Fcomments&post=29618"}],"version-history":[{"count":4,"href":"https:\/\/labestiapolitica.com.mx\/index.php?rest_route=\/wp\/v2\/posts\/29618\/revisions"}],"predecessor-version":[{"id":29638,"href":"https:\/\/labestiapolitica.com.mx\/index.php?rest_route=\/wp\/v2\/posts\/29618\/revisions\/29638"}],"wp:featuredmedia":[{"embeddable":true,"href":"https:\/\/labestiapolitica.com.mx\/index.php?rest_route=\/wp\/v2\/media\/29619"}],"wp:attachment":[{"href":"https:\/\/labestiapolitica.com.mx\/index.php?rest_route=%2Fwp%2Fv2%2Fmedia&parent=29618"}],"wp:term":[{"taxonomy":"category","embeddable":true,"href":"https:\/\/labestiapolitica.com.mx\/index.php?rest_route=%2Fwp%2Fv2%2Fcategories&post=29618"},{"taxonomy":"post_tag","embeddable":true,"href":"https:\/\/labestiapolitica.com.mx\/index.php?rest_route=%2Fwp%2Fv2%2Ftags&post=29618"}],"curies":[{"name":"wp","href":"https:\/\/api.w.org\/{rel}","templated":true}]}}