{"id":29655,"date":"2024-07-19T10:34:21","date_gmt":"2024-07-19T16:34:21","guid":{"rendered":"https:\/\/labestiapolitica.com.mx\/?p=29655"},"modified":"2024-07-25T19:46:28","modified_gmt":"2024-07-26T01:46:28","slug":"el-bestiario-los-tlaxcaltecas-en-el-circulo-cercano-de-lopez-obrador-y-claudia-sheinbaum","status":"publish","type":"post","link":"https:\/\/labestiapolitica.com.mx\/?p=29655","title":{"rendered":"El Bestiario&#8230;Los Tlaxcaltecas en el c\u00edrculo cercano de L\u00f3pez Obrador y Claudia Sheinbaum."},"content":{"rendered":"<div style=\"text-align: justify;\"><\/div>\n<div class=\"group\/conversation-turn relative flex w-full min-w-0 flex-col agent-turn\">\n<div class=\"flex-col gap-1 md:gap-3\">\n<div class=\"flex flex-grow flex-col max-w-full\">\n<div class=\"min-h-[20px] text-message flex flex-col items-start whitespace-pre-wrap break-words [.text-message+&amp;]:mt-5 juice:w-full juice:items-end overflow-x-auto gap-2\" dir=\"auto\" data-message-author-role=\"assistant\" data-message-id=\"afa43bd1-d6f1-4226-a844-d3ea8a0ab310\">\n<div class=\"flex w-full flex-col gap-1 juice:empty:hidden juice:first:pt-[3px]\">\n<div class=\"markdown prose w-full break-words dark:prose-invert dark\">\n<p>Siempre se ha hablado de la cercan\u00eda de pol\u00edticos tlaxcaltecas con el poder presidencial.<\/p>\n<p>Guardando las proporciones, no podemos dejar de comentar la relaci\u00f3n de Emilio S\u00e1nchez Piedras con el presidente Luis Echeverr\u00eda \u00c1lvarez y, m\u00e1s reciente, Adriana D\u00e1vila con Felipe Calder\u00f3n.<\/p>\n<p>Ahora, retoma inter\u00e9s el tema con la visita del presidente Andr\u00e9s Manuel L\u00f3pez Obrador y Claudia Sheinbaum a Tlaxcala, sobre todo cuando el primero puso nombres de tlaxcaltecas que han apoyado el proyecto de la Cuarta Transformaci\u00f3n.<\/p>\n<p>A pesar de que en unas semanas dejar\u00e1 el cargo de presidente, es evidente que el peso de la figura de L\u00f3pez Obrador no disminuir\u00e1 y su influencia en la pol\u00edtica del pa\u00eds y la entidad seguir\u00e1 vigente.<\/p>\n<p>Los nombres de Lorena Cu\u00e9llar Cisneros, Ana Lilia Rivera Rivera, Jos\u00e9 Antonio \u00c1lvarez Lima, \u00d3scar Flores Jim\u00e9nez, Carlos Mart\u00ednez Vel\u00e1zquez, Roberto Salcedo Aquino, Marco Antonio Mena, Alfonso S\u00e1nchez Anaya fueron colocados ante los asistentes y, aunque el de Dulce Silva Hern\u00e1ndez no fue mencionado, no se puede soslayar su cercan\u00eda con la figura presidencial.<\/p>\n<p>El caso m\u00e1s reciente, la presidenta electa de M\u00e9xico, Claudia Sheinbaum Pardo, design\u00f3 a la tlaxcalteca Josefina Rodr\u00edguez Zamora como la pr\u00f3xima titular de la Secretar\u00eda de Turismo del Gobierno de la Rep\u00fablica. Lo que revela su cercan\u00eda con la ganadera.<\/p>\n<p>La Cercan\u00eda de Emilio S\u00e1nchez Piedras con el Presidente de M\u00e9xico<\/p>\n<p>Emilio S\u00e1nchez Piedras es una figura hist\u00f3rica y emblem\u00e1tica en la pol\u00edtica de Tlaxcala y M\u00e9xico. Su trayectoria y legado han dejado una marca indeleble en la historia del estado y su relaci\u00f3n con los l\u00edderes nacionales. S\u00e1nchez Piedras, reconocido por su liderazgo y visi\u00f3n, tuvo una relaci\u00f3n significativa con los presidentes de M\u00e9xico durante su carrera pol\u00edtica, en particular con el presidente Luis Echeverr\u00eda \u00c1lvarez. Fue el primer tlaxcalteca que jug\u00f3 en ligas mayores. S\u00e1nchez Piedras fue gobernador de Tlaxcala de 1975 a 1981.<\/p>\n<p>Durante la presidencia de Luis Echeverr\u00eda \u00c1lvarez (1970-1976), Emilio S\u00e1nchez Piedras desempe\u00f1\u00f3 un papel clave en la implementaci\u00f3n de pol\u00edticas nacionales a nivel estatal. Echeverr\u00eda, conocido por su inter\u00e9s en las regiones m\u00e1s desfavorecidas de M\u00e9xico, encontr\u00f3 en S\u00e1nchez Piedras un aliado comprometido con la misi\u00f3n de reducir la desigualdad y promover el desarrollo.<\/p>\n<p>La Cercan\u00eda de Adriana D\u00e1vila con Felipe Calder\u00f3n<\/p>\n<p>Adriana D\u00e1vila es una destacada pol\u00edtica tlaxcalteca que ha desempe\u00f1ado un papel crucial en el Partido Acci\u00f3n Nacional (PAN) a lo largo de su carrera. Su relaci\u00f3n con el expresidente Felipe Calder\u00f3n Hinojosa ha sido particularmente significativa, influyendo en su trayectoria pol\u00edtica y en las oportunidades que tuvo dentro del partido y en el gobierno federal. Tuvo poder e influencia en la \u00f3rbita presidencial.<\/p>\n<p>Una de las muestras m\u00e1s claras de la confianza y cercan\u00eda entre Calder\u00f3n y D\u00e1vila fue su nombramiento como Coordinadora Nacional de Enlace Federal de Presidencia de la Rep\u00fablica, despu\u00e9s de la elecci\u00f3n de 2010, encargo desde el cual coordinaba las delegaciones de todas las dependencias del gobierno federal y le permiti\u00f3 tener una proyecci\u00f3n nacional.<\/p>\n<p>***<\/p>\n<p>LA CAMINERA&#8230; AHORA ES MORENA, AMLO Y CLAUDIA.<\/p>\n<p>El estado de Tlaxcala ha visto a varios de sus pol\u00edticos emerger como figuras clave en el panorama nacional, especialmente en la administraci\u00f3n del presidente Andr\u00e9s Manuel L\u00f3pez Obrador y en el equipo de la aspirante presidencial Claudia Sheinbaum. Estos son algunos de los tlaxcaltecas que se destacan por su cercan\u00eda y apoyo a estos l\u00edderes de la Cuarta Transformaci\u00f3n.<\/p>\n<p>Lorena Cu\u00e9llar Cisneros, actual Gobernadora de Tlaxcala, es una de las figuras m\u00e1s prominentes del estado en la pol\u00edtica nacional. Afiliada a MORENA, tiene cercan\u00eda con L\u00f3pez Obrador, y se habla que, si bien no hay tanta relaci\u00f3n con Claudia Sheinbaum, tampoco es mala. Veremos cuando ya sea presidenta c\u00f3mo ser\u00e1 el trato. Por lo pronto, una de su equipo ya est\u00e1 cerca de Sheinbaum.<\/p>\n<p>Ana Lilia Rivera Rivera, Senadora y reformista. Antes de alcanzar la candidatura al Senado de la Rep\u00fablica en 2018, encabezando la primera f\u00f3rmula, la calpulalpense ya gozaba de la confianza de L\u00f3pez Obrador. Su lugar estuvo siempre avalado por el entonces abanderado presidencial de Morena. En la C\u00e1mara Alta ha sido una f\u00e9rrea defensora de la Cuarta Transformaci\u00f3n y, particularmente, de las iniciativas provenientes de Palacio Nacional. Su trabajo fue premiado con la presidencia de la Mesa Directiva en la C\u00e1mara de Senadores y ahora, en los comicios del pasado 2 de junio, alcanz\u00f3 su reelecci\u00f3n para consolidarse como una de las principales contendientes para obtener la candidatura a la gubernatura en 2027. Es muy cercana a Claudia Sheinbaum.<\/p>\n<p>Jos\u00e9 Antonio \u00c1lvarez Lima, pol\u00edtico y diplom\u00e1tico, el ex gobernador de Tlaxcala se uni\u00f3 al equipo de L\u00f3pez Obrador desde antes de las elecciones de 2018, y de ah\u00ed salt\u00f3 a la candidatura al Senado de la Rep\u00fablica encabezando la segunda f\u00f3rmula. Ganada la elecci\u00f3n en Tlaxcala, se incorpor\u00f3 al gabinete federal como Director General de Canal 11, cargo que tuvo que dejar para reincorporarse al Senado tras la muerte de Joel Molina Ram\u00edrez. Desde ah\u00ed ha llevado a cabo varias encomiendas encargadas por el propio presidente de la Rep\u00fablica, como la desaparici\u00f3n de los Fideicomisos, de los cuales la administraci\u00f3n accedi\u00f3 a recursos por el orden de los 135 mil millones de pesos. Tambi\u00e9n goza de la confianza plena de Sheinbaum.<\/p>\n<p>Carlos Mart\u00ednez Vel\u00e1zquez, administrador p\u00fablico, ha sido una figura relevante en la administraci\u00f3n p\u00fablica. Experto en regulaci\u00f3n y competencia econ\u00f3mica, el tlaxcalteca form\u00f3 parte en el equipo de transici\u00f3n de Desarrollo Agrario, Territorial y Urbano una vez que L\u00f3pez Obrador gan\u00f3 la elecci\u00f3n presidencial en 2018. El 14 de diciembre de ese a\u00f1o fue propuesto por el presidente para ocupar la direcci\u00f3n general del Instituto del Fondo Nacional de la Vivienda para los Trabajadores (Infonavit), cargo en el que fue ratificado sin mayor problema por la Asamblea General de esa instituci\u00f3n.<\/p>\n<p>\u00d3scar Flores Jim\u00e9nez, uno de los hombres de mayor confianza del presidente, brazo derecho en el manejo de recursos dentro de la Secretar\u00eda de Educaci\u00f3n P\u00fablica (SEP) como titular de la Unidad de Administraci\u00f3n y Finanzas, y uno de sus operadores en la relaci\u00f3n con el Sindicato Nacional de Trabajadores de la Educaci\u00f3n (SNTE). Su nombre fue reiteradamente mencionado como posible candidato al Congreso de la Uni\u00f3n, sin embargo, las actividades propias dentro del gobierno le impidieron esa posibilidad.<\/p>\n<p>Roberto Salcedo Aquino, Secretario de la Funci\u00f3n P\u00fablica. Nacido en la Ciudad de M\u00e9xico en 1943. Aunque no es tlaxcalteca, el presidente lo mencion\u00f3 como tal, recordando que es hermano del obispo Julio C\u00e9sar Salcedo Aquino. No cuenta con carrera pol\u00edtica ni administrativa en Tlaxcala.<\/p>\n<p>Marco Antonio Mena: Exgobernador de Tlaxcala. Con una carrera mete\u00f3rica dentro del Partido Revolucionario Institucional (PRI) que le hizo llegar en 2016 a la gubernatura de Tlaxcala, en agosto de 2023 arrib\u00f3 a la Direcci\u00f3n de la Loter\u00eda Nacional para la Asistencia P\u00fablica, invitado por el presidente Andr\u00e9s Manuel L\u00f3pez Obrador. Durante un par de a\u00f1os se supo poco de \u00e9l, pero poco despu\u00e9s de su estruendosa diferencia con el dirigente nacional priista, Alejandro C\u00e1rdenas, fue premiado en un cargo p\u00fablico por el tabasque\u00f1o. En sus alforjas pol\u00edticas carga con acusaciones de traici\u00f3n, incluso por quien fue su principal impulsor a la candidatura priista en 2016, Mariano Gonz\u00e1lez Zarur.<\/p>\n<p>Alfonso S\u00e1nchez Anaya, veterano de la pol\u00edtica. El ex mandatario estatal ha sido uno de los principales seguidores de L\u00f3pez Obrador desde que \u00e9ste estaba en las filas del Partido de la Revoluci\u00f3n Democr\u00e1tica (PRD). Durante un tiempo tuvieron un distanciamiento, pero la relaci\u00f3n volvi\u00f3 por buen camino cuando fue incorporado a la Secretar\u00eda de Gobernaci\u00f3n. Desde su salida, cuando Ad\u00e1n Augusto L\u00f3pez se hizo cargo de esa dependencia, su actividad pol\u00edtica se centr\u00f3 exclusivamente en el estado, forjando una importante alianza con la gobernadora Lorena Cu\u00e9llar Cisneros. Hoy es el principal impulsor de la carrera pol\u00edtica de su hijo, Alfonso S\u00e1nchez Garc\u00eda, rumbo a la definici\u00f3n de la candidatura a la gubernatura en 2027.<\/p>\n<p>Dulce Silva Hern\u00e1ndez, empresaria y activista. La diputada federal ha tenido una incesante actividad dentro de Morena, sobre todo en 2021 al buscar la candidatura de este instituto pol\u00edtico al gobierno del estado. Su matrimonio con C\u00e9sar Y\u00e1\u00f1ez Centeno Cabrera, ex colaborador de L\u00f3pez Obrador y hoy coordinador de giras de la presidenta electa, le da los focos necesarios para mantenerla en la coyuntura de las pr\u00f3ximas elecciones federales y locales. Tambi\u00e9n tiene cercan\u00eda con Claudia Sheinbaum.<\/p>\n<p>**<\/p>\n<p><img loading=\"lazy\" decoding=\"async\" class=\"alignnone wp-image-29728 size-full\" src=\"https:\/\/labestiapolitica.com.mx\/wp-content\/uploads\/2024\/07\/tlaxcaltrcas-.jpg\" alt=\"\" width=\"1000\" height=\"600\" srcset=\"https:\/\/labestiapolitica.com.mx\/wp-content\/uploads\/2024\/07\/tlaxcaltrcas-.jpg 1000w, https:\/\/labestiapolitica.com.mx\/wp-content\/uploads\/2024\/07\/tlaxcaltrcas--300x180.jpg 300w, https:\/\/labestiapolitica.com.mx\/wp-content\/uploads\/2024\/07\/tlaxcaltrcas--768x461.jpg 768w\" sizes=\"auto, (max-width: 1000px) 100vw, 1000px\" \/><\/p>\n<p style=\"text-align: justify;\">****<\/p>\n<p>AHORA S\u00cd, LA \u00daLTIMA Y NOS VAMOS&#8230;Vocero&#8230;Alfonso Brito ha tenido una trayectoria notable en el \u00e1mbito de la comunicaci\u00f3n pol\u00edtica en Tlaxcala y a nivel nacional. Primero, se desempe\u00f1\u00f3 como vocero del exgobernador Alfonso S\u00e1nchez Anaya. Posteriormente, se uni\u00f3 al equipo de Marcelo Ebrard, ampliando su influencia y red de contactos.<\/p>\n<p>M\u00e1s recientemente, Brito ha estado involucrado en el equipo de Claudia Sheinbaum, participando activamente en las decisiones comunicativas. Su papel exacto en el futuro a\u00fan no est\u00e1 claro, pero dada su trayectoria y experiencia, es probable que contin\u00fae desempe\u00f1ando un rol importante en la comunicaci\u00f3n y estrategia pol\u00edtica en el \u00e1mbito nacional. Al tiempo.<\/p>\n<\/div>\n<p>&nbsp;<\/p>\n<p>&nbsp;<\/p>\n<p>&nbsp;<\/p>\n<\/div>\n<\/div>\n<\/div>\n<\/div>\n<\/div>\n","protected":false},"excerpt":{"rendered":"<p>Siempre se ha hablado de la cercan\u00eda de pol\u00edticos tlaxcaltecas con el poder presidencial. Guardando las proporciones, no podemos dejar de comentar la relaci\u00f3n de Emilio S\u00e1nchez Piedras con el presidente Luis Echeverr\u00eda \u00c1lvarez y, m\u00e1s reciente, Adriana D\u00e1vila con Felipe Calder\u00f3n. Ahora, retoma inter\u00e9s el tema con la visita del presidente Andr\u00e9s Manuel L\u00f3pez [&hellip;]<\/p>\n","protected":false},"author":3,"featured_media":29049,"comment_status":"open","ping_status":"open","sticky":false,"template":"","format":"standard","meta":{"footnotes":""},"categories":[2],"tags":[],"class_list":["post-29655","post","type-post","status-publish","format-standard","has-post-thumbnail","hentry","category-el-bestiario"],"amp_enabled":true,"_links":{"self":[{"href":"https:\/\/labestiapolitica.com.mx\/index.php?rest_route=\/wp\/v2\/posts\/29655","targetHints":{"allow":["GET"]}}],"collection":[{"href":"https:\/\/labestiapolitica.com.mx\/index.php?rest_route=\/wp\/v2\/posts"}],"about":[{"href":"https:\/\/labestiapolitica.com.mx\/index.php?rest_route=\/wp\/v2\/types\/post"}],"author":[{"embeddable":true,"href":"https:\/\/labestiapolitica.com.mx\/index.php?rest_route=\/wp\/v2\/users\/3"}],"replies":[{"embeddable":true,"href":"https:\/\/labestiapolitica.com.mx\/index.php?rest_route=%2Fwp%2Fv2%2Fcomments&post=29655"}],"version-history":[{"count":4,"href":"https:\/\/labestiapolitica.com.mx\/index.php?rest_route=\/wp\/v2\/posts\/29655\/revisions"}],"predecessor-version":[{"id":29747,"href":"https:\/\/labestiapolitica.com.mx\/index.php?rest_route=\/wp\/v2\/posts\/29655\/revisions\/29747"}],"wp:featuredmedia":[{"embeddable":true,"href":"https:\/\/labestiapolitica.com.mx\/index.php?rest_route=\/wp\/v2\/media\/29049"}],"wp:attachment":[{"href":"https:\/\/labestiapolitica.com.mx\/index.php?rest_route=%2Fwp%2Fv2%2Fmedia&parent=29655"}],"wp:term":[{"taxonomy":"category","embeddable":true,"href":"https:\/\/labestiapolitica.com.mx\/index.php?rest_route=%2Fwp%2Fv2%2Fcategories&post=29655"},{"taxonomy":"post_tag","embeddable":true,"href":"https:\/\/labestiapolitica.com.mx\/index.php?rest_route=%2Fwp%2Fv2%2Ftags&post=29655"}],"curies":[{"name":"wp","href":"https:\/\/api.w.org\/{rel}","templated":true}]}}