{"id":29727,"date":"2024-07-18T20:09:15","date_gmt":"2024-07-19T02:09:15","guid":{"rendered":"https:\/\/labestiapolitica.com.mx\/?p=29727"},"modified":"2024-07-25T19:46:55","modified_gmt":"2024-07-26T01:46:55","slug":"las-mujeres-y-los-hombres-tlaxcaltecas-del-presidente-andres-manuel-lopez-obrador","status":"publish","type":"post","link":"https:\/\/labestiapolitica.com.mx\/?p=29727","title":{"rendered":"Las mujeres y los hombres tlaxcaltecas afines del Presidente Andr\u00e9s Manuel L\u00f3pez Obrador"},"content":{"rendered":"<p style=\"text-align: justify;\">Arturo POP\u00d3CATL\/ Varios fueron los nombres de pol\u00edticas y pol\u00edticos tlaxcaltecas que el presidente Andr\u00e9s Manuel L\u00f3pez Obrador mencion\u00f3 en su discurso del pasado domingo en el municipio de Yauhquemehcan, durante su visita de trabajo al estado de Tlaxcala.<\/p>\n<p style=\"text-align: justify;\">Esos nombres son las mujeres y los hombres que han acompa\u00f1ado al presidente durante su sexenio. Veamos:<\/p>\n<p style=\"text-align: justify;\">Lorena Cu\u00e9llar Cisneros renunci\u00f3 a las filas del Partido de la Revoluci\u00f3n Democr\u00e1tica (PRD) para incorporarse a las filas del Partido Movimiento de Regeneraci\u00f3n Nacional (Morena). De ah\u00ed se fue directa a la coordinaci\u00f3n estatal de las delegaciones federales, figura creada exprofeso por el mandatario nacional. Renunci\u00f3 al cargo para disputar la candidatura morenista a la gubernatura en 2021, comicios que gan\u00f3 para llegar a la titularidad del Ejecutivo Estatal.<\/p>\n<p style=\"text-align: justify;\">Jos\u00e9 Antonio \u00c1lvarez Lima: El ex gobernador de Tlaxcala se uni\u00f3 al equipo de L\u00f3pez Obrador desde antes de las elecciones de 2018, y de ah\u00ed salt\u00f3 a la candidatura al Senado de la Rep\u00fablica encabezando la segunda f\u00f3rmula. Ganada la elecci\u00f3n en Tlaxcala, se incorpor\u00f3 al gabinete federal como director general de Canal 11, cargo que tuvo que dejar para reincoprarse al Senado tras la muerte, por Covid, de Joel Molina Ram\u00edrez. Dese ah\u00ed ha llevado a cabo varias encomiendas encargadas por el propio presidente de la Rep\u00fablica, como la desaparici\u00f3n de los Fideicomisos, de los cuales la administraci\u00f3n accedi\u00f3 a recursos por el orden de los 135 mil millones de pesos.<\/p>\n<p style=\"text-align: justify;\">Ana Lilia Rivera Rivera: Antes de alcanzar la candidatura al Senado de la Rep\u00fablica en 2018, encabezando la primera f\u00f3rmula, la calpulalpense ya era de la confianza de Andr\u00e9s Manuel L\u00f3pez. Su lugar estuvo siempre avalado por el entonces abanderado presidencial de Morena. En la C\u00e1mara Alya ha sido una f\u00e9rrea defensora de la Cuarta Transformaci\u00f3n y, particularmente, de las iniciativas provenientes de Palacio Nacional. Su trabajo fue premiado con la presidencia de la Mesa Directiva en la C\u00e1mara de Senadores y ahora, en los comicios del pasado 2 de junio, alcanz\u00f3 su reelecci\u00f3n para convertirse, desde ahora, como una de las principales contendientes para obtener la candidatura a la gubernatura en 2027.<\/p>\n<p style=\"text-align: justify;\">\u00d3scar Flores Jim\u00e9nez: Uno de los hombres de mayor confianza del presidente, brazo derecho en el manejo de recursos dentro de la Secretar\u00eda de Educaci\u00f3n P\u00fablica (SEP) como titular de la Unidad de Administraci\u00f3n y Finanzas, y uno de sus operadores en la relaci\u00f3n con el Sindicato Nacional de Trabajadores de la Educaci\u00f3n (SNTE. Su nombre fue reiteradamente mencionado como posible candidato al Congreso de la Uni\u00f3n, sin embargo, las actividades propias dentro del gobierno le impidieron esa posibilidad.<\/p>\n<p style=\"text-align: justify;\">Carlos Mart\u00ednez Vel\u00e1zquez: experto en regulaci\u00f3n y competencia econ\u00f3mica, el tlaxcalteca form\u00f3 parte en el equipo de transici\u00f3n de Desarrollo Agrario, Territorial y Urbano una vez que L\u00f3pez Obrador gan\u00f3 la elecci\u00f3n presidencial en 2018. El 14 de diciembre de ese a\u00f1o fue propuesto por el presidente para ocupar la direcci\u00f3n general del Instituto del Fondo Nacional de la Vivienda para los Trabajadores (Infonavit). Fue ratificado, sin mayor problema, por la Asamblea General de esa instituci\u00f3n.<\/p>\n<p style=\"text-align: justify;\">Marco Antonio Mena Rodr\u00edguez: En una carrera mete\u00f3rica dentro del Partido Revolucionario Institucional (PRI) que le hizo llegar en 2016 a la gubernatura de Tlaxcala, en agosto de 2023 arrib\u00f3 a la direcci\u00f3n de la Loter\u00eda Nacional para la Asistencia P\u00fablica, invitado por el presidente Andr\u00e9s Manuel L\u00f3pez Obrador. Durante un par de a\u00f1os se supo poco de \u00e9l, pero poco despu\u00e9s de su estruendosa diferencia con el ahora dirigente nacional priista, Alejandro C\u00e1rdenas, fue invitado al gabinete federal. Fue uno de los gobernadores que, concluido su mandato en la gubernatura, fue premiado en un cargo p\u00fablico por el tabasque\u00f1o. En sus alforjas pol\u00edticas carga con acusaciones de traici\u00f3n, incluso por quien fue su principal impulsor a la candidatura priista en 2016, Mariano Gonz\u00e1lez Zarur.<\/p>\n<p style=\"text-align: justify;\">Alfonso S\u00e1nchez Anaya: El ex mandatario estatal ha sido uno de los principales seguidores de L\u00f3pez Obrador desde que \u00e9ste estaba en las filas del Partido de la Revoluci\u00f3n Democr\u00e1tica (PRD). Durante un tiempo se dio un distanciamiento entre ambos, pero la relaci\u00f3n volvi\u00f3 por buen camino cuando fue incorporado a la Secretar\u00eda de Gobernaci\u00f3n. Dese su salida cuando Ad\u00e1n Augusto L\u00f3pez se hizo cargo de esa dependencia, su actividad pol\u00edtica se centr\u00f3 exclusivamente en el estado, forjando una importante alianza con la gobernadora Lorena Cu\u00e9llar Cisneros. Hoy es el principal impulsor de la carrera pol\u00edtica de su hijo, Alfonso S\u00e1nchez Garc\u00eda, rumbo a la definici\u00f3n de la candidatura a la gubernatura en 2027.<\/p>\n<p style=\"text-align: justify;\">Dulce Silva Hern\u00e1ndez: la diputada federal ha tenido una incesante actividad dentro de Morena, sobre todo en 2021 al aspirar y buscar la candidatura de este instituto pol\u00edtico al gobierno del estado. Su matrimonio con C\u00e9sar Ya\u00f1ez Centeno Cabrera, ex colaborador de L\u00f3pez Obrador y hoy coordinador de giras de la virtual presidenta electa, Claudia Sheinbaum Pardo, le da los focos necesarios para mantenerla como una pol\u00edtica que podr\u00eda hacerle recobrar brillo en la coyuntura de las pr\u00f3ximas elecciones federales y locales.<\/p>\n<p style=\"text-align: justify;\">Roberto Salcedo Aquino: Nacido en la Ciudad de M\u00e9xico en 1943, es el actual titular de la Secretar\u00eda de la Funci\u00f3n P\u00fablica. Aunque no es tlaxcalteca, el presidente lo mencion\u00f3 como tal recordando que es hermano del obispo Julio C\u00e9sar Salcedo Aquino. Su carrera no ha sido cercana a Tlaxcala.<\/p>\n","protected":false},"excerpt":{"rendered":"<p>Arturo POP\u00d3CATL\/ Varios fueron los nombres de pol\u00edticas y pol\u00edticos tlaxcaltecas que el presidente Andr\u00e9s Manuel L\u00f3pez Obrador mencion\u00f3 en su discurso del pasado domingo en el municipio de Yauhquemehcan, durante su visita de trabajo al estado de Tlaxcala. Esos nombres son las mujeres y los hombres que han acompa\u00f1ado al presidente durante su sexenio. [&hellip;]<\/p>\n","protected":false},"author":3,"featured_media":29728,"comment_status":"open","ping_status":"open","sticky":false,"template":"","format":"standard","meta":{"footnotes":""},"categories":[12],"tags":[],"class_list":["post-29727","post","type-post","status-publish","format-standard","has-post-thumbnail","hentry","category-brujula-2026"],"amp_enabled":true,"_links":{"self":[{"href":"https:\/\/labestiapolitica.com.mx\/index.php?rest_route=\/wp\/v2\/posts\/29727","targetHints":{"allow":["GET"]}}],"collection":[{"href":"https:\/\/labestiapolitica.com.mx\/index.php?rest_route=\/wp\/v2\/posts"}],"about":[{"href":"https:\/\/labestiapolitica.com.mx\/index.php?rest_route=\/wp\/v2\/types\/post"}],"author":[{"embeddable":true,"href":"https:\/\/labestiapolitica.com.mx\/index.php?rest_route=\/wp\/v2\/users\/3"}],"replies":[{"embeddable":true,"href":"https:\/\/labestiapolitica.com.mx\/index.php?rest_route=%2Fwp%2Fv2%2Fcomments&post=29727"}],"version-history":[{"count":4,"href":"https:\/\/labestiapolitica.com.mx\/index.php?rest_route=\/wp\/v2\/posts\/29727\/revisions"}],"predecessor-version":[{"id":29733,"href":"https:\/\/labestiapolitica.com.mx\/index.php?rest_route=\/wp\/v2\/posts\/29727\/revisions\/29733"}],"wp:featuredmedia":[{"embeddable":true,"href":"https:\/\/labestiapolitica.com.mx\/index.php?rest_route=\/wp\/v2\/media\/29728"}],"wp:attachment":[{"href":"https:\/\/labestiapolitica.com.mx\/index.php?rest_route=%2Fwp%2Fv2%2Fmedia&parent=29727"}],"wp:term":[{"taxonomy":"category","embeddable":true,"href":"https:\/\/labestiapolitica.com.mx\/index.php?rest_route=%2Fwp%2Fv2%2Fcategories&post=29727"},{"taxonomy":"post_tag","embeddable":true,"href":"https:\/\/labestiapolitica.com.mx\/index.php?rest_route=%2Fwp%2Fv2%2Ftags&post=29727"}],"curies":[{"name":"wp","href":"https:\/\/api.w.org\/{rel}","templated":true}]}}