{"id":29788,"date":"2024-07-26T14:33:55","date_gmt":"2024-07-26T20:33:55","guid":{"rendered":"https:\/\/labestiapolitica.com.mx\/?p=29788"},"modified":"2024-07-28T11:10:40","modified_gmt":"2024-07-28T17:10:40","slug":"cronica-de-una-designacion-anunciada-ernestina-carro-roldan-nueva-titular-de-la-fiscalia-general-de-justicia-de-tlaxcala","status":"publish","type":"post","link":"https:\/\/labestiapolitica.com.mx\/?p=29788","title":{"rendered":"Cr\u00f3nica de una designaci\u00f3n anunciada: Ernestina Carro Rold\u00e1n nueva titular de la Fiscal\u00eda General de Justicia de Tlaxcala"},"content":{"rendered":"<div class=\"q-content__info\">\n<div id=\"gutenslider-735h45akt\" class=\"wp-block-eedee-block-gutenslider gs-frontend content-change alignnone arrow-style-1 arrow-position-sides arrow-mb-none arrows-lg arrows-md arrows-sm dot-style-1 dots-lg dots-md dots-sm dot-position-bottom is-position-center-center mb-none wrap-auto-height fixed-height slides-number gs-finished-controls gs-finished-layout\" data-parallax-direction=\"down\" data-parallax-amount=\"1.3\" data-lg-transition=\"lg-slide\" data-hash=\"\">\n<div class=\"eedee-swiper-outer\">\n<div class=\"swiper swiper-initialized swiper-horizontal swiper-watch-progress swiper-backface-hidden\" data-settings=\"{&quot;autoplay&quot;:{&quot;delay&quot;:3000,&quot;pauseOnMouseEnter&quot;:true,&quot;disableOnInteraction&quot;:false},&quot;speed&quot;:700,&quot;direction&quot;:&quot;horizontal&quot;,&quot;autoHeight&quot;:&quot;&quot;,&quot;loop&quot;:true,&quot;centeredSlides&quot;:true,&quot;spaceBetween&quot;:0,&quot;slidesPerView&quot;:1,&quot;slidesPerGroup&quot;:1,&quot;effect&quot;:&quot;slide&quot;,&quot;coverflowEffect&quot;:{&quot;rotate&quot;:30,&quot;slideShadows&quot;:false,&quot;depth&quot;:100,&quot;stretch&quot;:50,&quot;modifier&quot;:1},&quot;fadeEffect&quot;:{&quot;crossFade&quot;:true},&quot;zoom&quot;:&quot;&quot;,&quot;navigation&quot;:{&quot;nextEl&quot;:&quot;#gutenslider-735h45akt .eedee-gutenslider-next&quot;,&quot;prevEl&quot;:&quot;#gutenslider-735h45akt .eedee-gutenslider-prev&quot;},&quot;pagination&quot;:{&quot;type&quot;:&quot;bullets&quot;,&quot;clickable&quot;:true,&quot;dynamicBullets&quot;:false,&quot;el&quot;:&quot;#gutenslider-735h45akt .eedee-gutenslider-pagination&quot;},&quot;pauseOnHover&quot;:&quot;1&quot;,&quot;watchSlidesProgress&quot;:true,&quot;watchSlidesVisibility&quot;:true,&quot;settingsMd&quot;:{&quot;autoHeight&quot;:&quot;&quot;,&quot;slidesPerView&quot;:1,&quot;slidesPerGroup&quot;:1,&quot;spaceBetween&quot;:0,&quot;loop&quot;:true},&quot;settingsLg&quot;:{&quot;autoHeight&quot;:&quot;&quot;,&quot;slidesPerView&quot;:1,&quot;slidesPerGroup&quot;:1,&quot;spaceBetween&quot;:0,&quot;loop&quot;:true},&quot;hasLg&quot;:false,&quot;hasLgCounter&quot;:true,&quot;isFullScreen&quot;:false,&quot;arrowsFollowMouse&quot;:false,&quot;lgTitle&quot;:&quot;none&quot;,&quot;lgCaption&quot;:&quot;none&quot;,&quot;lgThumbnails&quot;:true,&quot;lgZoomEnabled&quot;:false,&quot;keyboard&quot;:{&quot;keyboard&quot;:{&quot;enabled&quot;:true,&quot;onlyInViewport&quot;:true}},&quot;hashNavigation&quot;:false,&quot;dividers&quot;:false}\">\n<div id=\"swiper-wrapper-fce2afa941e360db\" class=\"swiper-wrapper\" aria-live=\"off\">\n<div class=\"swiper-slide wp-block-eedee-block-gutenslide is-position-center-center ed-bg-image\" role=\"group\" data-hash=\"gutenslider-735h45akt-3\" data-lg-image-idx=\"2\" aria-label=\"3 \/ 8\" data-swiper-slide-index=\"2\">\n<div class=\"eedee-background-div bg-image\" style=\"text-align: justify;\">Fabiola M\u00c1RQUEZ\/Ernestina Carro Rold\u00e1n ha sido designada como la nueva titular de la Fiscal\u00eda General de Justicia de Tlaxcala, un cargo que ocupar\u00e1 desde 2024 hasta 2031. Esta designaci\u00f3n se logr\u00f3 despu\u00e9s de una evaluaci\u00f3n llevada a cabo por expertos en derecho externos al estado, en presencia del pleno del Congreso de Tlaxcala.<\/div>\n<div><\/div>\n<div class=\"eedee-background-div bg-image\" style=\"text-align: justify;\">Carro Rold\u00e1n destac\u00f3 al obtener 84 sobre 100 puntos en el examen de oposici\u00f3n, la puntuaci\u00f3n m\u00e1s alta entre los candidatos.<\/div>\n<div>\n<p style=\"text-align: justify;\">El proceso de selecci\u00f3n culmin\u00f3 este viernes, cuando Ernestina Carro Rold\u00e1n prest\u00f3 juramento en una sesi\u00f3n extraordinaria ante los miembros de la 64 Legislatura local, formalizando su nombramiento. El camino hacia esta designaci\u00f3n comenz\u00f3 el pasado martes 23 de julio, durante una sesi\u00f3n extraordinaria en la que los diputados de la 64 Legislatura local encabezaron los ex\u00e1menes de oposici\u00f3n de la terna propuesta por la gobernadora Lorena Cu\u00e9llar Cisneros. La terna inclu\u00eda a Soledad Reyes Zambrano, Jos\u00e9 Eduardo Morales S\u00e1nchez y Ernestina Carro Rold\u00e1n.<\/p>\n<p>El diputado Fabricio Mena Rodr\u00edguez explic\u00f3 que la evaluaci\u00f3n de los candidatos se bas\u00f3 en cinco \u00e1reas fundamentales:<\/p>\n<ol>\n<li><strong>Conocimiento del cargo y sus responsabilidades<\/strong>.<\/li>\n<li><strong>Experiencia y trayectoria profesional<\/strong>.<\/li>\n<li><strong>Conocimientos t\u00e9cnicos y espec\u00edficos<\/strong>.<\/li>\n<li><strong>Conocimiento sobre las atribuciones y competencias de la Fiscal\u00eda<\/strong>.<\/li>\n<\/ol>\n<p>Cada \u00e1rea ten\u00eda un valor m\u00e1ximo de 25 puntos, sumando un total de 100 puntos posibles.<\/p>\n<p><strong>Resultados de la Evaluaci\u00f3n<\/strong><\/p>\n<p>Los resultados fueron revelados por el diputado Mena Rodr\u00edguez:<\/p>\n<ul>\n<li>Soledad Reyes Zambrano obtuvo 70 puntos.<\/li>\n<li>Jos\u00e9 Eduardo Morales S\u00e1nchez alcanz\u00f3 77 puntos.<\/li>\n<li>Ernestina Carro Rold\u00e1n logr\u00f3 la puntuaci\u00f3n m\u00e1s alta con 84 puntos, de acuerdo con la evaluaci\u00f3n de los especialistas Sergio Amaro, Miriam Garc\u00eda y Luis Felipe G\u00f3mez Mont P\u00e9rez.<\/li>\n<\/ul>\n<p><strong>Desaf\u00edos y Compromisos<\/strong><\/p>\n<p style=\"text-align: justify;\">Con su nombramiento, Ernestina Carro Rold\u00e1n enfrenta el reto de liderar la Fiscal\u00eda General de Justicia de Tlaxcala con el objetivo de fortalecer el sistema de justicia en el estado durante los pr\u00f3ximos siete a\u00f1os. Su designaci\u00f3n no solo reconoce su trayectoria y capacidades, sino que tambi\u00e9n representa una esperanza renovada para la justicia y la legalidad en Tlaxcala. Carro Rold\u00e1n se comprometi\u00f3 a trabajar arduamente para garantizar la imparcialidad, la transparencia y la eficacia en la administraci\u00f3n de justicia en el estado.<\/p>\n<p><strong>Perspectivas Futuras<\/strong><\/p>\n<p style=\"text-align: justify;\">La nueva fiscal ha manifestado su intenci\u00f3n de implementar reformas significativas y de colaborar estrechamente con otras instituciones para mejorar la seguridad y la justicia en Tlaxcala. Su liderazgo ser\u00e1 crucial para enfrentar los desaf\u00edos actuales del estado, y su designaci\u00f3n ha sido recibida con expectativas de cambios positivos en la gesti\u00f3n de la justicia.<\/p>\n<p style=\"text-align: justify;\">Ernestina Carro Rold\u00e1n asume este importante cargo en un momento cr\u00edtico para Tlaxcala, con la promesa de un compromiso renovado con la justicia y la legalidad, y con la esperanza de fortalecer la confianza de la ciudadan\u00eda en las instituciones judiciales del estado.<\/p>\n<\/div>\n<div><\/div>\n<\/div>\n<\/div>\n<\/div>\n<p>&nbsp;<\/p>\n<\/div>\n<\/div>\n<\/div>\n","protected":false},"excerpt":{"rendered":"<p>Fabiola M\u00c1RQUEZ\/Ernestina Carro Rold\u00e1n ha sido designada como la nueva titular de la Fiscal\u00eda General de Justicia de Tlaxcala, un cargo que ocupar\u00e1 desde 2024 hasta 2031. Esta designaci\u00f3n se logr\u00f3 despu\u00e9s de una evaluaci\u00f3n llevada a cabo por expertos en derecho externos al estado, en presencia del pleno del Congreso de Tlaxcala. Carro Rold\u00e1n [&hellip;]<\/p>\n","protected":false},"author":3,"featured_media":29789,"comment_status":"open","ping_status":"open","sticky":false,"template":"","format":"standard","meta":{"footnotes":""},"categories":[12],"tags":[],"class_list":["post-29788","post","type-post","status-publish","format-standard","has-post-thumbnail","hentry","category-brujula-2026"],"amp_enabled":true,"_links":{"self":[{"href":"https:\/\/labestiapolitica.com.mx\/index.php?rest_route=\/wp\/v2\/posts\/29788","targetHints":{"allow":["GET"]}}],"collection":[{"href":"https:\/\/labestiapolitica.com.mx\/index.php?rest_route=\/wp\/v2\/posts"}],"about":[{"href":"https:\/\/labestiapolitica.com.mx\/index.php?rest_route=\/wp\/v2\/types\/post"}],"author":[{"embeddable":true,"href":"https:\/\/labestiapolitica.com.mx\/index.php?rest_route=\/wp\/v2\/users\/3"}],"replies":[{"embeddable":true,"href":"https:\/\/labestiapolitica.com.mx\/index.php?rest_route=%2Fwp%2Fv2%2Fcomments&post=29788"}],"version-history":[{"count":1,"href":"https:\/\/labestiapolitica.com.mx\/index.php?rest_route=\/wp\/v2\/posts\/29788\/revisions"}],"predecessor-version":[{"id":29791,"href":"https:\/\/labestiapolitica.com.mx\/index.php?rest_route=\/wp\/v2\/posts\/29788\/revisions\/29791"}],"wp:featuredmedia":[{"embeddable":true,"href":"https:\/\/labestiapolitica.com.mx\/index.php?rest_route=\/wp\/v2\/media\/29789"}],"wp:attachment":[{"href":"https:\/\/labestiapolitica.com.mx\/index.php?rest_route=%2Fwp%2Fv2%2Fmedia&parent=29788"}],"wp:term":[{"taxonomy":"category","embeddable":true,"href":"https:\/\/labestiapolitica.com.mx\/index.php?rest_route=%2Fwp%2Fv2%2Fcategories&post=29788"},{"taxonomy":"post_tag","embeddable":true,"href":"https:\/\/labestiapolitica.com.mx\/index.php?rest_route=%2Fwp%2Fv2%2Ftags&post=29788"}],"curies":[{"name":"wp","href":"https:\/\/api.w.org\/{rel}","templated":true}]}}