{"id":30444,"date":"2024-08-28T11:31:40","date_gmt":"2024-08-28T17:31:40","guid":{"rendered":"https:\/\/labestiapolitica.com.mx\/?p=30444"},"modified":"2024-08-28T11:31:40","modified_gmt":"2024-08-28T17:31:40","slug":"accidente-de-trailer-en-y-griega-tlaxcala","status":"publish","type":"post","link":"https:\/\/labestiapolitica.com.mx\/?p=30444","title":{"rendered":"Accidente de tr\u00e1iler en Y Griega, Tlaxcala"},"content":{"rendered":"<p style=\"text-align: justify;\">Un tr\u00e1iler se accident\u00f3 en la carretera M\u00e9xico-Veracruz, a la altura Yauhquemehcan, Se reporta caos vial y cierre temporal de la v\u00eda. Se recomienda precauci\u00f3n y rutas alternas. La causa se investiga.<\/p>\n<p style=\"text-align: justify;\">El accidente tambi\u00e9n involucra a una camioneta gris tipo Journey.<\/p>\n<p>No se reportan lesionados pero s\u00ed derrame de combustible.<\/p>\n<p>&nbsp;<\/p>\n<p style=\"text-align: justify;\"><img loading=\"lazy\" decoding=\"async\" class=\"alignnone size-full wp-image-30449\" src=\"https:\/\/labestiapolitica.com.mx\/wp-content\/uploads\/2024\/08\/17-1.png\" alt=\"\" width=\"3125\" height=\"1875\" srcset=\"https:\/\/labestiapolitica.com.mx\/wp-content\/uploads\/2024\/08\/17-1.png 3125w, https:\/\/labestiapolitica.com.mx\/wp-content\/uploads\/2024\/08\/17-1-300x180.png 300w, https:\/\/labestiapolitica.com.mx\/wp-content\/uploads\/2024\/08\/17-1-1024x614.png 1024w, https:\/\/labestiapolitica.com.mx\/wp-content\/uploads\/2024\/08\/17-1-768x461.png 768w, https:\/\/labestiapolitica.com.mx\/wp-content\/uploads\/2024\/08\/17-1-1536x922.png 1536w, https:\/\/labestiapolitica.com.mx\/wp-content\/uploads\/2024\/08\/17-1-2048x1229.png 2048w\" sizes=\"auto, (max-width: 3125px) 100vw, 3125px\" \/> <img loading=\"lazy\" decoding=\"async\" class=\"alignnone size-full wp-image-30448\" src=\"https:\/\/labestiapolitica.com.mx\/wp-content\/uploads\/2024\/08\/16-2.png\" alt=\"\" width=\"3125\" height=\"1875\" srcset=\"https:\/\/labestiapolitica.com.mx\/wp-content\/uploads\/2024\/08\/16-2.png 3125w, https:\/\/labestiapolitica.com.mx\/wp-content\/uploads\/2024\/08\/16-2-300x180.png 300w, https:\/\/labestiapolitica.com.mx\/wp-content\/uploads\/2024\/08\/16-2-1024x614.png 1024w, https:\/\/labestiapolitica.com.mx\/wp-content\/uploads\/2024\/08\/16-2-768x461.png 768w, https:\/\/labestiapolitica.com.mx\/wp-content\/uploads\/2024\/08\/16-2-1536x922.png 1536w, https:\/\/labestiapolitica.com.mx\/wp-content\/uploads\/2024\/08\/16-2-2048x1229.png 2048w\" sizes=\"auto, (max-width: 3125px) 100vw, 3125px\" \/> <img loading=\"lazy\" decoding=\"async\" class=\"alignnone size-full wp-image-30447\" src=\"https:\/\/labestiapolitica.com.mx\/wp-content\/uploads\/2024\/08\/15-3.png\" alt=\"\" width=\"3125\" height=\"1875\" srcset=\"https:\/\/labestiapolitica.com.mx\/wp-content\/uploads\/2024\/08\/15-3.png 3125w, https:\/\/labestiapolitica.com.mx\/wp-content\/uploads\/2024\/08\/15-3-300x180.png 300w, https:\/\/labestiapolitica.com.mx\/wp-content\/uploads\/2024\/08\/15-3-1024x614.png 1024w, https:\/\/labestiapolitica.com.mx\/wp-content\/uploads\/2024\/08\/15-3-768x461.png 768w, https:\/\/labestiapolitica.com.mx\/wp-content\/uploads\/2024\/08\/15-3-1536x922.png 1536w, https:\/\/labestiapolitica.com.mx\/wp-content\/uploads\/2024\/08\/15-3-2048x1229.png 2048w\" sizes=\"auto, (max-width: 3125px) 100vw, 3125px\" \/> <img loading=\"lazy\" decoding=\"async\" class=\"alignnone size-full wp-image-30446\" src=\"https:\/\/labestiapolitica.com.mx\/wp-content\/uploads\/2024\/08\/14-3.png\" alt=\"\" width=\"3125\" height=\"1875\" srcset=\"https:\/\/labestiapolitica.com.mx\/wp-content\/uploads\/2024\/08\/14-3.png 3125w, https:\/\/labestiapolitica.com.mx\/wp-content\/uploads\/2024\/08\/14-3-300x180.png 300w, https:\/\/labestiapolitica.com.mx\/wp-content\/uploads\/2024\/08\/14-3-1024x614.png 1024w, https:\/\/labestiapolitica.com.mx\/wp-content\/uploads\/2024\/08\/14-3-768x461.png 768w, https:\/\/labestiapolitica.com.mx\/wp-content\/uploads\/2024\/08\/14-3-1536x922.png 1536w, https:\/\/labestiapolitica.com.mx\/wp-content\/uploads\/2024\/08\/14-3-2048x1229.png 2048w\" sizes=\"auto, (max-width: 3125px) 100vw, 3125px\" \/><\/p>\n<p style=\"text-align: justify;\">\n","protected":false},"excerpt":{"rendered":"<p>Un tr\u00e1iler se accident\u00f3 en la carretera M\u00e9xico-Veracruz, a la altura Yauhquemehcan, Se reporta caos vial y cierre temporal de la v\u00eda. Se recomienda precauci\u00f3n y rutas alternas. La causa se investiga. El accidente tambi\u00e9n involucra a una camioneta gris tipo Journey. No se reportan lesionados pero s\u00ed derrame de combustible. &nbsp;<\/p>\n","protected":false},"author":3,"featured_media":30445,"comment_status":"open","ping_status":"open","sticky":false,"template":"","format":"standard","meta":{"footnotes":""},"categories":[212],"tags":[],"class_list":["post-30444","post","type-post","status-publish","format-standard","has-post-thumbnail","hentry","category-la-roja-bestial"],"amp_enabled":true,"_links":{"self":[{"href":"https:\/\/labestiapolitica.com.mx\/index.php?rest_route=\/wp\/v2\/posts\/30444","targetHints":{"allow":["GET"]}}],"collection":[{"href":"https:\/\/labestiapolitica.com.mx\/index.php?rest_route=\/wp\/v2\/posts"}],"about":[{"href":"https:\/\/labestiapolitica.com.mx\/index.php?rest_route=\/wp\/v2\/types\/post"}],"author":[{"embeddable":true,"href":"https:\/\/labestiapolitica.com.mx\/index.php?rest_route=\/wp\/v2\/users\/3"}],"replies":[{"embeddable":true,"href":"https:\/\/labestiapolitica.com.mx\/index.php?rest_route=%2Fwp%2Fv2%2Fcomments&post=30444"}],"version-history":[{"count":1,"href":"https:\/\/labestiapolitica.com.mx\/index.php?rest_route=\/wp\/v2\/posts\/30444\/revisions"}],"predecessor-version":[{"id":30450,"href":"https:\/\/labestiapolitica.com.mx\/index.php?rest_route=\/wp\/v2\/posts\/30444\/revisions\/30450"}],"wp:featuredmedia":[{"embeddable":true,"href":"https:\/\/labestiapolitica.com.mx\/index.php?rest_route=\/wp\/v2\/media\/30445"}],"wp:attachment":[{"href":"https:\/\/labestiapolitica.com.mx\/index.php?rest_route=%2Fwp%2Fv2%2Fmedia&parent=30444"}],"wp:term":[{"taxonomy":"category","embeddable":true,"href":"https:\/\/labestiapolitica.com.mx\/index.php?rest_route=%2Fwp%2Fv2%2Fcategories&post=30444"},{"taxonomy":"post_tag","embeddable":true,"href":"https:\/\/labestiapolitica.com.mx\/index.php?rest_route=%2Fwp%2Fv2%2Ftags&post=30444"}],"curies":[{"name":"wp","href":"https:\/\/api.w.org\/{rel}","templated":true}]}}