{"id":30490,"date":"2024-08-29T14:14:09","date_gmt":"2024-08-29T20:14:09","guid":{"rendered":"https:\/\/labestiapolitica.com.mx\/?p=30490"},"modified":"2024-08-29T14:14:09","modified_gmt":"2024-08-29T20:14:09","slug":"conductor-herido-en-ataque-armado-en-nanacamilpa-tras-intento-de-asalto","status":"publish","type":"post","link":"https:\/\/labestiapolitica.com.mx\/?p=30490","title":{"rendered":"Conductor herido en ataque armado en Nanacamilpa tras intento de asalto"},"content":{"rendered":"<p>Conductor herido en ataque armado en Nanacamilpa tras intento de asalto<\/p>\n<p>Alexis P. Gonz\u00e1lez<\/p>\n<p>Jos\u00e9 N., de 27 a\u00f1os, recibi\u00f3 un disparo en el brazo mientras conduc\u00eda en la entrada de Francisco I. Madero, en Nanacamilpa casi esquina con la carretera federal M\u00e9xico-Veracruz, durante la noche de ayer, aparentemente al ser v\u00edctima de un intento de asalto.<\/p>\n<p>El joven conduc\u00eda una camioneta Ford F350 cuando otra m\u00e1s, tipo pick-up de color azul marino, se emparej\u00f3 con la v\u00edctima y, al no detenerse, le dispararon en varias ocasiones.<\/p>\n<p>El joven sigui\u00f3 su camino y pidi\u00f3 apoyo en la gasolinera de Las Gemelas, a la altura de Calpulalpan, donde elementos de la Guardia Nacional y param\u00e9dicos de Protecci\u00f3n Civil lo auxiliaron, para luego ser trasladado al hospital, donde permanece en observaci\u00f3n con un impacto de bala en el brazo.<\/p>\n<p>En tanto, su unidad recibi\u00f3 al menos tres impactos por arma de fuego, por lo que la Fiscal\u00eda General de Justicia del Estado tom\u00f3 conocimiento, entrevist\u00f3 al herido y levant\u00f3 una denuncia.<\/p>\n<p>El joven chofer, originario del Estado de M\u00e9xico, ven\u00eda de Ciudad Victoria con direcci\u00f3n a Ecatepec a dejar la camioneta a su patr\u00f3n, cuando sucedieron\u00a0los\u00a0hechos.<img loading=\"lazy\" decoding=\"async\" class=\"alignnone size-full wp-image-30492\" src=\"https:\/\/labestiapolitica.com.mx\/wp-content\/uploads\/2024\/08\/19-1.png\" alt=\"\" width=\"3125\" height=\"1875\" srcset=\"https:\/\/labestiapolitica.com.mx\/wp-content\/uploads\/2024\/08\/19-1.png 3125w, https:\/\/labestiapolitica.com.mx\/wp-content\/uploads\/2024\/08\/19-1-300x180.png 300w, https:\/\/labestiapolitica.com.mx\/wp-content\/uploads\/2024\/08\/19-1-1024x614.png 1024w, https:\/\/labestiapolitica.com.mx\/wp-content\/uploads\/2024\/08\/19-1-768x461.png 768w, https:\/\/labestiapolitica.com.mx\/wp-content\/uploads\/2024\/08\/19-1-1536x922.png 1536w, https:\/\/labestiapolitica.com.mx\/wp-content\/uploads\/2024\/08\/19-1-2048x1229.png 2048w\" sizes=\"auto, (max-width: 3125px) 100vw, 3125px\" \/> <img loading=\"lazy\" decoding=\"async\" class=\"alignnone size-full wp-image-30491\" src=\"https:\/\/labestiapolitica.com.mx\/wp-content\/uploads\/2024\/08\/18.png\" alt=\"\" width=\"3125\" height=\"1875\" srcset=\"https:\/\/labestiapolitica.com.mx\/wp-content\/uploads\/2024\/08\/18.png 3125w, https:\/\/labestiapolitica.com.mx\/wp-content\/uploads\/2024\/08\/18-300x180.png 300w, https:\/\/labestiapolitica.com.mx\/wp-content\/uploads\/2024\/08\/18-1024x614.png 1024w, https:\/\/labestiapolitica.com.mx\/wp-content\/uploads\/2024\/08\/18-768x461.png 768w, https:\/\/labestiapolitica.com.mx\/wp-content\/uploads\/2024\/08\/18-1536x922.png 1536w, https:\/\/labestiapolitica.com.mx\/wp-content\/uploads\/2024\/08\/18-2048x1229.png 2048w\" sizes=\"auto, (max-width: 3125px) 100vw, 3125px\" \/><\/p>\n","protected":false},"excerpt":{"rendered":"<p>Conductor herido en ataque armado en Nanacamilpa tras intento de asalto Alexis P. Gonz\u00e1lez Jos\u00e9 N., de 27 a\u00f1os, recibi\u00f3 un disparo en el brazo mientras conduc\u00eda en la entrada de Francisco I. Madero, en Nanacamilpa casi esquina con la carretera federal M\u00e9xico-Veracruz, durante la noche de ayer, aparentemente al ser v\u00edctima de un intento [&hellip;]<\/p>\n","protected":false},"author":3,"featured_media":30493,"comment_status":"open","ping_status":"open","sticky":false,"template":"","format":"standard","meta":{"footnotes":""},"categories":[212],"tags":[],"class_list":["post-30490","post","type-post","status-publish","format-standard","has-post-thumbnail","hentry","category-la-roja-bestial"],"amp_enabled":true,"_links":{"self":[{"href":"https:\/\/labestiapolitica.com.mx\/index.php?rest_route=\/wp\/v2\/posts\/30490","targetHints":{"allow":["GET"]}}],"collection":[{"href":"https:\/\/labestiapolitica.com.mx\/index.php?rest_route=\/wp\/v2\/posts"}],"about":[{"href":"https:\/\/labestiapolitica.com.mx\/index.php?rest_route=\/wp\/v2\/types\/post"}],"author":[{"embeddable":true,"href":"https:\/\/labestiapolitica.com.mx\/index.php?rest_route=\/wp\/v2\/users\/3"}],"replies":[{"embeddable":true,"href":"https:\/\/labestiapolitica.com.mx\/index.php?rest_route=%2Fwp%2Fv2%2Fcomments&post=30490"}],"version-history":[{"count":1,"href":"https:\/\/labestiapolitica.com.mx\/index.php?rest_route=\/wp\/v2\/posts\/30490\/revisions"}],"predecessor-version":[{"id":30494,"href":"https:\/\/labestiapolitica.com.mx\/index.php?rest_route=\/wp\/v2\/posts\/30490\/revisions\/30494"}],"wp:featuredmedia":[{"embeddable":true,"href":"https:\/\/labestiapolitica.com.mx\/index.php?rest_route=\/wp\/v2\/media\/30493"}],"wp:attachment":[{"href":"https:\/\/labestiapolitica.com.mx\/index.php?rest_route=%2Fwp%2Fv2%2Fmedia&parent=30490"}],"wp:term":[{"taxonomy":"category","embeddable":true,"href":"https:\/\/labestiapolitica.com.mx\/index.php?rest_route=%2Fwp%2Fv2%2Fcategories&post=30490"},{"taxonomy":"post_tag","embeddable":true,"href":"https:\/\/labestiapolitica.com.mx\/index.php?rest_route=%2Fwp%2Fv2%2Ftags&post=30490"}],"curies":[{"name":"wp","href":"https:\/\/api.w.org\/{rel}","templated":true}]}}