{"id":30841,"date":"2024-09-23T13:20:29","date_gmt":"2024-09-23T19:20:29","guid":{"rendered":"https:\/\/labestiapolitica.com.mx\/?p=30841"},"modified":"2024-09-24T11:26:38","modified_gmt":"2024-09-24T17:26:38","slug":"opinion-el-delfin-llamado-alfonso-sanchez-garcia","status":"publish","type":"post","link":"https:\/\/labestiapolitica.com.mx\/?p=30841","title":{"rendered":"Opini\u00f3n&#8230;El delf\u00edn llamado Alfonso S\u00e1nchez Garc\u00eda"},"content":{"rendered":"<p style=\"text-align: justify;\">Arturo Pop\u00f3catl.<br \/>\nSin fichas suficientes para enfrentar con el mejor \u00e9xito posible su sucesi\u00f3n, todo indica que la gobernadora Lorena Cu\u00e9llar Cisneros ha decidido dar su respaldo a favor de Alfonso S\u00e1nchez Garc\u00eda, el alcalde capitalino que en los pr\u00f3ximos dos a\u00f1os y medio deber\u00e1 mostrar que es capaz de ser el candidato del Partido Movimiento de Regeneraci\u00f3n Nacional (Morena) a la gubernatura.<br \/>\nNo se trata solamente de hacer una buena gesti\u00f3n al frente del ayuntamiento, sino de hacer el necesario trabajo pol\u00edtico para hacerse, desde esa posici\u00f3n, del mayor n\u00famero de adeptos que impulsen su eventual candidatura al gobierno del estado.<br \/>\nIncluso dentro del equipo compacto de la mandataria estatal, S\u00e1nchez Garc\u00eda no cuenta con las mejores simpat\u00edas. Eso se evidenci\u00f3 en la disputa de las candidaturas que estuvieron en juego en el pasado proceso electoral, cuando el ahora presidente municipal buscaba ser abanderado al Senado de la Rep\u00fablica.<br \/>\nTuvo en el entonces secretario de Gobierno, Sergio Gonz\u00e1lez Hern\u00e1ndez, a su m\u00e1s ac\u00e9rrimo rival y cr\u00edtico. Hay razones que explicaban esa animadversi\u00f3n, la principal: ser hijo del ex gobernador Alfonso S\u00e1nchez Anaya, quien con su v\u00e1stago busca crear una oligarqu\u00eda gobernante.<br \/>\nEn septiembre de 2023 lo dijo bien la senadora Ana Lilia Rivera Rivera: la oligarqu\u00eda que representan unas cuentas familias. Esa oligarqu\u00eda a la que, sin decirlo expl\u00edcitamente, pertenece la misma gobernadora.<br \/>\nContra eso es lo que va a tener que luchar el alcalde Alfonso S\u00e1nchez Garc\u00eda: la imagen que \u00e9l tiene de representar una oligarqu\u00eda familiar que pretende seguir en el poder en Tlaxcala.<br \/>\nPor lo pronto, S\u00e1nchez Garc\u00eda cuenta ya con una aliada en su objetivo de alcanzar la candidatura al gobierno estatal, que es la misma gobernadora Lorena Cu\u00e9llar Cisneros, quien la semana pasada le otorg\u00f3 su respaldo en un acto p\u00fablico, durante la entrega de la nueva iluminaci\u00f3n arquitect\u00f3nica de la Parroquia de San Jos\u00e9.<br \/>\nUn respaldo as\u00ed no lo recibi\u00f3 el alcalde morenista anterior Jorge Corichi Fragoso ni el relevo de \u00e9ste, Maribel P\u00e9rez Arenas. La reprobaci\u00f3n de las dos cuentas p\u00fablicas del ayuntamiento de Tlaxcala, correspondientes a los ejercicios de 2022 y 2023, es la mejor prueba de ese distanciamiento pol\u00edtico que existi\u00f3 desde el principio.<br \/>\nSin embargo, ning\u00fan tipo de respaldo ser\u00e1 suficiente si Alfonso S\u00e1nchez Garc\u00eda no realiza una administraci\u00f3n exitosa. Ese trabajo ser\u00e1 su mejor carta credencial en busca de la candidatura en 2027.<br \/>\nAdem\u00e1s, debe ser consciente de que no es \u00e9l la persona favorita para obtener la candidatura morenista al gobierno estatal, pues en ese lugar se encuentra la senadora Ana Lilia Rivera Rivera, quien aparentemente cuenta con las simpat\u00edas de Claudia Sheinbaum Pardo.<br \/>\nEso mismo hace que Morena Tlaxcala tenga en el proceso sucesorio, su reto principal. Sin oposici\u00f3n enfrente, lo \u00fanico que puede hacer que Morena se vea debilitado es una fractura interna. Eso pas\u00f3 en el Revolucionario Institucional (PRI) y en Acci\u00f3n Nacional (PAN), y as\u00ed les fue en 1998 y en 2010.<br \/>\nEs sabido que la relaci\u00f3n pol\u00edtica entre la gobernadora Lorena Cu\u00e9llar y la senadora Ana Lilia Rivera no es la mejor. Esa puede ser una ventaja para S\u00e1nchez Garc\u00eda, quien, sin embargo, tiene que hacer su propio trabajo. El trampol\u00edn, que es la presidencia municipal de Tlaxcala, lo tiene, pero debe aprovecharlo y no caer en la mediocridad que mostr\u00f3 como titular de la Secretar\u00eda de Infraestructura. No la tiene f\u00e1cil, pero la candidatura de 2027 vale todo el esfuerzo.<\/p>\n<p><img loading=\"lazy\" decoding=\"async\" class=\"alignnone size-full wp-image-30807\" src=\"https:\/\/labestiapolitica.com.mx\/wp-content\/uploads\/2024\/09\/lorena-1-1.jpg\" alt=\"\" width=\"1000\" height=\"600\" srcset=\"https:\/\/labestiapolitica.com.mx\/wp-content\/uploads\/2024\/09\/lorena-1-1.jpg 1000w, https:\/\/labestiapolitica.com.mx\/wp-content\/uploads\/2024\/09\/lorena-1-1-300x180.jpg 300w, https:\/\/labestiapolitica.com.mx\/wp-content\/uploads\/2024\/09\/lorena-1-1-768x461.jpg 768w\" sizes=\"auto, (max-width: 1000px) 100vw, 1000px\" \/><\/p>\n","protected":false},"excerpt":{"rendered":"<p>Arturo Pop\u00f3catl. Sin fichas suficientes para enfrentar con el mejor \u00e9xito posible su sucesi\u00f3n, todo indica que la gobernadora Lorena Cu\u00e9llar Cisneros ha decidido dar su respaldo a favor de Alfonso S\u00e1nchez Garc\u00eda, el alcalde capitalino que en los pr\u00f3ximos dos a\u00f1os y medio deber\u00e1 mostrar que es capaz de ser el candidato del Partido [&hellip;]<\/p>\n","protected":false},"author":3,"featured_media":28634,"comment_status":"open","ping_status":"open","sticky":false,"template":"","format":"standard","meta":{"footnotes":""},"categories":[6],"tags":[],"class_list":["post-30841","post","type-post","status-publish","format-standard","has-post-thumbnail","hentry","category-opinion"],"amp_enabled":true,"_links":{"self":[{"href":"https:\/\/labestiapolitica.com.mx\/index.php?rest_route=\/wp\/v2\/posts\/30841","targetHints":{"allow":["GET"]}}],"collection":[{"href":"https:\/\/labestiapolitica.com.mx\/index.php?rest_route=\/wp\/v2\/posts"}],"about":[{"href":"https:\/\/labestiapolitica.com.mx\/index.php?rest_route=\/wp\/v2\/types\/post"}],"author":[{"embeddable":true,"href":"https:\/\/labestiapolitica.com.mx\/index.php?rest_route=\/wp\/v2\/users\/3"}],"replies":[{"embeddable":true,"href":"https:\/\/labestiapolitica.com.mx\/index.php?rest_route=%2Fwp%2Fv2%2Fcomments&post=30841"}],"version-history":[{"count":1,"href":"https:\/\/labestiapolitica.com.mx\/index.php?rest_route=\/wp\/v2\/posts\/30841\/revisions"}],"predecessor-version":[{"id":30842,"href":"https:\/\/labestiapolitica.com.mx\/index.php?rest_route=\/wp\/v2\/posts\/30841\/revisions\/30842"}],"wp:featuredmedia":[{"embeddable":true,"href":"https:\/\/labestiapolitica.com.mx\/index.php?rest_route=\/wp\/v2\/media\/28634"}],"wp:attachment":[{"href":"https:\/\/labestiapolitica.com.mx\/index.php?rest_route=%2Fwp%2Fv2%2Fmedia&parent=30841"}],"wp:term":[{"taxonomy":"category","embeddable":true,"href":"https:\/\/labestiapolitica.com.mx\/index.php?rest_route=%2Fwp%2Fv2%2Fcategories&post=30841"},{"taxonomy":"post_tag","embeddable":true,"href":"https:\/\/labestiapolitica.com.mx\/index.php?rest_route=%2Fwp%2Fv2%2Ftags&post=30841"}],"curies":[{"name":"wp","href":"https:\/\/api.w.org\/{rel}","templated":true}]}}