{"id":31453,"date":"2024-10-16T08:14:24","date_gmt":"2024-10-16T14:14:24","guid":{"rendered":"https:\/\/labestiapolitica.com.mx\/?p=31453"},"modified":"2024-10-16T08:14:24","modified_gmt":"2024-10-16T14:14:24","slug":"la-receta-del-doc-inseguridad-un-dolor-de-cabeza-para-apizaco","status":"publish","type":"post","link":"https:\/\/labestiapolitica.com.mx\/?p=31453","title":{"rendered":"La receta del Doc INSEGURIDAD, un \u201cdolor de cabeza\u201d para Apizaco"},"content":{"rendered":"<p style=\"text-align: justify;\">Ahora mismo que usted est\u00e1 leyendo esta columna muy probablemente un apizaquense est\u00e9 siendo v\u00edctima de un asalto, una extorsi\u00f3n o alg\u00fan hecho que est\u00e9 poniendo en riesgo su tranquilidad.<\/p>\n<p style=\"text-align: justify;\">Estamos conscientes que la inseguridad es un problema que vivimos todos los d\u00edas desde panoramas nacionales o regionales, pero Apizaco tiene particularidades que debemos considerar para comprender las probables causas que generan que todos los apizaquenses tengamos al menos una experiencia personal o familiar para platicar derivado de la inseguridad, siendo el robo (a comercios, de veh\u00edculos y de casa-habitaci\u00f3n) el delito que se presenta con mayor frecuencia.<\/p>\n<p style=\"text-align: justify;\">Aqu\u00ed algunos datos para que \u201cse pongan las pilas\u201d: Apizaco se compone al menos de 87 asentamientos poblacionales (comunidades, colonias y fraccionamientos siendo en su mayor\u00eda urbanos), tenemos una poblaci\u00f3n de 81 mil habitantes aproximadamente, debiendo considerar adem\u00e1s a 100 mil personas en promedio que todos los d\u00edas vienen por su actividad laboral o comercial. El 45 % de la poblaci\u00f3n se moviliza en transporte p\u00fablico, generando que m\u00e1s de 70 rutas circulen todos los d\u00edas por nuestras calles; tenemos pr\u00e1cticamente a todas las instituciones bancarias, somos un gran proveedor de materiales y servicios de la construcci\u00f3n, existe un registro de m\u00e1s de 200 instituciones educativas que van desde el nivel preescolar hasta el profesional, y por si fuera poco, en Apizaco hay m\u00e1s de 9,322 negocios establecidos (tipo pymes), sumando al comercio informal que a diario dan vida a la mal llamada \u201cciudad modelo\u201c.<\/p>\n<p style=\"text-align: justify;\">Por todo lo anterior, claro que Apizaco representa un verdadero reto para establecer una estrategia de seguridad p\u00fablica, recordando que la obligaci\u00f3n principal de la polic\u00eda a nivel municipal es la de generar esquemas de prevenci\u00f3n del delito y ser el primer respondiente (\u201cel primero en llegar\u201d) en caso de que se presente alguna situaci\u00f3n de riesgo o delito como tal.<\/p>\n<p style=\"text-align: justify;\">As\u00ed que manos a la obra, todos los apizaquenses queremos vivir con tranquilidad, dejar de escuchar que todos los d\u00edas hay asaltos en el parque, en el banco o en alg\u00fan comercio, que extorsionaron a un conocido, que ya le quitaron las llantas o de plano se robaron el auto del vecino, que hubo enfrentamientos entre grupos que pusieron en riesgo o arrebataron la vida de alg\u00fan inocente; basta de pretextos y trabajemos en conjunto para evitar normalizar las historias de violencia en nuestro municipio.<\/p>\n<p style=\"text-align: justify;\">Por todo lo anterior, aqu\u00ed les dejo:<br \/>\nLa receta del doc<\/p>\n<p style=\"text-align: justify;\">Paciente: Autoridades responsables de la seguridad p\u00fablica municipal de Apizaco<\/p>\n<p style=\"text-align: justify;\">Diagn\u00f3stico: Fuerte dolor de cabeza por la inseguridad.<\/p>\n<p style=\"text-align: justify;\">1.\u2060 \u2060Una muy buena dosis de mejora en las condiciones laborales de los polic\u00edas municipales, que motiven y favorezcan la tan anhelada certificaci\u00f3n, ya que sin ello, ni pensar en esperar algo m\u00e1s.<\/p>\n<p style=\"text-align: justify;\">2.\u2060 \u2060Una pastilla de proximidad social, ac\u00e9rquense con la sociedad, los distintos sectores comerciales y econ\u00f3micos conocemos lo que padecemos todos los d\u00edas.<\/p>\n<p style=\"text-align: justify;\">3.\u2060 \u2060Dos c\u00e1psulas de coordinaci\u00f3n interinstitucional, con otras polic\u00edas municipales, la estatal, la guardia nacional; \u00a1la marina no lo es todo!.<\/p>\n<p style=\"text-align: justify;\">4.\u2060 \u2060Una inyecci\u00f3n de colaboraci\u00f3n con la fiscal\u00eda para facilitar que el ciudadano pueda poner una denuncia r\u00e1pida y oportuna.<\/p>\n<p style=\"text-align: justify;\">5.\u2060 \u2060Y por \u00faltimo, una muy extensa dieta de buena comunicaci\u00f3n, que para mejorar en la percepci\u00f3n de seguridad y de confianza con nuestras autoridades y desempe\u00f1o institucional dependemos de lo que ustedes nos dicen.<\/p>\n<p style=\"text-align: justify;\">\u00a1Fuerte abrazo y mis mejores deseos estimados colegas de Apizaco, nos saludamos la pr\u00f3xima semana!<\/p>\n","protected":false},"excerpt":{"rendered":"<p>Ahora mismo que usted est\u00e1 leyendo esta columna muy probablemente un apizaquense est\u00e9 siendo v\u00edctima de un asalto, una extorsi\u00f3n o alg\u00fan hecho que est\u00e9 poniendo en riesgo su tranquilidad. Estamos conscientes que la inseguridad es un problema que vivimos todos los d\u00edas desde panoramas nacionales o regionales, pero Apizaco tiene particularidades que debemos considerar [&hellip;]<\/p>\n","protected":false},"author":3,"featured_media":31136,"comment_status":"open","ping_status":"open","sticky":false,"template":"","format":"standard","meta":{"footnotes":""},"categories":[6],"tags":[],"class_list":["post-31453","post","type-post","status-publish","format-standard","has-post-thumbnail","hentry","category-opinion"],"amp_enabled":true,"_links":{"self":[{"href":"https:\/\/labestiapolitica.com.mx\/index.php?rest_route=\/wp\/v2\/posts\/31453","targetHints":{"allow":["GET"]}}],"collection":[{"href":"https:\/\/labestiapolitica.com.mx\/index.php?rest_route=\/wp\/v2\/posts"}],"about":[{"href":"https:\/\/labestiapolitica.com.mx\/index.php?rest_route=\/wp\/v2\/types\/post"}],"author":[{"embeddable":true,"href":"https:\/\/labestiapolitica.com.mx\/index.php?rest_route=\/wp\/v2\/users\/3"}],"replies":[{"embeddable":true,"href":"https:\/\/labestiapolitica.com.mx\/index.php?rest_route=%2Fwp%2Fv2%2Fcomments&post=31453"}],"version-history":[{"count":1,"href":"https:\/\/labestiapolitica.com.mx\/index.php?rest_route=\/wp\/v2\/posts\/31453\/revisions"}],"predecessor-version":[{"id":31454,"href":"https:\/\/labestiapolitica.com.mx\/index.php?rest_route=\/wp\/v2\/posts\/31453\/revisions\/31454"}],"wp:featuredmedia":[{"embeddable":true,"href":"https:\/\/labestiapolitica.com.mx\/index.php?rest_route=\/wp\/v2\/media\/31136"}],"wp:attachment":[{"href":"https:\/\/labestiapolitica.com.mx\/index.php?rest_route=%2Fwp%2Fv2%2Fmedia&parent=31453"}],"wp:term":[{"taxonomy":"category","embeddable":true,"href":"https:\/\/labestiapolitica.com.mx\/index.php?rest_route=%2Fwp%2Fv2%2Fcategories&post=31453"},{"taxonomy":"post_tag","embeddable":true,"href":"https:\/\/labestiapolitica.com.mx\/index.php?rest_route=%2Fwp%2Fv2%2Ftags&post=31453"}],"curies":[{"name":"wp","href":"https:\/\/api.w.org\/{rel}","templated":true}]}}