{"id":31667,"date":"2024-10-21T23:50:00","date_gmt":"2024-10-22T05:50:00","guid":{"rendered":"https:\/\/labestiapolitica.com.mx\/?p=31667"},"modified":"2024-10-21T23:50:00","modified_gmt":"2024-10-22T05:50:00","slug":"agenda-deportiva-en-tlaxcala-exito-en-la-copa-del-mundo-de-tiro-con-arco","status":"publish","type":"post","link":"https:\/\/labestiapolitica.com.mx\/?p=31667","title":{"rendered":"Agenda Deportiva en Tlaxcala: \u00c9xito en la Copa del Mundo de Tiro con Arco."},"content":{"rendered":"<p style=\"text-align: justify;\">ENTRENADORES PARTICIPAN EN JORNADA DE CAPACITACI\u00d3N DE TIRO CON ARCO<\/p>\n<p style=\"text-align: justify;\">*Durante tres d\u00edas, la World Archery de M\u00e9xico fortaleci\u00f3 la formaci\u00f3n de instructores de diferentes partes del pa\u00eds<\/p>\n<p style=\"text-align: justify;\">La jornada de capacitaci\u00f3n para entrenadores iniciados e intermedios, que realiz\u00f3 World Archery de M\u00e9xico, en el marco de la Final de la Copa del Mundo de Tiro con Arco, finaliz\u00f3 de forma exitosa, luego de tres d\u00edas de ponencias por especialistas en la disciplina, que se dieron cita en las instalaciones del Hotel San Francisco de la ciudad de Tlaxcala.<\/p>\n<p style=\"text-align: justify;\">Es as\u00ed como la administraci\u00f3n que encabeza la gobernadora Lorena Cu\u00e9llar Cisneros apoya el desarrollo deportivo de la entidad, con el respaldo de eventos de \u00e9lite de nivel internacional para incentivar la participaci\u00f3n de entrenadores que busquen trabajar bajo \u00edndices de calidad para grandes competencias.<\/p>\n<p style=\"text-align: justify;\">Durante los tres d\u00edas de capacitaci\u00f3n, las y los arqueros reforzaron sus conocimientos en arco compuesto y recurvo, as\u00ed como aspectos t\u00e9cnicos para el antes, durante y despu\u00e9s de competencias y entrenamientos, entre otros.<\/p>\n<p style=\"text-align: justify;\">La primera ponencia fue impartida por el especialista Filippo Clini, en la modalidad arco recurvo. En arco compuesto, el mexicano Julio Fierro y el especialista en Ciencias Ambientales de las escuelas de tiro, Oliver Grillat.<\/p>\n<p style=\"text-align: justify;\">Posteriormente, se llevaron a cabo mesas de trabajo para la socializaci\u00f3n, el intercambio de ideas y nuevas propuestas de trabajo para incentivar un plan de trabajo en las escuelas de tiro. Posteriormente, se llev\u00f3 a cabo la clausura de esta jornada, con la presentaci\u00f3n del Plan de Trabajo por el presidente de World Archery M\u00e9xico, Gabriel Ramos Rodr\u00edguez.<\/p>\n<p>En esta presentaci\u00f3n, Ramos Rodr\u00edguez apost\u00f3 por el crecimiento de esta disciplina de cara a la nueva temporada de competencias de tiro con arco y explic\u00f3 que M\u00e9xico, a nivel internacional posee la calidad requerida para desarrollar competencias de \u00e9lite.<\/p>\n<p style=\"text-align: justify;\">\u201cTodo lo que realizamos desde World Archery no tendr\u00eda sentido sin ustedes. Hay que trabajar unidos para que nuestro deporte avance. Podemos lograr grandes cosas en pro de nuestros deportistas\u201d, dijo.<\/p>\n<p style=\"text-align: justify;\">Las y los entrenadores apoyaron a los representantes de M\u00e9xico en la justa deportiva que se efectu\u00f3 en el estadio temporal frente al Palacio de Gobierno.<\/p>\n<p style=\"text-align: justify;\">\n<p style=\"text-align: justify;\"><img loading=\"lazy\" decoding=\"async\" class=\"alignnone size-full wp-image-31670\" src=\"https:\/\/labestiapolitica.com.mx\/wp-content\/uploads\/2024\/10\/Fotos-rapidas-2024-10-21T225718.925.png\" alt=\"\" width=\"1000\" height=\"600\" srcset=\"https:\/\/labestiapolitica.com.mx\/wp-content\/uploads\/2024\/10\/Fotos-rapidas-2024-10-21T225718.925.png 1000w, https:\/\/labestiapolitica.com.mx\/wp-content\/uploads\/2024\/10\/Fotos-rapidas-2024-10-21T225718.925-300x180.png 300w, https:\/\/labestiapolitica.com.mx\/wp-content\/uploads\/2024\/10\/Fotos-rapidas-2024-10-21T225718.925-768x461.png 768w\" sizes=\"auto, (max-width: 1000px) 100vw, 1000px\" \/><\/p>\n<p style=\"text-align: justify;\">\n<p style=\"text-align: justify;\">EXTRANJEROS OVACIONAN A TLAXCALA COMO ANFITRI\u00d3N DE LA COPA DEL MUNDO DE TIRO CON ARCO<\/p>\n<p style=\"text-align: justify;\">*Aplauden creaci\u00f3n de la academia en la entidad para desarrollo de atletas<\/p>\n<p style=\"text-align: justify;\">Tras vivir intensamente y con mucha pasi\u00f3n la Final de Copa del Mundo de Tiro con Arco Tlaxcala 2024, World Archery M\u00e9xico (Wamex) extranjeros ovacionaron al estado como anfitri\u00f3n de esta justa deportiva, al reconocer la que calificaron como excelente organizaci\u00f3n del mismo.<\/p>\n<p style=\"text-align: justify;\">El arquero de la India, Dhiraj Bommadevara, consider\u00f3 que la organizaci\u00f3n fue fant\u00e1stica; \u201cme encanta venir aqu\u00ed, especialmente en la final de la copa con todos los atletas, la organizaci\u00f3n es muy buena, la ciudad es linda, y quedarse aqu\u00ed incluso para pr\u00e1ctica se siente muy bien\u201d.<\/p>\n<p style=\"text-align: justify;\">Aprovech\u00f3 para destacar el arte de la entidad, al menciona que la alfombra colorida, considerada arte ef\u00edmero, plasmada en la cancha de competici\u00f3n, da especialmente una vista incre\u00edble en cada uno de los disparos, \u201cla gente es muy muy buena, lo mejor est\u00e1 en Tlaxcala, su gente muy en\u00e9rgica, muy solidaria, nos apoyan en la arquer\u00eda y en el juego\u201d.<\/p>\n<p style=\"text-align: justify;\">Para el arquero italiano, Mauro Nespoli, la organizaci\u00f3n del evento mundialista fue muy buena, pero tambi\u00e9n aplaudi\u00f3 la inauguraci\u00f3n de la escuela formadora de arqueros. \u201cEspero tener otra competencia aqu\u00ed, ahora que crearon esta escuela de tiro con arco en Tlaxcala y en el futuro espero regresar\u201d.<\/p>\n<p style=\"text-align: justify;\">Mientras, el arquero de Francia, Thomas Chirault, en su primera participaci\u00f3n en la entidad tlaxcalteca, resalt\u00f3 el estadio temporal, el cual asegur\u00f3 que fue hermoso, \u00abcreo que es uno de los mejores campos para tirar y es incre\u00edble porque no es como en los Juegos Ol\u00edmpicos, es un campo muy bonito\u201d.<\/p>\n<p style=\"text-align: justify;\">En su oportunidad, Mark Chauvet, orador del evento deportivo, asent\u00f3 que realizar estas competencias en M\u00e9xico significa vivir torneos fuera de lo com\u00fan en t\u00e9rminos de ambiente, pues los aficionados siempre son en\u00e9rgicos, acogedores, sonrientes y hacen sentir especial a todos los involucrados.<\/p>\n<p style=\"text-align: justify;\">La ganadora del segundo lugar en arco compuesto, Meri-Marita Pass, de Estonia, dijo disfrutar su participaci\u00f3n y estancia en Tlaxcala. \u00abLa gente mexicana es muy apasionada y nunca tuve una multitud tan incre\u00edble como la que tuve aqu\u00ed y he estado disfrutando cada minuto\u00bb.<\/p>\n<p style=\"text-align: justify;\">Quien tambi\u00e9n reconoci\u00f3 la calidez de la poblaci\u00f3n, fue la colombiana que gan\u00f3 el primer lugar en arco compuesto, Sara L\u00f3pez, y agradeci\u00f3 a Tlaxcala por el apoyo recibido, toda vez que se sinti\u00f3 como en casa y acompa\u00f1ada en todo momento.<\/p>\n<p style=\"text-align: justify;\">Por \u00faltimo, el juez cubano, Sergio Font, acot\u00f3 que \u00abtodo fue una maravilla, donde sea que uno sale se vive el ambiente del torneo, no solo donde est\u00e1n tirando los arqueros, todo muy bien organizado\u201d.<\/p>\n<p style=\"text-align: justify;\">Felicit\u00f3 al gobierno del estado por su anfitrionia desde la inauguraci\u00f3n, la atenci\u00f3n brindada y el cierre de la justa deportiva.<\/p>\n<p style=\"text-align: justify;\">\n<p style=\"text-align: justify;\"><img loading=\"lazy\" decoding=\"async\" class=\"alignnone size-full wp-image-31676\" src=\"https:\/\/labestiapolitica.com.mx\/wp-content\/uploads\/2024\/10\/Fotos-rapidas-2024-10-21T230418.942.png\" alt=\"\" width=\"1000\" height=\"600\" srcset=\"https:\/\/labestiapolitica.com.mx\/wp-content\/uploads\/2024\/10\/Fotos-rapidas-2024-10-21T230418.942.png 1000w, https:\/\/labestiapolitica.com.mx\/wp-content\/uploads\/2024\/10\/Fotos-rapidas-2024-10-21T230418.942-300x180.png 300w, https:\/\/labestiapolitica.com.mx\/wp-content\/uploads\/2024\/10\/Fotos-rapidas-2024-10-21T230418.942-768x461.png 768w\" sizes=\"auto, (max-width: 1000px) 100vw, 1000px\" \/><\/p>\n<p style=\"text-align: justify;\">\n<p style=\"text-align: justify;\">EMOCI\u00d3N Y FIESTA EN TLAXCALA POR FINAL DE COPA DE TIRO CON ARCO<\/p>\n<p style=\"text-align: justify;\">*La gobernadora Lorena Cu\u00e9llar acudi\u00f3 a las competencias y felicit\u00f3 a las arqueras mexicanas que se llevaron el tercer lugar en ambas modalidades<\/p>\n<p style=\"text-align: justify;\">La gobernadora Lorena Cu\u00e9llar Cisneros presenci\u00f3 todas las competencias de la Final de Copa del Mundo de Tiro con Arco Tlaxcala 2024, World Archery M\u00e9xico (Wamex), donde las arqueras mexicanas Dafne Quintero y Alejandra Valencia obtuvieron el tercer lugar; en arco compuesto y recurvo, respectivamente.<\/p>\n<p style=\"text-align: justify;\">Con lleno total en el estadio temporal habilitado frente a Palacio de Gobierno, en la plaza de la Constituci\u00f3n de la capital del estado, cientos de tlaxcaltecas vivieron con gran euforia las sesiones de arco compuesto varonil y femenil, y arco recurvo femenil y varonil, donde las porras y aplausos no faltaron.<\/p>\n<p style=\"text-align: justify;\">Los encuentros se desarrollaron en un ambiente de emoci\u00f3n y adrenalina, en el que los espectadores animaron a los arqueros y guardaron silencio en cada disparo de flechas, tambi\u00e9n se not\u00f3 la presencia de la mascota del Instituto del Deporte de Tlaxcala (IDET) \u00abLucy\u00bb, mientras la conducci\u00f3n de Mark Chauvet inyectaba entusiasmo.<\/p>\n<p style=\"text-align: justify;\">La fiesta del tiro con arco tambi\u00e9n se sinti\u00f3 en la zona de FanFest, donde familias, visitantes locales y extranjeros disfrutaron de las diversas actividades, la gastronom\u00eda que ofrecieron caf\u00e9s y restaurantes locales, y pasaron un rato ameno al contemplar las presentaciones de artistas locales.<\/p>\n<p style=\"text-align: justify;\">Alan Vigueras Salgado, representante de la escuela Trayecto 3 \u201cCultura para la Inclusi\u00f3n y el Desarrollo\u201d, en la cual se aprenden distintos tipos de danzas, taekwondo, gimnasia y otras disciplinas, agradeci\u00f3 a las autoridades por la apertura de estos espacios que motivan a los talentos tlaxcaltecas a seguir desarrollando su pasi\u00f3n.<\/p>\n<p style=\"text-align: justify;\">\u201cNosotros tenemos un centro cultural deportivo con distintos talleres, pero hoy se presentaron taekwondo y danza polinesia, y la verdad es que estamos muy contentos porque los que participaron tuvieron la oportunidad de estar presentes en un evento de talla internacional y as\u00ed poner en alto la cultura y deporte\u201d, indic\u00f3.<\/p>\n<p>Al t\u00e9rmino de los partidos, los atletas ofrecieron entrevistas donde agradecieron el \u00e1nimo y la buena energ\u00eda de las porras de los aficionados, tambi\u00e9n se tomaron fotograf\u00edas a las afueras de la plaza con la gente que estaba esper\u00e1ndolos y dieron algunos aut\u00f3grafos.<\/p>\n<p style=\"text-align: justify;\">El arquero mexicano de tan solo 20 a\u00f1os, Mat\u00edas Grande, se\u00f1al\u00f3 que \u201cla log\u00edstica estuvo muy bien, no pas\u00f3 nada malo, estuvimos cubiertos y nos han brindado la seguridad necesaria, que en pocas competencias internacionales se ve, est\u00e1bamos muy seguros y no tenemos nada de qu\u00e9 quejarnos, de ning\u00fan aspecto\u201d.<\/p>\n<p style=\"text-align: justify;\">Mientras, las atletas mexicanas \u00c1ngela Ruiz y Alejandra Valencia coincidieron en que se llevar\u00e1n en su mente y coraz\u00f3n la calidez de los tlaxcaltecas y agradecieron el apoyo recibido.<\/p>\n<p style=\"text-align: justify;\">Es as\u00ed como el gobierno del estado reafirma su apoyo al deporte y la sana convivencia para el bienestar de la poblaci\u00f3n.<\/p>\n<p>&nbsp;<\/p>\n<p>&nbsp;<\/p>\n<p><img loading=\"lazy\" decoding=\"async\" class=\"alignnone size-full wp-image-31680\" src=\"https:\/\/labestiapolitica.com.mx\/wp-content\/uploads\/2024\/10\/Fotos-rapidas-2024-10-21T230527.000.png\" alt=\"\" width=\"1000\" height=\"600\" srcset=\"https:\/\/labestiapolitica.com.mx\/wp-content\/uploads\/2024\/10\/Fotos-rapidas-2024-10-21T230527.000.png 1000w, https:\/\/labestiapolitica.com.mx\/wp-content\/uploads\/2024\/10\/Fotos-rapidas-2024-10-21T230527.000-300x180.png 300w, https:\/\/labestiapolitica.com.mx\/wp-content\/uploads\/2024\/10\/Fotos-rapidas-2024-10-21T230527.000-768x461.png 768w\" sizes=\"auto, (max-width: 1000px) 100vw, 1000px\" \/><\/p>\n<p>&nbsp;<\/p>\n<p><img loading=\"lazy\" decoding=\"async\" class=\"alignnone size-full wp-image-28405\" src=\"https:\/\/labestiapolitica.com.mx\/wp-content\/uploads\/2024\/06\/U-NOVA-y-se-diferente.png\" alt=\"\" width=\"1000\" height=\"600\" srcset=\"https:\/\/labestiapolitica.com.mx\/wp-content\/uploads\/2024\/06\/U-NOVA-y-se-diferente.png 1000w, https:\/\/labestiapolitica.com.mx\/wp-content\/uploads\/2024\/06\/U-NOVA-y-se-diferente-300x180.png 300w, https:\/\/labestiapolitica.com.mx\/wp-content\/uploads\/2024\/06\/U-NOVA-y-se-diferente-768x461.png 768w\" sizes=\"auto, (max-width: 1000px) 100vw, 1000px\" \/><\/p>\n<p>&nbsp;<\/p>\n<p>&nbsp;<\/p>\n","protected":false},"excerpt":{"rendered":"<p>ENTRENADORES PARTICIPAN EN JORNADA DE CAPACITACI\u00d3N DE TIRO CON ARCO *Durante tres d\u00edas, la World Archery de M\u00e9xico fortaleci\u00f3 la formaci\u00f3n de instructores de diferentes partes del pa\u00eds La jornada de capacitaci\u00f3n para entrenadores iniciados e intermedios, que realiz\u00f3 World Archery de M\u00e9xico, en el marco de la Final de la Copa del Mundo de [&hellip;]<\/p>\n","protected":false},"author":3,"featured_media":31680,"comment_status":"open","ping_status":"open","sticky":false,"template":"","format":"standard","meta":{"footnotes":""},"categories":[5],"tags":[],"class_list":["post-31667","post","type-post","status-publish","format-standard","has-post-thumbnail","hentry","category-deportes"],"amp_enabled":true,"_links":{"self":[{"href":"https:\/\/labestiapolitica.com.mx\/index.php?rest_route=\/wp\/v2\/posts\/31667","targetHints":{"allow":["GET"]}}],"collection":[{"href":"https:\/\/labestiapolitica.com.mx\/index.php?rest_route=\/wp\/v2\/posts"}],"about":[{"href":"https:\/\/labestiapolitica.com.mx\/index.php?rest_route=\/wp\/v2\/types\/post"}],"author":[{"embeddable":true,"href":"https:\/\/labestiapolitica.com.mx\/index.php?rest_route=\/wp\/v2\/users\/3"}],"replies":[{"embeddable":true,"href":"https:\/\/labestiapolitica.com.mx\/index.php?rest_route=%2Fwp%2Fv2%2Fcomments&post=31667"}],"version-history":[{"count":1,"href":"https:\/\/labestiapolitica.com.mx\/index.php?rest_route=\/wp\/v2\/posts\/31667\/revisions"}],"predecessor-version":[{"id":31700,"href":"https:\/\/labestiapolitica.com.mx\/index.php?rest_route=\/wp\/v2\/posts\/31667\/revisions\/31700"}],"wp:featuredmedia":[{"embeddable":true,"href":"https:\/\/labestiapolitica.com.mx\/index.php?rest_route=\/wp\/v2\/media\/31680"}],"wp:attachment":[{"href":"https:\/\/labestiapolitica.com.mx\/index.php?rest_route=%2Fwp%2Fv2%2Fmedia&parent=31667"}],"wp:term":[{"taxonomy":"category","embeddable":true,"href":"https:\/\/labestiapolitica.com.mx\/index.php?rest_route=%2Fwp%2Fv2%2Fcategories&post=31667"},{"taxonomy":"post_tag","embeddable":true,"href":"https:\/\/labestiapolitica.com.mx\/index.php?rest_route=%2Fwp%2Fv2%2Ftags&post=31667"}],"curies":[{"name":"wp","href":"https:\/\/api.w.org\/{rel}","templated":true}]}}