{"id":31671,"date":"2024-10-21T23:05:28","date_gmt":"2024-10-22T05:05:28","guid":{"rendered":"https:\/\/labestiapolitica.com.mx\/?p=31671"},"modified":"2024-10-23T07:51:40","modified_gmt":"2024-10-23T13:51:40","slug":"apizaco-concluye-con-exito-la-decima-copa-kuikiwon-de-taekwondo-reafirmando-el-compromiso-del-alcalde-javier-rivera-con-el-deporte","status":"publish","type":"post","link":"https:\/\/labestiapolitica.com.mx\/?p=31671","title":{"rendered":"Apizaco concluye con \u00e9xito la d\u00e9cima Copa Kuikiwon de Taekwondo, reafirmando el compromiso del alcalde Javier Rivera con el deporte"},"content":{"rendered":"<article class=\"w-full text-token-text-primary focus-visible:outline-2 focus-visible:outline-offset-[-4px]\" dir=\"auto\" data-testid=\"conversation-turn-38\" data-scroll-anchor=\"false\">\n<div class=\"m-auto text-base py-[18px] px-3 md:px-4 w-full md:px-5 lg:px-4 xl:px-5\">\n<div class=\"mx-auto flex flex-1 gap-4 text-base md:gap-5 lg:gap-6 md:max-w-3xl lg:max-w-[40rem] xl:max-w-[48rem]\">\n<div class=\"group\/conversation-turn relative flex w-full min-w-0 flex-col\">\n<div class=\"flex-col gap-1 md:gap-3\">\n<div class=\"flex max-w-full flex-col flex-grow\">\n<div class=\"min-h-8 text-message flex w-full flex-col items-end gap-2 whitespace-normal break-words [.text-message+&amp;]:mt-5\" dir=\"auto\" data-message-author-role=\"user\" data-message-id=\"aaa2a3e5-ddc0-4372-b61f-2249db7656fe\">\n<div class=\"flex w-full flex-col gap-1 empty:hidden items-end rtl:items-start\">\n<div class=\"relative max-w-[70%] rounded-3xl px-5 py-2.5 bg-[#f4f4f4] dark:bg-token-main-surface-secondary\"><\/div>\n<\/div>\n<\/div>\n<\/div>\n<\/div>\n<\/div>\n<\/div>\n<\/div>\n<\/article>\n<article class=\"w-full text-token-text-primary focus-visible:outline-2 focus-visible:outline-offset-[-4px]\" dir=\"auto\" data-testid=\"conversation-turn-39\" data-scroll-anchor=\"true\">\n<div class=\"m-auto text-base py-[18px] px-3 md:px-4 w-full md:px-5 lg:px-4 xl:px-5\">\n<div class=\"mx-auto flex flex-1 gap-4 text-base md:gap-5 lg:gap-6 md:max-w-3xl lg:max-w-[40rem] xl:max-w-[48rem]\">\n<div class=\"flex-shrink-0 flex flex-col relative items-end\">\n<div>\n<div class=\"pt-0\">\n<div class=\"gizmo-bot-avatar flex h-8 w-8 items-center justify-center overflow-hidden rounded-full\"><\/div>\n<\/div>\n<\/div>\n<\/div>\n<div class=\"group\/conversation-turn relative flex w-full min-w-0 flex-col agent-turn\">\n<div class=\"flex-col gap-1 md:gap-3\">\n<div class=\"flex max-w-full flex-col flex-grow\">\n<div class=\"min-h-8 text-message flex w-full flex-col items-end gap-2 whitespace-normal break-words [.text-message+&amp;]:mt-5\" dir=\"auto\" data-message-author-role=\"assistant\" data-message-id=\"5cba337d-9f0e-43c0-a177-d60291876f23\" data-message-model-slug=\"gpt-4o\">\n<div class=\"flex w-full flex-col gap-1 empty:hidden first:pt-[3px]\">\n<div class=\"markdown prose w-full break-words dark:prose-invert dark\">\n<p style=\"text-align: justify;\">Este fin de semana, Apizaco se convirti\u00f3 en el epicentro del Taekwondo con la exitosa realizaci\u00f3n de la <strong>d\u00e9cima Copa Kuikiwon Apizaco Taekwondo<\/strong>, un evento deportivo que reuni\u00f3 a m\u00e1s de 350 competidores y m\u00e1s de 1,000 asistentes de distintos municipios y estados como Tlaxcala, Estado de M\u00e9xico, Puebla e Hidalgo.<\/p>\n<p style=\"text-align: justify;\">El <strong>Auditorio Emilio S\u00e1nchez Piedras<\/strong> fue testigo de una jornada llena de energ\u00eda, en la que los participantes demostraron su habilidad en disciplinas como el circuito motriz, pomsae y combate en diferentes grados, ofreciendo un espect\u00e1culo de gran nivel tanto para los competidores como para los espectadores.<\/p>\n<p style=\"text-align: justify;\">En representaci\u00f3n del alcalde de Apizaco, <strong>Javier Rivera Bonilla<\/strong>, el Secretario del Ayuntamiento, Juan Pablo Morales Rico, expres\u00f3 el firme compromiso del gobierno municipal por <strong>redoblar esfuerzos para mejorar el rendimiento de los deportistas apizaquenses<\/strong>. \u201cEste tipo de eventos no solo fortalecen el deporte local, sino que tambi\u00e9n impulsan a nuestros j\u00f3venes a representar dignamente a Apizaco en competencias estatales y federales\u201d, afirm\u00f3.<\/p>\n<p style=\"text-align: justify;\">El evento tambi\u00e9n cont\u00f3 con la presencia de figuras destacadas del Taekwondo, como el <strong>Prof. Adolfo Ju\u00e1rez Texis<\/strong>, presidente de la Asociaci\u00f3n del Estado de Tlaxcala de Taekwondo, y el <strong>Prof. Enrique David Vitela Guti\u00e9rrez<\/strong>, presidente de la Instituci\u00f3n Kuikiwon Taekwondo, quienes subrayaron la importancia de fomentar el deporte y agradecieron al Ayuntamiento por su apoyo en la realizaci\u00f3n de estos encuentros.<\/p>\n<p style=\"text-align: justify;\">Al finalizar el torneo, Javier Rivera Bonilla reafirm\u00f3 su compromiso con el deporte, destacando que Apizaco seguir\u00e1 siendo sede de importantes competencias y seguir\u00e1 trabajando para que los deportistas locales cuenten con las mejores condiciones para desarrollarse.<\/p>\n<p style=\"text-align: justify;\">Con la exitosa celebraci\u00f3n de este evento, <strong>Apizaco refuerza su posici\u00f3n como un municipio comprometido con el impulso al deporte<\/strong> y el bienestar de sus j\u00f3venes atletas.<\/p>\n<p style=\"text-align: justify;\"><strong>#GobiernoQueCumpleyGeneraBienestar.<\/strong><\/p>\n<\/div>\n<\/div>\n<\/div>\n<\/div>\n<\/div>\n<\/div>\n<\/div>\n<\/div>\n<\/article>\n<p style=\"text-align: justify;\"><img loading=\"lazy\" decoding=\"async\" class=\"alignnone size-full wp-image-31678\" src=\"https:\/\/labestiapolitica.com.mx\/wp-content\/uploads\/2024\/10\/apizaco2.jpg\" alt=\"\" width=\"1000\" height=\"600\" srcset=\"https:\/\/labestiapolitica.com.mx\/wp-content\/uploads\/2024\/10\/apizaco2.jpg 1000w, https:\/\/labestiapolitica.com.mx\/wp-content\/uploads\/2024\/10\/apizaco2-300x180.jpg 300w, https:\/\/labestiapolitica.com.mx\/wp-content\/uploads\/2024\/10\/apizaco2-768x461.jpg 768w\" sizes=\"auto, (max-width: 1000px) 100vw, 1000px\" \/><\/p>\n","protected":false},"excerpt":{"rendered":"<p>Este fin de semana, Apizaco se convirti\u00f3 en el epicentro del Taekwondo con la exitosa realizaci\u00f3n de la d\u00e9cima Copa Kuikiwon Apizaco Taekwondo, un evento deportivo que reuni\u00f3 a m\u00e1s de 350 competidores y m\u00e1s de 1,000 asistentes de distintos municipios y estados como Tlaxcala, Estado de M\u00e9xico, Puebla e Hidalgo. El Auditorio Emilio S\u00e1nchez [&hellip;]<\/p>\n","protected":false},"author":3,"featured_media":31677,"comment_status":"open","ping_status":"open","sticky":false,"template":"","format":"standard","meta":{"footnotes":""},"categories":[5],"tags":[],"class_list":["post-31671","post","type-post","status-publish","format-standard","has-post-thumbnail","hentry","category-deportes"],"amp_enabled":true,"_links":{"self":[{"href":"https:\/\/labestiapolitica.com.mx\/index.php?rest_route=\/wp\/v2\/posts\/31671","targetHints":{"allow":["GET"]}}],"collection":[{"href":"https:\/\/labestiapolitica.com.mx\/index.php?rest_route=\/wp\/v2\/posts"}],"about":[{"href":"https:\/\/labestiapolitica.com.mx\/index.php?rest_route=\/wp\/v2\/types\/post"}],"author":[{"embeddable":true,"href":"https:\/\/labestiapolitica.com.mx\/index.php?rest_route=\/wp\/v2\/users\/3"}],"replies":[{"embeddable":true,"href":"https:\/\/labestiapolitica.com.mx\/index.php?rest_route=%2Fwp%2Fv2%2Fcomments&post=31671"}],"version-history":[{"count":1,"href":"https:\/\/labestiapolitica.com.mx\/index.php?rest_route=\/wp\/v2\/posts\/31671\/revisions"}],"predecessor-version":[{"id":31679,"href":"https:\/\/labestiapolitica.com.mx\/index.php?rest_route=\/wp\/v2\/posts\/31671\/revisions\/31679"}],"wp:featuredmedia":[{"embeddable":true,"href":"https:\/\/labestiapolitica.com.mx\/index.php?rest_route=\/wp\/v2\/media\/31677"}],"wp:attachment":[{"href":"https:\/\/labestiapolitica.com.mx\/index.php?rest_route=%2Fwp%2Fv2%2Fmedia&parent=31671"}],"wp:term":[{"taxonomy":"category","embeddable":true,"href":"https:\/\/labestiapolitica.com.mx\/index.php?rest_route=%2Fwp%2Fv2%2Fcategories&post=31671"},{"taxonomy":"post_tag","embeddable":true,"href":"https:\/\/labestiapolitica.com.mx\/index.php?rest_route=%2Fwp%2Fv2%2Ftags&post=31671"}],"curies":[{"name":"wp","href":"https:\/\/api.w.org\/{rel}","templated":true}]}}