{"id":31754,"date":"2024-10-24T11:18:54","date_gmt":"2024-10-24T17:18:54","guid":{"rendered":"https:\/\/labestiapolitica.com.mx\/?p=31754"},"modified":"2024-11-01T16:09:47","modified_gmt":"2024-11-01T22:09:47","slug":"tiro-con-arco-llego-se-fue-y-nada-mas","status":"publish","type":"post","link":"https:\/\/labestiapolitica.com.mx\/?p=31754","title":{"rendered":"Tiro con arco: lleg\u00f3, se fue y nada m\u00e1s"},"content":{"rendered":"<p style=\"text-align: justify;\">Tiro con arco: lleg\u00f3, se fue y nada m\u00e1s<\/p>\n<p style=\"text-align: justify;\">El tiro con arco, un deporte que requiere de gran precisi\u00f3n, concentraci\u00f3n y destreza, ten\u00eda en la Final de la Copa del Mundo celebrada en Tlaxcala una oportunidad dorada para brillar ante los ojos del mundo. Sin embargo, lo que pudo haber sido una plataforma para posicionar al estado como un referente deportivo internacional, termin\u00f3 en un evento que muri\u00f3 medi\u00e1ticamente antes de comenzar. La respuesta a este fracaso reside en una estrategia de comunicaci\u00f3n d\u00e9bil, la apat\u00eda institucional y una serie de malas decisiones que sabotearon su \u00e9xito.<\/p>\n<p style=\"text-align: justify;\">Uno de los errores principales fue la falta de una narrativa s\u00f3lida que generara expectativa. En la organizaci\u00f3n de eventos de gran envergadura, la construcci\u00f3n de una historia que emocione y enganche al p\u00fablico es fundamental. En el caso de Tlaxcala, no hubo un esfuerzo significativo por mantener el inter\u00e9s antes o durante el evento. Apenas se habl\u00f3 del tema en los medios, y cuando se hizo, la cobertura fue breve y fugaz. El evento desapareci\u00f3 de las conversaciones casi tan r\u00e1pido como apareci\u00f3, sin dejar rastro.<\/p>\n<p style=\"text-align: justify;\">Parte de esta debilidad en la promoci\u00f3n tambi\u00e9n se debe a la ausencia de una estrategia de comunicaci\u00f3n integral. No hubo campa\u00f1as digitales efectivas ni alianzas con atletas, influencers o medios que pudieran mantener el foco sobre la final de la Copa del Mundo. Los esfuerzos promocionales llegaron tarde, con poca fuerza y sin la capacidad de enganchar ni a la audiencia deportiva ni al p\u00fablico general. Un evento de esta magnitud necesitaba mucho m\u00e1s para sostenerse en el radar medi\u00e1tico.<\/p>\n<p style=\"text-align: justify;\">Finalmente, las malas decisiones ahogaron cualquier posibilidad de \u00e9xito. Se dej\u00f3 de lado la promoci\u00f3n de los propios arqueros, quienes deber\u00edan haber sido los protagonistas de la narrativa del evento. No se explotaron sus historias ni se gener\u00f3 contenido que conectara emocionalmente con la audiencia. Incluso los mismos atletas mostraron poco entusiasmo por su participaci\u00f3n, reflejando la desorganizaci\u00f3n y falta de empuje. Lo que pudo haber sido una oportunidad para hacer del tiro con arco un deporte relevante en M\u00e9xico, termin\u00f3 siendo un evento que pas\u00f3 sin pena ni gloria, \u00bfqu\u00e9 pensar\u00e1 la gobernadora de todo lo anterior?<\/p>\n","protected":false},"excerpt":{"rendered":"<p>Tiro con arco: lleg\u00f3, se fue y nada m\u00e1s El tiro con arco, un deporte que requiere de gran precisi\u00f3n, concentraci\u00f3n y destreza, ten\u00eda en la Final de la Copa del Mundo celebrada en Tlaxcala una oportunidad dorada para brillar ante los ojos del mundo. Sin embargo, lo que pudo haber sido una plataforma para [&hellip;]<\/p>\n","protected":false},"author":3,"featured_media":31755,"comment_status":"open","ping_status":"open","sticky":false,"template":"","format":"standard","meta":{"footnotes":""},"categories":[6],"tags":[],"class_list":["post-31754","post","type-post","status-publish","format-standard","has-post-thumbnail","hentry","category-opinion"],"amp_enabled":true,"_links":{"self":[{"href":"https:\/\/labestiapolitica.com.mx\/index.php?rest_route=\/wp\/v2\/posts\/31754","targetHints":{"allow":["GET"]}}],"collection":[{"href":"https:\/\/labestiapolitica.com.mx\/index.php?rest_route=\/wp\/v2\/posts"}],"about":[{"href":"https:\/\/labestiapolitica.com.mx\/index.php?rest_route=\/wp\/v2\/types\/post"}],"author":[{"embeddable":true,"href":"https:\/\/labestiapolitica.com.mx\/index.php?rest_route=\/wp\/v2\/users\/3"}],"replies":[{"embeddable":true,"href":"https:\/\/labestiapolitica.com.mx\/index.php?rest_route=%2Fwp%2Fv2%2Fcomments&post=31754"}],"version-history":[{"count":4,"href":"https:\/\/labestiapolitica.com.mx\/index.php?rest_route=\/wp\/v2\/posts\/31754\/revisions"}],"predecessor-version":[{"id":32079,"href":"https:\/\/labestiapolitica.com.mx\/index.php?rest_route=\/wp\/v2\/posts\/31754\/revisions\/32079"}],"wp:featuredmedia":[{"embeddable":true,"href":"https:\/\/labestiapolitica.com.mx\/index.php?rest_route=\/wp\/v2\/media\/31755"}],"wp:attachment":[{"href":"https:\/\/labestiapolitica.com.mx\/index.php?rest_route=%2Fwp%2Fv2%2Fmedia&parent=31754"}],"wp:term":[{"taxonomy":"category","embeddable":true,"href":"https:\/\/labestiapolitica.com.mx\/index.php?rest_route=%2Fwp%2Fv2%2Fcategories&post=31754"},{"taxonomy":"post_tag","embeddable":true,"href":"https:\/\/labestiapolitica.com.mx\/index.php?rest_route=%2Fwp%2Fv2%2Ftags&post=31754"}],"curies":[{"name":"wp","href":"https:\/\/api.w.org\/{rel}","templated":true}]}}