{"id":31938,"date":"2024-10-30T08:36:57","date_gmt":"2024-10-30T14:36:57","guid":{"rendered":"https:\/\/labestiapolitica.com.mx\/?p=31938"},"modified":"2024-10-30T20:37:45","modified_gmt":"2024-10-31T02:37:45","slug":"tlaxcala-y-la-justicia-que-suma-pero-no-avanza","status":"publish","type":"post","link":"https:\/\/labestiapolitica.com.mx\/?p=31938","title":{"rendered":"Tlaxcala y la \u201cjusticia\u201d que suma, pero no avanza"},"content":{"rendered":"<p style=\"text-align: left;\">Tlaxcala y la \u201cjusticia\u201d que suma, pero no avanza<\/p>\n<p style=\"text-align: justify;\">En un despliegue de insensibilidad y falta de conexi\u00f3n con la realidad, la Fiscal\u00eda General de Justicia de Tlaxcala (FGJ) intenta, nuevamente, vender humo a los ciudadanos. La reciente publicaci\u00f3n en sus redes sociales, en la que \u00abpresumen\u00bb la condena del exalcalde de Zacatelco, no es otra cosa que un intento por ocultar la evidente ineficacia que impera en sus filas. Al tiempo que celebra un \u00fanico caso cerrado, parece que olvidan \u2013o deciden ignorar\u2013 la grave cantidad de pendientes que tienen con la justicia tlaxcalteca.<\/p>\n<p style=\"text-align: justify;\">En un giro curioso, o m\u00e1s bien absurdo, la Fiscal\u00eda intent\u00f3 sumar todas las sentencias obtenidas en el a\u00f1o para justificar su trabajo. \u00bfCreen realmente que los ciudadanos caen en esa trampa de n\u00fameros manipulados? La percepci\u00f3n p\u00fablica de justicia no se mide en \u201ccientos de a\u00f1os\u201d de sentencias acumuladas en un comunicado, sino en la efectividad real en los casos que afectan directamente a los ciudadanos. Y, por supuesto, el de Edson N, acusado del homicidio del exdiputado tlaxcalteca, permanece inexplicablemente estancado.<\/p>\n<p style=\"text-align: justify;\">En este contexto, vale la pena se\u00f1alar el elefante en la sala: la FGJ no parece entender lo que Tlaxcala verdaderamente necesita. Los ciudadanos no buscan que la Fiscal\u00eda suba n\u00fameros de condenas como si de un marcador se tratara. Exigen justicia real, imparcial y expedita, especialmente en los casos de alto impacto, donde parece que m\u00e1s fallan. Que en un intento de defensa de su desempe\u00f1o sumen sentencias de manera arbitraria no hace m\u00e1s que resaltar su falta de claridad, y se siente como una burla para quienes esperan respuestas por los casos que siguen sin resolverse.<\/p>\n<p style=\"text-align: justify;\">La situaci\u00f3n actual no deber\u00eda ser manejada con estrategias de marketing, sino con acciones y respuestas claras. Mientras tanto, los ciudadanos seguimos esperando y viendo c\u00f3mo la FGJ prioriza n\u00fameros e imagen p\u00fablica sobre el trabajo efectivo y las investigaciones a fondo.<\/p>\n","protected":false},"excerpt":{"rendered":"<p>Tlaxcala y la \u201cjusticia\u201d que suma, pero no avanza En un despliegue de insensibilidad y falta de conexi\u00f3n con la realidad, la Fiscal\u00eda General de Justicia de Tlaxcala (FGJ) intenta, nuevamente, vender humo a los ciudadanos. La reciente publicaci\u00f3n en sus redes sociales, en la que \u00abpresumen\u00bb la condena del exalcalde de Zacatelco, no es [&hellip;]<\/p>\n","protected":false},"author":3,"featured_media":31936,"comment_status":"open","ping_status":"open","sticky":false,"template":"","format":"standard","meta":{"footnotes":""},"categories":[6],"tags":[],"class_list":["post-31938","post","type-post","status-publish","format-standard","has-post-thumbnail","hentry","category-opinion"],"amp_enabled":true,"_links":{"self":[{"href":"https:\/\/labestiapolitica.com.mx\/index.php?rest_route=\/wp\/v2\/posts\/31938","targetHints":{"allow":["GET"]}}],"collection":[{"href":"https:\/\/labestiapolitica.com.mx\/index.php?rest_route=\/wp\/v2\/posts"}],"about":[{"href":"https:\/\/labestiapolitica.com.mx\/index.php?rest_route=\/wp\/v2\/types\/post"}],"author":[{"embeddable":true,"href":"https:\/\/labestiapolitica.com.mx\/index.php?rest_route=\/wp\/v2\/users\/3"}],"replies":[{"embeddable":true,"href":"https:\/\/labestiapolitica.com.mx\/index.php?rest_route=%2Fwp%2Fv2%2Fcomments&post=31938"}],"version-history":[{"count":1,"href":"https:\/\/labestiapolitica.com.mx\/index.php?rest_route=\/wp\/v2\/posts\/31938\/revisions"}],"predecessor-version":[{"id":31939,"href":"https:\/\/labestiapolitica.com.mx\/index.php?rest_route=\/wp\/v2\/posts\/31938\/revisions\/31939"}],"wp:featuredmedia":[{"embeddable":true,"href":"https:\/\/labestiapolitica.com.mx\/index.php?rest_route=\/wp\/v2\/media\/31936"}],"wp:attachment":[{"href":"https:\/\/labestiapolitica.com.mx\/index.php?rest_route=%2Fwp%2Fv2%2Fmedia&parent=31938"}],"wp:term":[{"taxonomy":"category","embeddable":true,"href":"https:\/\/labestiapolitica.com.mx\/index.php?rest_route=%2Fwp%2Fv2%2Fcategories&post=31938"},{"taxonomy":"post_tag","embeddable":true,"href":"https:\/\/labestiapolitica.com.mx\/index.php?rest_route=%2Fwp%2Fv2%2Ftags&post=31938"}],"curies":[{"name":"wp","href":"https:\/\/api.w.org\/{rel}","templated":true}]}}