{"id":32443,"date":"2024-11-13T13:05:06","date_gmt":"2024-11-13T19:05:06","guid":{"rendered":"https:\/\/labestiapolitica.com.mx\/?p=32443"},"modified":"2024-11-13T13:05:06","modified_gmt":"2024-11-13T19:05:06","slug":"invade-marea-morada-calles-de-tlaxcala-con-el-medio-maraton-internacional-tlaxcala","status":"publish","type":"post","link":"https:\/\/labestiapolitica.com.mx\/?p=32443","title":{"rendered":"Invade marea morada calles de Tlaxcala con el medio marat\u00f3n internacional Tlaxcala."},"content":{"rendered":"<ul>\n<li style=\"text-align: justify;\">Activaci\u00f3n f\u00edsica para tu bienestar: M\u00e1s de mil 500 corredores participaron en la tercera edici\u00f3n de la competencia<\/li>\n<\/ul>\n<p style=\"text-align: justify;\">Desde antes de las 6:00 horas, m\u00e1s de mil 500 atletas, provenientes de diversos pa\u00edses, de otros estados de la Rep\u00fablica y de la entidad, comenzaron a llenar el primer cuadro de la ciudad, donde, puntuales a la cita, comenzaron a calentar para ser part\u00edcipes del Medio Marat\u00f3n Internacional Tlaxcallan y la carrera 5K en su tercera edici\u00f3n, una de las m\u00e1s grandes fiestas deportivas, donde a\u00f1o con a\u00f1o, corredores y corredoras de todas las edades, refrendan su esfuerzo en un trayecto lleno de retos, por su altimetr\u00eda, lo que hace a esta ruta, una de las m\u00e1s exigentes.<\/p>\n<p style=\"text-align: justify;\">El banderazo de salida ae realiz\u00f3 en punto de las 6:30 horas de la ma\u00f1ana, por parte de autoridades estatales y municipales, con la participaci\u00f3n de personas en silla de ruedas y d\u00e9biles visuales; posteriormente, a las 6:40 horas, el contingente de Medio Marat\u00f3n, hicieron lo propio en medio de gran algarab\u00eda, seguidos minutos m\u00e1s tarde por la categor\u00eda 5K, en una helada ma\u00f1ana que estuvo acobijada por la calidez de los participantes y del p\u00fablico en general, quienes apoyaron a amigas, amigos, hermanas y hermanos, esposas y esposos, para que llegaran a un mismo objetivo, a la meta.<\/p>\n<p style=\"text-align: justify;\">Es as\u00ed como las calles de Tlaxcala se inundaron de una marea morada, personas que buscaron su mejor tiempo, algunos solos, otros m\u00e1s en compa\u00f1\u00eda de sus mascotas o de sus peque\u00f1os hijos, pero siempre con una sonrisa, buscado la meta para revivir la medalla conmemorativa de esta edici\u00f3n del Medio Marat\u00f3n, organizado por el gobierno del estado, con el objetivo de promover el deporte de los habitantes.<\/p>\n<p style=\"text-align: justify;\">El premio a la y el primer tlaxcalteca en arribar a la meta en el medio marat\u00f3n fue para Jes\u00fas Nava \u00c1guila, quien por tercera ocasi\u00f3n consecutiva se llev\u00f3 tal distinci\u00f3n, y por primera ocasi\u00f3n, Elisa Hern\u00e1ndez S\u00e1nchez.<\/p>\n<p style=\"text-align: justify;\">\u201cMe siento contento por el triunfo obtenido este d\u00eda, se lo dedico a mi gente, la ruta es distinta, pero por el tiempo que hice, me mantuve en el par\u00e1metro, el nivel y pues esperamos seguir mejorando a\u00f1o con a\u00f1o, con este evento termina mi preparaci\u00f3n de este a\u00f1o\u201d, apunt\u00f3 el corredor oriundo de Contla de Juan Cuamatzi.<\/p>\n<p style=\"text-align: justify;\">De la misma manera, la denominada primer tlaxcalteca, Elisa Hern\u00e1ndez, mencion\u00f3 que \u201ces la primera vez que participo en esta carrera; la ruta estuvo un poco demandante, es parte de las cosas, me siento contenta, empec\u00e9 entrenando apenas y pues afortunadamente las cosas van mejorando; invito a los j\u00f3venes a que sean parte de alg\u00fan deporte, porque es bueno buscar una opci\u00f3n\u201d.<\/p>\n<p style=\"text-align: justify;\">En la rama femenil de ciegos y d\u00e9biles visuales, el primer lugar lo ocup\u00f3 Yaneth Tepal S\u00e1nchez, con un tiempo de 01:51:16, mientras que el segundo puesto, fue para Maribel Tolentino \u00c1ngeles, con 01:52:43; en la categor\u00eda libre femenil se subi\u00f3 al primer lugar la corredora Vianey De La Rosa Rojas, con 01:18:24, seguida por la atleta ol\u00edmpica de Par\u00eds 2024, oriunda de Toluca, Margarita Hern\u00e1ndez Flores, con 01:19:39, y en tercer lugar, la keniana Leah Kigen Jebiwot, con 01:19:55. En la categor\u00eda master, el primer lugar fue para \u00c1ngela V\u00e1squez Montes con un tiempo de 01:31:36, posteriormente, Gicela Mu\u00f1oz Guti\u00e9rrez, con 01:31:37 y el tercer lugar para Emma Ocotl\u00e1n Islas Lazcano, con 01:33:34.<\/p>\n<p style=\"text-align: justify;\">En la categor\u00eda femenil silla de ruedas, el primer lugar lo ocup\u00f3 Yeni Aide Hern\u00e1ndez Mendieta, con 01:23:46, el segundo lugar por Leticia S\u00e1nchez Morales, con 01:35:16 y el tercer lugar fue para Ariadne Hern\u00e1ndez Rodr\u00edguez, con 01:54:28. En la categor\u00eda femenil veteranos, subi\u00f3 en primer lugar Dulce Mar\u00eda Rodr\u00edguez de la Cruz, con 01:30:01, en segundo puesto, Juana Rojas Cort\u00e9s, con 01:30:57 y en tercera posici\u00f3n, Teresa Ram\u00edrez Osorio, con 01:34:33.<\/p>\n<p style=\"text-align: justify;\">En la rama varonil en categor\u00eda ciegos y d\u00e9biles visuales, el primer lugar fue para Leonardo Villafa\u00f1a Contreras, con 01:21:28, mientras el segundo lugar para David Santiago Ju\u00e1rez Ju\u00e1rez, con 01:31:20 y el tercer puesto para Rubicel Hern\u00e1ndez Garc\u00eda 01:34:10. En la libre varonil, el primer lugar fue para Jes\u00fas Nava \u00c1guila, con 01:07:35, el segundo lugar para Carlos Alberto \u00c1lvarez Salmeron, con 01:07:51 y el tercer puesto para Emmanuel \u00c1ngel Reyes Montes, con 01:08:03.<\/p>\n<p style=\"text-align: justify;\">En la categor\u00eda master varonil, el primer lugar fue para Fernando V\u00e1squez Santamaroa, con 01:12:42, seguido por Alfredo Pascual Mart\u00ednez, con 01:13:24 y en tercer lugar, Fredy Becerril Diaz, con 01:14:01. La categor\u00eda de silla de ruedas, se vio encabezada por Gonzalo Valdvinos Gonz\u00e1lez, con 58:39, el segundo lugar lo ocup\u00f3, Gerardo Ort\u00edz Cuevas, con 01:01:43 y el tercer puesto, Jos\u00e9 Alan Far\u00edas Morreno, con 01:06:31; en veteranos, varonil, fue ocupada en primer puesto por Francisco Cruz Posadas, con 01;16:24, en segundo lugar por Francisco Bautista Cuamatzi, con 01:17:45 y en tercer lugar, C\u00e9sar Javier Jim\u00e9nez Ruiz,con 01:20:10.<\/p>\n<p style=\"text-align: justify;\">\nEn la categor\u00eda juvenil, correspondiente a la Carrera 5K, un tiempo de 21:10 lleg\u00f3 Sury Pascual Padilla, ganadora de la categor\u00eda femenil juvenil 5k, seguida por Aislinn Abril Rojas Zamora, en segundo lugar con un tiempo de 21:48 y en tercer puesto, Nisi Yejyektsi Bautista S\u00e1nchez, con un tiempo de 21:49 minutos.<\/p>\n<p style=\"text-align: justify;\">En la categor\u00eda varonil 5k, juvenil, el primer lugar lo obtuvo Orlando Manuel Mart\u00ednez con un tiempo de 18:47; el segundo lugar Orlando Rodr\u00edguez George, con un tiempo de 18:56 y Cristopher Flores Bonilla, con 19:09 minutos.<\/p>\n<p style=\"text-align: justify;\">La ruta de los Atletas abarc\u00f3 desde Avenida Benito Ju\u00e1rez, Boulevard Guillermo Valle, Calle Lira y Ortega, Avenida Miguel Lardiz\u00e1bal y Uribe hasta el Museo de Artesan\u00edas.<br \/>\nTambi\u00e9n pas\u00f3 por Boulevard Mariano S\u00e1nchez hasta las Escalinatas, Avenida Vicente Guerrero, Boulevard Tepehitec hasta la Central de Autobuses, Libramiento Instituto Polit\u00e9cnico Nacional y Avenida Polit\u00e9cnico, pasando por la Carretera Federal Puebla-Tlaxcala.<\/p>\n<p style=\"text-align: justify;\">La ruta fue resguardada por Seguridad Estatal, Guardia Nacional y elementos de Seguridad Municipal de Tlaxcala y Tepeyanco, Protecci\u00f3n Civil y miembros de Cruz Roja Tlaxcala.<\/p>\n<p style=\"text-align: justify;\">\n<p style=\"text-align: justify;\"><img loading=\"lazy\" decoding=\"async\" class=\"alignnone size-full wp-image-28405\" src=\"https:\/\/labestiapolitica.com.mx\/wp-content\/uploads\/2024\/06\/U-NOVA-y-se-diferente.png\" alt=\"\" width=\"1000\" height=\"600\" srcset=\"https:\/\/labestiapolitica.com.mx\/wp-content\/uploads\/2024\/06\/U-NOVA-y-se-diferente.png 1000w, https:\/\/labestiapolitica.com.mx\/wp-content\/uploads\/2024\/06\/U-NOVA-y-se-diferente-300x180.png 300w, https:\/\/labestiapolitica.com.mx\/wp-content\/uploads\/2024\/06\/U-NOVA-y-se-diferente-768x461.png 768w\" sizes=\"auto, (max-width: 1000px) 100vw, 1000px\" \/><\/p>\n","protected":false},"excerpt":{"rendered":"<p>Activaci\u00f3n f\u00edsica para tu bienestar: M\u00e1s de mil 500 corredores participaron en la tercera edici\u00f3n de la competencia Desde antes de las 6:00 horas, m\u00e1s de mil 500 atletas, provenientes de diversos pa\u00edses, de otros estados de la Rep\u00fablica y de la entidad, comenzaron a llenar el primer cuadro de la ciudad, donde, puntuales a [&hellip;]<\/p>\n","protected":false},"author":3,"featured_media":32444,"comment_status":"open","ping_status":"open","sticky":false,"template":"","format":"standard","meta":{"footnotes":""},"categories":[5],"tags":[],"class_list":["post-32443","post","type-post","status-publish","format-standard","has-post-thumbnail","hentry","category-deportes"],"amp_enabled":true,"_links":{"self":[{"href":"https:\/\/labestiapolitica.com.mx\/index.php?rest_route=\/wp\/v2\/posts\/32443","targetHints":{"allow":["GET"]}}],"collection":[{"href":"https:\/\/labestiapolitica.com.mx\/index.php?rest_route=\/wp\/v2\/posts"}],"about":[{"href":"https:\/\/labestiapolitica.com.mx\/index.php?rest_route=\/wp\/v2\/types\/post"}],"author":[{"embeddable":true,"href":"https:\/\/labestiapolitica.com.mx\/index.php?rest_route=\/wp\/v2\/users\/3"}],"replies":[{"embeddable":true,"href":"https:\/\/labestiapolitica.com.mx\/index.php?rest_route=%2Fwp%2Fv2%2Fcomments&post=32443"}],"version-history":[{"count":1,"href":"https:\/\/labestiapolitica.com.mx\/index.php?rest_route=\/wp\/v2\/posts\/32443\/revisions"}],"predecessor-version":[{"id":32445,"href":"https:\/\/labestiapolitica.com.mx\/index.php?rest_route=\/wp\/v2\/posts\/32443\/revisions\/32445"}],"wp:featuredmedia":[{"embeddable":true,"href":"https:\/\/labestiapolitica.com.mx\/index.php?rest_route=\/wp\/v2\/media\/32444"}],"wp:attachment":[{"href":"https:\/\/labestiapolitica.com.mx\/index.php?rest_route=%2Fwp%2Fv2%2Fmedia&parent=32443"}],"wp:term":[{"taxonomy":"category","embeddable":true,"href":"https:\/\/labestiapolitica.com.mx\/index.php?rest_route=%2Fwp%2Fv2%2Fcategories&post=32443"},{"taxonomy":"post_tag","embeddable":true,"href":"https:\/\/labestiapolitica.com.mx\/index.php?rest_route=%2Fwp%2Fv2%2Ftags&post=32443"}],"curies":[{"name":"wp","href":"https:\/\/api.w.org\/{rel}","templated":true}]}}