{"id":32447,"date":"2024-11-13T13:17:54","date_gmt":"2024-11-13T19:17:54","guid":{"rendered":"https:\/\/labestiapolitica.com.mx\/?p=32447"},"modified":"2024-11-13T13:17:54","modified_gmt":"2024-11-13T19:17:54","slug":"exitosa-entrega-de-kits-del-medio-maraton-internacional-tlaxcala-y-carrera-5k","status":"publish","type":"post","link":"https:\/\/labestiapolitica.com.mx\/?p=32447","title":{"rendered":"Exitosa entrega de kits del medio marat\u00f3n internacional Tlaxcala y carrera 5k."},"content":{"rendered":"<p style=\"text-align: justify;\"><span style=\"text-align: justify;\">Mas de mil 500 personas arribaron a la Ciudad Deportiva para la entrega recepci\u00f3n de sus kits.<\/span><\/p>\n<p style=\"text-align: justify;\">Con motivo del Medio Marat\u00f3n Internacional Tlaxcallan y Carrera 5K, que se celebrar\u00e1 este 10 de noviembre en la capital de Tlaxcala, se llev\u00f3 a cabo la entrega de kits en las instalaciones de la Ciudad Deportiva, en Apizaco, para las y los atletas que participar\u00e1n en esta fiesta deportiva que, a\u00f1o con a\u00f1o, re\u00fane a m\u00e1s de mil 500 corredores provenientes de diferentes pa\u00edses y estados de la Rep\u00fablica mexicana, as\u00ed como de la entidad.<\/p>\n<p style=\"text-align: justify;\">Esta carrera forma parte de los eventos internacionales que se han desarrollado en la entidad, acciones que se integran a la pol\u00edtica social del gobierno que encabeza Lorena Cu\u00e9llar Cisneros, en pro del bientar de las familias tlaxcaltecas.<\/p>\n<p style=\"text-align: justify;\">En un horario de 9:00 a 17:00 horas, m\u00e1s de mil 500 personas arribaron con su documentaci\u00f3n en regla para llevarse su playera conmemorativa de esta tercera edici\u00f3n \u00abOcotelulco\u00bb, su n\u00famero de participante y chip.<\/p>\n<p style=\"text-align: justify;\">Durante este evento, tambi\u00e9n los participantes visitaron los stands de ventas de art\u00edculos alusivos para correr, como rompevientos, lentes de sol, tenis, calcetas, suplementos alimenticios, entre otros; adem\u00e1s, la zona de stands cont\u00f3 con ofertas educativas y un kiosco de informaci\u00f3n para la inscripci\u00f3n al nuevo Centro Acu\u00e1tico.<\/p>\n<p style=\"text-align: justify;\">En opini\u00f3n de algunos participantes provenientes de otros estados como Veracruz y Ciudad de M\u00e9xico, y de pa\u00edses como Kenia, que participaron en ediciones anteriores, la ruta tlaxcalteca es atractiva gracias a sus inclinaciones tanto en subidas y bajadas durante su recorrido.<\/p>\n<p style=\"text-align: justify;\">\u00abTlaxcala es buena porque la carrera es dif\u00edcil, tiene muchas subidas, es un reto, en el 2023 tuve el segundo lugar\u00bb, dijo Lia Kighan, quien participa desde la primera edici\u00f3n de este marat\u00f3n, proveniente de Kenia.<\/p>\n<p style=\"text-align: justify;\">Tambi\u00e9n se cont\u00f3 con la presencia de la atleta ol\u00edmpica de Par\u00eds 2024, Margarita Hern\u00e1ndez, quien en las pasadas ediciones ha obtenido los primeros lugares, por lo que en este a\u00f1o buscar\u00e1 refrendar su puesto en el podio.<\/p>\n<p style=\"text-align: justify;\">\u00abEste es un evento importante. Es una fecha que tenemos contemplada y, en base a eso, hacemos el programa de entrenamiento. Adem\u00e1s, este evento siempre va a sumar en la preparaci\u00f3n de los deportistas para hacer evaluaciones de c\u00f3mo avanzamos en el entrenamiento\u00bb, apunt\u00f3.<\/p>\n<p style=\"text-align: justify;\">La carrera comenzar\u00e1 este domingo con salida en el parque Constituci\u00f3n de la ciudad de Tlaxcala, desde las 6:30 horas, con la categor\u00eda de personas en silla de ruedas y d\u00e9biles visuales; seguido a las 6:40 horas por las categor\u00edas del medio marat\u00f3n y finalmente, a las 6:55 horas, con las categor\u00edas de la carrera 5K.<\/p>\n<p style=\"text-align: justify;\">El recorrido cuenta con servicio m\u00e9dico, as\u00ed como la participaci\u00f3n de elementos de seguridad y puntos de hidrataci\u00f3n en el estadio Tlahuicole, el Sindicato Nacional de Trabajadores de la Educaci\u00f3n (SNTE), el puente libramiento, el retorno de Tepeyanco y la meta en el parque de Tlaxcala.<\/p>\n<p style=\"text-align: justify;\">Para conocer los cierres viales se recomienda visitar las p\u00e1ginas oficiales de este evento.<\/p>\n<p style=\"text-align: justify;\"><img loading=\"lazy\" decoding=\"async\" class=\"alignnone size-full wp-image-28405\" src=\"https:\/\/labestiapolitica.com.mx\/wp-content\/uploads\/2024\/06\/U-NOVA-y-se-diferente.png\" alt=\"\" width=\"1000\" height=\"600\" srcset=\"https:\/\/labestiapolitica.com.mx\/wp-content\/uploads\/2024\/06\/U-NOVA-y-se-diferente.png 1000w, https:\/\/labestiapolitica.com.mx\/wp-content\/uploads\/2024\/06\/U-NOVA-y-se-diferente-300x180.png 300w, https:\/\/labestiapolitica.com.mx\/wp-content\/uploads\/2024\/06\/U-NOVA-y-se-diferente-768x461.png 768w\" sizes=\"auto, (max-width: 1000px) 100vw, 1000px\" \/><\/p>\n","protected":false},"excerpt":{"rendered":"<p>Mas de mil 500 personas arribaron a la Ciudad Deportiva para la entrega recepci\u00f3n de sus kits. Con motivo del Medio Marat\u00f3n Internacional Tlaxcallan y Carrera 5K, que se celebrar\u00e1 este 10 de noviembre en la capital de Tlaxcala, se llev\u00f3 a cabo la entrega de kits en las instalaciones de la Ciudad Deportiva, en [&hellip;]<\/p>\n","protected":false},"author":3,"featured_media":32450,"comment_status":"open","ping_status":"open","sticky":false,"template":"","format":"standard","meta":{"footnotes":""},"categories":[5],"tags":[],"class_list":["post-32447","post","type-post","status-publish","format-standard","has-post-thumbnail","hentry","category-deportes"],"amp_enabled":true,"_links":{"self":[{"href":"https:\/\/labestiapolitica.com.mx\/index.php?rest_route=\/wp\/v2\/posts\/32447","targetHints":{"allow":["GET"]}}],"collection":[{"href":"https:\/\/labestiapolitica.com.mx\/index.php?rest_route=\/wp\/v2\/posts"}],"about":[{"href":"https:\/\/labestiapolitica.com.mx\/index.php?rest_route=\/wp\/v2\/types\/post"}],"author":[{"embeddable":true,"href":"https:\/\/labestiapolitica.com.mx\/index.php?rest_route=\/wp\/v2\/users\/3"}],"replies":[{"embeddable":true,"href":"https:\/\/labestiapolitica.com.mx\/index.php?rest_route=%2Fwp%2Fv2%2Fcomments&post=32447"}],"version-history":[{"count":1,"href":"https:\/\/labestiapolitica.com.mx\/index.php?rest_route=\/wp\/v2\/posts\/32447\/revisions"}],"predecessor-version":[{"id":32451,"href":"https:\/\/labestiapolitica.com.mx\/index.php?rest_route=\/wp\/v2\/posts\/32447\/revisions\/32451"}],"wp:featuredmedia":[{"embeddable":true,"href":"https:\/\/labestiapolitica.com.mx\/index.php?rest_route=\/wp\/v2\/media\/32450"}],"wp:attachment":[{"href":"https:\/\/labestiapolitica.com.mx\/index.php?rest_route=%2Fwp%2Fv2%2Fmedia&parent=32447"}],"wp:term":[{"taxonomy":"category","embeddable":true,"href":"https:\/\/labestiapolitica.com.mx\/index.php?rest_route=%2Fwp%2Fv2%2Fcategories&post=32447"},{"taxonomy":"post_tag","embeddable":true,"href":"https:\/\/labestiapolitica.com.mx\/index.php?rest_route=%2Fwp%2Fv2%2Ftags&post=32447"}],"curies":[{"name":"wp","href":"https:\/\/api.w.org\/{rel}","templated":true}]}}