{"id":34550,"date":"2025-01-07T18:08:23","date_gmt":"2025-01-08T00:08:23","guid":{"rendered":"https:\/\/labestiapolitica.com.mx\/?p=34550"},"modified":"2025-01-09T20:45:27","modified_gmt":"2025-01-10T02:45:27","slug":"reforzara-cedht-colaboracion-con-instituciones-publicas-para-la-difusion-promocion-y-defensa-de-los-ddhh","status":"publish","type":"post","link":"https:\/\/labestiapolitica.com.mx\/?p=34550","title":{"rendered":"Reforzar\u00e1 CEDHT colaboraci\u00f3n con instituciones p\u00fablicas para la difusi\u00f3n, promoci\u00f3n y defensa de los DDHH"},"content":{"rendered":"<p style=\"text-align: justify;\">| Estatal | #DerechosHumanosTlaxcala | JeSerch Mej\u00eda<\/p>\n<p style=\"text-align: justify;\"><i><span data-contrast=\"auto\">En 2025 este organismo aut\u00f3nomo mantendr\u00e1 su cercan\u00eda con toda poblaci\u00f3n<\/span><\/i><span data-ccp-props=\"{&quot;335551550&quot;:6,&quot;335551620&quot;:6}\">\u00a0<\/span><\/p>\n<p style=\"text-align: justify;\"><span data-contrast=\"auto\">Para continuar con su labor y acercar m\u00e1s sus servicios a la poblaci\u00f3n en general, la Comisi\u00f3n Estatal de Derechos Humanos de Tlaxcala (CEDHT), reforzar\u00e1 el trabajo colaborativo con todas las instituciones de car\u00e1cter p\u00fablico, para difundir, promover y defender los derechos humanos de todas las personas.<\/span><span data-ccp-props=\"{&quot;335551550&quot;:6,&quot;335551620&quot;:6}\">\u00a0<\/span><\/p>\n<p style=\"text-align: justify;\"><span data-contrast=\"auto\">La Ombudsperson, Jakqueline Ordo\u00f1ez Brasdefer, enunci\u00f3 la necesidad colaborar con las instituciones, para que, a trav\u00e9s de las personas servidoras p\u00fablicas se trabaje con una perspectiva de derechos humanos, para que sea la poblaci\u00f3n quien exija esta din\u00e1mica, con lo cual se pueden evitar vulneraciones a los derechos de todas las personas.<\/span><span data-ccp-props=\"{&quot;335551550&quot;:6,&quot;335551620&quot;:6}\">\u00a0<\/span><\/p>\n<p style=\"text-align: justify;\"><span data-contrast=\"auto\">Agreg\u00f3 que el Consejo consultivo del organismo aut\u00f3nomo ha procurado que todo el personal que labora en oficinas centrales, las visitadur\u00edas y las defensor\u00edas tengan la capacitaci\u00f3n necesaria para dar la atenci\u00f3n adecuada a quienes acuden a la instituci\u00f3n en b\u00fasqueda de asesor\u00eda, acompa\u00f1amiento o cualquiera de los servicios que ofrece esta instituci\u00f3n.<\/span><span data-ccp-props=\"{&quot;335551550&quot;:6,&quot;335551620&quot;:6}\">\u00a0<\/span><\/p>\n<p style=\"text-align: justify;\"><span data-contrast=\"auto\">Record\u00f3 que la actual administraci\u00f3n de la CEDHT ha buscado acercamiento con los 60 municipios de la entidad, con todas las instituciones p\u00fablicas e incluso con el sector empresarial para la difusi\u00f3n y promoci\u00f3n de los derechos humanos.<\/span><span data-ccp-props=\"{&quot;335551550&quot;:6,&quot;335551620&quot;:6}\">\u00a0<\/span><\/p>\n<p style=\"text-align: justify;\"><span data-contrast=\"auto\">Por lo que indic\u00f3 que mantendr\u00e1 el trabajo constante para reforzar esa colaboraci\u00f3n y consolidar a la CEDHT para seguir cumpliendo su obligaci\u00f3n en materia de protecci\u00f3n, observancia, promoci\u00f3n, estudio y divulgaci\u00f3n de los derechos humanos de quienes viven o transitan por el territorio estatal.<\/span><span data-ccp-props=\"{&quot;335551550&quot;:6,&quot;335551620&quot;:6}\">\u00a0<\/span><\/p>\n<p><span data-ccp-props=\"{&quot;201341983&quot;:0,&quot;335551550&quot;:3,&quot;335551620&quot;:3,&quot;335559739&quot;:0,&quot;335559740&quot;:240}\">\u00a0<\/span><\/p>\n","protected":false},"excerpt":{"rendered":"<p>| Estatal | #DerechosHumanosTlaxcala | JeSerch Mej\u00eda En 2025 este organismo aut\u00f3nomo mantendr\u00e1 su cercan\u00eda con toda poblaci\u00f3n\u00a0 Para continuar con su labor y acercar m\u00e1s sus servicios a la poblaci\u00f3n en general, la Comisi\u00f3n Estatal de Derechos Humanos de Tlaxcala (CEDHT), reforzar\u00e1 el trabajo colaborativo con todas las instituciones de car\u00e1cter p\u00fablico, para difundir, [&hellip;]<\/p>\n","protected":false},"author":3,"featured_media":34551,"comment_status":"open","ping_status":"open","sticky":false,"template":"","format":"standard","meta":{"footnotes":""},"categories":[12,232],"tags":[],"class_list":["post-34550","post","type-post","status-publish","format-standard","has-post-thumbnail","hentry","category-brujula-2026","category-derechos-humanos-tlaxcala"],"amp_enabled":true,"_links":{"self":[{"href":"https:\/\/labestiapolitica.com.mx\/index.php?rest_route=\/wp\/v2\/posts\/34550","targetHints":{"allow":["GET"]}}],"collection":[{"href":"https:\/\/labestiapolitica.com.mx\/index.php?rest_route=\/wp\/v2\/posts"}],"about":[{"href":"https:\/\/labestiapolitica.com.mx\/index.php?rest_route=\/wp\/v2\/types\/post"}],"author":[{"embeddable":true,"href":"https:\/\/labestiapolitica.com.mx\/index.php?rest_route=\/wp\/v2\/users\/3"}],"replies":[{"embeddable":true,"href":"https:\/\/labestiapolitica.com.mx\/index.php?rest_route=%2Fwp%2Fv2%2Fcomments&post=34550"}],"version-history":[{"count":2,"href":"https:\/\/labestiapolitica.com.mx\/index.php?rest_route=\/wp\/v2\/posts\/34550\/revisions"}],"predecessor-version":[{"id":34553,"href":"https:\/\/labestiapolitica.com.mx\/index.php?rest_route=\/wp\/v2\/posts\/34550\/revisions\/34553"}],"wp:featuredmedia":[{"embeddable":true,"href":"https:\/\/labestiapolitica.com.mx\/index.php?rest_route=\/wp\/v2\/media\/34551"}],"wp:attachment":[{"href":"https:\/\/labestiapolitica.com.mx\/index.php?rest_route=%2Fwp%2Fv2%2Fmedia&parent=34550"}],"wp:term":[{"taxonomy":"category","embeddable":true,"href":"https:\/\/labestiapolitica.com.mx\/index.php?rest_route=%2Fwp%2Fv2%2Fcategories&post=34550"},{"taxonomy":"post_tag","embeddable":true,"href":"https:\/\/labestiapolitica.com.mx\/index.php?rest_route=%2Fwp%2Fv2%2Ftags&post=34550"}],"curies":[{"name":"wp","href":"https:\/\/api.w.org\/{rel}","templated":true}]}}