{"id":35387,"date":"2025-01-22T13:07:58","date_gmt":"2025-01-22T19:07:58","guid":{"rendered":"https:\/\/labestiapolitica.com.mx\/?p=35387"},"modified":"2025-01-22T13:07:58","modified_gmt":"2025-01-22T19:07:58","slug":"anabell-avalos-exhorta-al-gobierno-federal-a-proteger-el-precio-de-la-tortilla","status":"publish","type":"post","link":"https:\/\/labestiapolitica.com.mx\/?p=35387","title":{"rendered":"Anabell \u00c1valos Exhorta al Gobierno Federal a Proteger el Precio de la Tortilla"},"content":{"rendered":"<p style=\"text-align: justify;\">La Senadora Anabell \u00c1valos, como parte del Grupo Parlamentario del PRI, present\u00f3 un punto de acuerdo para exhortar al gobierno federal a implementar un subsidio a la industria de la tortilla, con el objetivo de estabilizar su precio y garantizar que este alimento esencial siga siendo accesible para todos los hogares mexicanos.<\/p>\n<p style=\"text-align: justify;\">Adem\u00e1s de proteger la econom\u00eda de las familias m\u00e1s vulnerables, esta medida busca apoyar a m\u00e1s de 130 mil tortiller\u00edas que enfrentan dificultades por los crecientes costos de producci\u00f3n y el monopolio de la industria harinera.<\/p>\n<p style=\"text-align: justify;\">\u00abEs inaceptable que el costo de la tortilla, un s\u00edmbolo de nuestra identidad y cultura, pueda alcanzar hasta los 32 pesos por kilo. No permitiremos que esto afecte a\u00fan m\u00e1s a quienes ya enfrentan retos econ\u00f3micos,\u00bb se\u00f1al\u00f3 la Senadora.<\/p>\n<p style=\"text-align: justify;\">\u00c1valos reafirma su compromiso de trabajar desde el Senado para garantizar el bienestar de las familias mexicanas. #PRImeroLasFamilias<\/p>\n","protected":false},"excerpt":{"rendered":"<p>La Senadora Anabell \u00c1valos, como parte del Grupo Parlamentario del PRI, present\u00f3 un punto de acuerdo para exhortar al gobierno federal a implementar un subsidio a la industria de la tortilla, con el objetivo de estabilizar su precio y garantizar que este alimento esencial siga siendo accesible para todos los hogares mexicanos. Adem\u00e1s de proteger [&hellip;]<\/p>\n","protected":false},"author":3,"featured_media":35388,"comment_status":"open","ping_status":"open","sticky":false,"template":"","format":"standard","meta":{"footnotes":""},"categories":[230],"tags":[],"class_list":["post-35387","post","type-post","status-publish","format-standard","has-post-thumbnail","hentry","category-senado-de-mexico"],"amp_enabled":true,"_links":{"self":[{"href":"https:\/\/labestiapolitica.com.mx\/index.php?rest_route=\/wp\/v2\/posts\/35387","targetHints":{"allow":["GET"]}}],"collection":[{"href":"https:\/\/labestiapolitica.com.mx\/index.php?rest_route=\/wp\/v2\/posts"}],"about":[{"href":"https:\/\/labestiapolitica.com.mx\/index.php?rest_route=\/wp\/v2\/types\/post"}],"author":[{"embeddable":true,"href":"https:\/\/labestiapolitica.com.mx\/index.php?rest_route=\/wp\/v2\/users\/3"}],"replies":[{"embeddable":true,"href":"https:\/\/labestiapolitica.com.mx\/index.php?rest_route=%2Fwp%2Fv2%2Fcomments&post=35387"}],"version-history":[{"count":1,"href":"https:\/\/labestiapolitica.com.mx\/index.php?rest_route=\/wp\/v2\/posts\/35387\/revisions"}],"predecessor-version":[{"id":35389,"href":"https:\/\/labestiapolitica.com.mx\/index.php?rest_route=\/wp\/v2\/posts\/35387\/revisions\/35389"}],"wp:featuredmedia":[{"embeddable":true,"href":"https:\/\/labestiapolitica.com.mx\/index.php?rest_route=\/wp\/v2\/media\/35388"}],"wp:attachment":[{"href":"https:\/\/labestiapolitica.com.mx\/index.php?rest_route=%2Fwp%2Fv2%2Fmedia&parent=35387"}],"wp:term":[{"taxonomy":"category","embeddable":true,"href":"https:\/\/labestiapolitica.com.mx\/index.php?rest_route=%2Fwp%2Fv2%2Fcategories&post=35387"},{"taxonomy":"post_tag","embeddable":true,"href":"https:\/\/labestiapolitica.com.mx\/index.php?rest_route=%2Fwp%2Fv2%2Ftags&post=35387"}],"curies":[{"name":"wp","href":"https:\/\/api.w.org\/{rel}","templated":true}]}}